{"id":451894,"date":"2022-03-15T13:47:07","date_gmt":"2022-03-15T10:47:07","guid":{"rendered":"http:\/\/arantv.az\/?p=451894"},"modified":"2022-03-15T13:47:07","modified_gmt":"2022-03-15T10:47:07","slug":"novruz-milli-v%c9%99-m%c9%99d%c9%99ni-irsimizdir","status":"publish","type":"post","link":"https:\/\/arantv.az\/?p=451894","title":{"rendered":"Novruz milli v\u0259 m\u0259d\u0259ni irsimizdir"},"content":{"rendered":"<p>Novruz \u00fcmumxalq bayram\u0131 kimi uzun \u0259srl\u0259rd\u0259n b\u0259ri yurdumuzun h\u0259r bir gu\u015f\u0259sind\u0259 m\u00fcxt\u0259lif el \u015f\u0259nlikl\u0259ri v\u0259 m\u0259rasiml\u0259rl\u0259 qar\u015f\u0131lan\u0131r.<\/p>\n<p>Q\u0259dim d\u00f6vrl\u0259rd\u0259n Odlar Yurdunun sakinl\u0259ri bahar\u0131n g\u0259li\u015fini, yeni g\u00fcn &#8211; Novruz bayram\u0131 kimi qeyd etmi\u015fl\u0259r. Az\u0259rbaycan\u0131n \u0259n q\u0259dim m\u0259d\u0259niyy\u0259t d\u00f6vr\u00fcn\u0259 aid olan Novruz ulu babalar\u0131m\u0131z\u0131n ya\u015fad\u0131\u011f\u0131 zamanlardan ba\u015flayaraq, xalq\u0131m\u0131z\u0131n h\u0259yat\u0131nda unudulmaz bir yer tutmu\u015fdur. Az\u0259rbaycan bu bayram\u0131 h\u0259mi\u015f\u0259 dig\u0259r bayramlardan \u00fcst\u00fcn tutmu\u015fdur.<\/p>\n<p>Ana t\u0259bi\u0259t\u0259 sonsuz sevginin parlaq ifad\u0259si olan bu bayram\u0131n q\u0259dim \u0259n\u0259n\u0259l\u0259rinin b\u00fct\u00fcn r\u0259ngar\u0259ngliyi il\u0259 qorunub saxlan\u0131lmas\u0131 Az\u0259rbaycan xalq\u0131n\u0131n \u00f6z tarixi-m\u0259d\u0259ni ke\u00e7mi\u015fin\u0259 y\u00fcks\u0259k ehtiram\u0131n\u0131 v\u0259 milli-m\u0259n\u0259vi d\u0259y\u0259rl\u0259r\u0259 d\u0259rin ba\u011fl\u0131l\u0131\u011f\u0131n\u0131 n\u00fcmayi\u015f etdirir.<\/p>\n<p>Az\u0259rbaycan\u0131 q\u0259dim sivilizasiyan\u0131n m\u0259rk\u0259zl\u0259rind\u0259n biri kimi tan\u0131dan misilsiz d\u0259y\u0259rl\u0259rimiz s\u0131ras\u0131nda m\u00fcq\u0259dd\u0259s Novruz \u0259n\u0259n\u0259l\u0259ri m\u00fcst\u0259sna m\u00f6vqey\u0259 malikdir.<\/p>\n<p>Az\u0259rbaycan Respublikas\u0131n\u0131n Birinci Vitse-prezidenti Mehriban xan\u0131m \u018fliyevav\u0131n\u0131n t\u0259\u015f\u0259bb\u00fcs\u00fc v\u0259 yorulmaz f\u0259aliyy\u0259ti n\u0259tic\u0259sind\u0259 2009-cu il sentyabr\u0131n 30-da Novruz bayram\u0131 YUNESKO t\u0259r\u0259find\u0259n qeyri-maddi m\u0259d\u0259ni irs siyah\u0131s\u0131na daxil edilmi\u015f, eyni zamanda 23 fevral 2010-cu ild\u0259 is\u0259 BMT Ba\u015f Assambleyas\u0131n\u0131n 64-c\u00fc sessiyas\u0131n\u0131n iclas\u0131nda mart ay\u0131n\u0131n 21-i &#8220;Beyn\u0259lxalq Novruz G\u00fcn\u00fc&#8221; elan edilmi\u015fdir.<\/p>\n<p>H\u0259l\u0259 1998-ci ild\u0259 ke\u00e7iril\u0259n Novruz \u015f\u0259nliyind\u0259 ulu \u00f6nd\u0259r Heyd\u0259r \u018fliyev \u00f6z t\u0259brik nitqind\u0259 yax\u0131n g\u0259l\u0259c\u0259kd\u0259 Novruz bayram\u0131n\u0131n i\u015f\u011fal olunmu\u015f \u0259razil\u0259rimizd\u0259 ke\u00e7iril\u0259c\u0259yini bildirmi\u015fdir v\u0259 bu arzu, ist\u0259k M\u00fcz\u0259ff\u0259r Ali Ba\u015f Komandan\u0131m\u0131z c\u0259nab \u0130lham \u018fliyevin q\u0259tiyy\u0259ti v\u0259 \u0259zmkarl\u0131\u011f\u0131 say\u0259sind\u0259 ger\u00e7\u0259kl\u0259\u015fdi, 44 g\u00fcnl\u00fck \u015fanl\u0131 V\u0259t\u0259n M\u00fcharib\u0259sind\u0259 torpaqlar\u0131m\u0131z d\u00fc\u015fm\u0259n tapda\u011f\u0131ndan azad edildi.<\/p>\n<p>B\u00f6y\u00fck q\u00fcrur hissi il\u0259 dey\u0259 bil\u0259rik ki, art\u0131q Novruz tonqallar\u0131m\u0131z \u015eu\u015fada, A\u011fdamda, La\u00e7\u0131nda, Qubadl\u0131da v\u0259 dig\u0259r i\u015f\u011faldan azad olunan \u0259razil\u0259rimizd\u0259 qeyd olunur. Bu q\u0259l\u0259b\u0259ni bizl\u0259r\u0259 ya\u015fadan \u015f\u0259hidl\u0259rimiz\u0259 Allahdan r\u0259hm\u0259t dil\u0259yirik, qazil\u0259rimiz\u0259 is\u0259 cansa\u011fl\u0131\u011f\u0131 arzulay\u0131r\u0131q.<\/p>\n<p>Qoy bu bayram h\u0259r ail\u0259y\u0259 bol ruzi-b\u0259r\u0259k\u0259t v\u0259 xo\u015f ovqat g\u0259tirsin!<\/p>\n<p>Novruz bayram\u0131n\u0131z m\u00fcbar\u0259k olsun!<\/p>\n<p><strong>Mansur Quliyev,<\/strong><\/p>\n<p><em>YAP A\u011fdam rayon t\u0259\u015fkilat\u0131n\u0131n s\u0259dri<\/em><\/p>\n","protected":false},"excerpt":{"rendered":"<p>Novruz \u00fcmumxalq bayram\u0131 kimi uzun \u0259srl\u0259rd\u0259n b\u0259ri yurdumuzun h\u0259r bir gu\u015f\u0259sind\u0259 m\u00fcxt\u0259lif el \u015f\u0259nlikl\u0259ri v\u0259 m\u0259rasiml\u0259rl\u0259 qar\u015f\u0131lan\u0131r. Q\u0259dim d\u00f6vrl\u0259rd\u0259n Odlar Yurdunun sakinl\u0259ri bahar\u0131n g\u0259li\u015fini, yeni g\u00fcn &#8211; Novruz bayram\u0131 kimi qeyd etmi\u015fl\u0259r. Az\u0259rbaycan\u0131n \u0259n q\u0259dim m\u0259d\u0259niyy\u0259t d\u00f6vr\u00fcn\u0259 aid olan Novruz ulu babalar\u0131m\u0131z\u0131n ya\u015fad\u0131\u011f\u0131 zamanlardan ba\u015flayaraq, xalq\u0131m\u0131z\u0131n h\u0259yat\u0131nda unudulmaz bir yer tutmu\u015fdur. Az\u0259rbaycan bu bayram\u0131 h\u0259mi\u015f\u0259 dig\u0259r bayramlardan \u00fcst\u00fcn tutmu\u015fdur. Ana t\u0259bi\u0259t\u0259 sonsuz sevginin parlaq ifad\u0259si olan bu bayram\u0131n q\u0259dim \u0259n\u0259n\u0259l\u0259rinin b\u00fct\u00fcn r\u0259ngar\u0259ngliyi il\u0259 qorunub saxlan\u0131lmas\u0131 Az\u0259rbaycan xalq\u0131n\u0131n \u00f6z tarixi-m\u0259d\u0259ni ke\u00e7mi\u015fin\u0259 y\u00fcks\u0259k ehtiram\u0131n\u0131 v\u0259 milli-m\u0259n\u0259vi d\u0259y\u0259rl\u0259r\u0259 d\u0259rin ba\u011fl\u0131l\u0131\u011f\u0131n\u0131 n\u00fcmayi\u015f etdirir. Az\u0259rbaycan\u0131&hellip;<\/p>\n","protected":false},"author":2,"featured_media":451895,"comment_status":"closed","ping_status":"closed","sticky":false,"template":"","format":"standard","meta":{"om_disable_all_campaigns":false,"_monsterinsights_skip_tracking":false,"_monsterinsights_sitenote_active":false,"_monsterinsights_sitenote_note":"","_monsterinsights_sitenote_category":0},"categories":[2],"tags":[],"aioseo_notices":[],"gutentor_comment":0,"rttpg_featured_image_url":{"full":["https:\/\/arantv.az\/wp-content\/uploads\/2022\/03\/7ec12aa9164733277081313922810747985.jpg",975,540,false],"landscape":["https:\/\/arantv.az\/wp-content\/uploads\/2022\/03\/7ec12aa9164733277081313922810747985.jpg",975,540,false],"portraits":["https:\/\/arantv.az\/wp-content\/uploads\/2022\/03\/7ec12aa9164733277081313922810747985.jpg",975,540,false],"thumbnail":["https:\/\/arantv.az\/wp-content\/uploads\/2022\/03\/7ec12aa9164733277081313922810747985-500x280.jpg",500,280,true],"medium":["https:\/\/arantv.az\/wp-content\/uploads\/2022\/03\/7ec12aa9164733277081313922810747985-660x365.jpg",660,365,true],"large":["https:\/\/arantv.az\/wp-content\/uploads\/2022\/03\/7ec12aa9164733277081313922810747985-840x465.jpg",640,354,true],"1536x1536":["https:\/\/arantv.az\/wp-content\/uploads\/2022\/03\/7ec12aa9164733277081313922810747985.jpg",975,540,false],"2048x2048":["https:\/\/arantv.az\/wp-content\/uploads\/2022\/03\/7ec12aa9164733277081313922810747985.jpg",975,540,false],"post-thumbnail":["https:\/\/arantv.az\/wp-content\/uploads\/2022\/03\/7ec12aa9164733277081313922810747985-240x172.jpg",240,172,true],"advps-thumb-one":["https:\/\/arantv.az\/wp-content\/uploads\/2022\/03\/7ec12aa9164733277081313922810747985.jpg",975,540,false]},"rttpg_author":{"display_name":"V\u00fcsal Rafiqo\u011flu","author_link":"https:\/\/arantv.az\/?author=2"},"rttpg_comment":0,"rttpg_category":"<a href=\"https:\/\/arantv.az\/?cat=2\" rel=\"category\">Region X\u0259b\u0259rl\u0259ri<\/a>","rttpg_excerpt":"Novruz \u00fcmumxalq bayram\u0131 kimi uzun \u0259srl\u0259rd\u0259n b\u0259ri yurdumuzun h\u0259r bir gu\u015f\u0259sind\u0259 m\u00fcxt\u0259lif el \u015f\u0259nlikl\u0259ri v\u0259 m\u0259rasiml\u0259rl\u0259 qar\u015f\u0131lan\u0131r. Q\u0259dim d\u00f6vrl\u0259rd\u0259n Odlar Yurdunun sakinl\u0259ri bahar\u0131n g\u0259li\u015fini, yeni g\u00fcn &#8211; Novruz bayram\u0131 kimi qeyd etmi\u015fl\u0259r. Az\u0259rbaycan\u0131n \u0259n q\u0259dim m\u0259d\u0259niyy\u0259t d\u00f6vr\u00fcn\u0259 aid olan Novruz ulu babalar\u0131m\u0131z\u0131n ya\u015fad\u0131\u011f\u0131 zamanlardan ba\u015flayaraq, xalq\u0131m\u0131z\u0131n h\u0259yat\u0131nda unudulmaz bir yer tutmu\u015fdur. Az\u0259rbaycan bu bayram\u0131 h\u0259mi\u015f\u0259&hellip;","_links":{"self":[{"href":"https:\/\/arantv.az\/index.php?rest_route=\/wp\/v2\/posts\/451894"}],"collection":[{"href":"https:\/\/arantv.az\/index.php?rest_route=\/wp\/v2\/posts"}],"about":[{"href":"https:\/\/arantv.az\/index.php?rest_route=\/wp\/v2\/types\/post"}],"author":[{"embeddable":true,"href":"https:\/\/arantv.az\/index.php?rest_route=\/wp\/v2\/users\/2"}],"replies":[{"embeddable":true,"href":"https:\/\/arantv.az\/index.php?rest_route=%2Fwp%2Fv2%2Fcomments&post=451894"}],"version-history":[{"count":0,"href":"https:\/\/arantv.az\/index.php?rest_route=\/wp\/v2\/posts\/451894\/revisions"}],"wp:featuredmedia":[{"embeddable":true,"href":"https:\/\/arantv.az\/index.php?rest_route=\/wp\/v2\/media\/451895"}],"wp:attachment":[{"href":"https:\/\/arantv.az\/index.php?rest_route=%2Fwp%2Fv2%2Fmedia&parent=451894"}],"wp:term":[{"taxonomy":"category","embeddable":true,"href":"https:\/\/arantv.az\/index.php?rest_route=%2Fwp%2Fv2%2Fcategories&post=451894"},{"taxonomy":"post_tag","embeddable":true,"href":"https:\/\/arantv.az\/index.php?rest_route=%2Fwp%2Fv2%2Ftags&post=451894"}],"curies":[{"name":"wp","href":"https:\/\/api.w.org\/{rel}","templated":true}]}}