{"id":451900,"date":"2022-03-15T13:48:41","date_gmt":"2022-03-15T10:48:41","guid":{"rendered":"http:\/\/arantv.az\/?p=451900"},"modified":"2022-03-15T13:48:41","modified_gmt":"2022-03-15T10:48:41","slug":"%c9%99rinin-m%c9%99hk%c9%99m%c9%99sin%c9%99-sevgilisi-il%c9%99-getdi-haminin-gozu-qarsisinda-sok-detallar","status":"publish","type":"post","link":"https:\/\/arantv.az\/?p=451900","title":{"rendered":"\u018frinin m\u0259hk\u0259m\u0259sin\u0259 sevgilisi il\u0259 getdi: &#8220;Ham\u0131n\u0131n g\u00f6z\u00fc qar\u015f\u0131s\u0131nda&#8230;&#8221; \u2013 \u015eOK DETALLAR"},"content":{"rendered":"<p><strong>Bak\u0131n\u0131n X\u0259z\u0259r rayonunda 1980-ci il t\u0259v\u0259ll\u00fcdl\u00fc Elnar ail\u0259 m\u00fcnaqi\u015f\u0259si z\u0259minind\u0259 qeyri-r\u0259smi \u0259r-arvad m\u00fcnasib\u0259tind\u0259 ya\u015fad\u0131\u011f\u0131 1986-c\u0131 il t\u0259v\u0259ll\u00fcdl\u00fc Fazil\u0259ni (adlar \u015f\u0259rti verilib \u2013 red.) q\u0259tl\u0259 yetirib.<\/strong><\/p>\n<p><span class=\"red\"><strong>ARANTV.AZ <\/strong>\u00a0Teleqraf.com<\/span>-a\u00a0istinad\u0259n x\u0259b\u0259r verir ki, hadis\u0259 \u00f6t\u0259n il iyulun 8-d\u0259 X\u0259z\u0259r rayonu, Bin\u0259 q\u0259s\u0259b\u0259si \u0259razisind\u0259 ba\u015f verib.<\/p>\n<p>Elnar q\u0131sqancl\u0131q z\u0259minind\u0259 m\u00fcbahis\u0259 etdiyi Fazil\u0259y\u0259 \u00e7oxsayl\u0131 z\u0259rb\u0259l\u0259r vuraraq onu \u00f6ld\u00fcr\u00fcb.<\/p>\n<p>\u0130stintaq orqan\u0131 t\u0259r\u0259find\u0259n Elnar\u0131n bar\u0259sind\u0259 Cinay\u0259t M\u0259c\u0259ll\u0259sinin 120.1-ci (q\u0259sd\u0259n adam \u00f6ld\u00fcrm\u0259) madd\u0259si il\u0259 ittiham elan edilib.<\/p>\n<p>Cinay\u0259t i\u015fi \u00fczr\u0259 t\u0259qsirl\u0259ndiril\u0259n \u015f\u0259xs qismind\u0259 ifad\u0259 ver\u0259n Elnar \u00f6z\u00fcn\u00fc t\u0259qsirli bilib. O bildirib ki, Fazil\u0259 il\u0259 2007-ci ild\u0259 qeyri-r\u0259smi ail\u0259 h\u0259yat\u0131 qurublar: \u201cBirg\u0259 ya\u015fad\u0131\u011f\u0131m\u0131z d\u00f6vrd\u0259 2011-ci ild\u0259 \u018fli, 2014-c\u00fc ild\u0259 is\u0259 Nail\u0259 adl\u0131 iki \u00f6vlad\u0131m\u0131z oldu. Fazil\u0259 il\u0259 evliliyimizin ilk ill\u0259rind\u0259 Beyl\u0259qanda atamgill\u0259 birlikd\u0259 qald\u0131q.<\/p>\n<p>T\u0259xmin\u0259n 2010-2011-ci ill\u0259rd\u0259 Fazil\u0259ni d\u0259 \u00f6z\u00fcml\u0259 Bak\u0131ya g\u0259tirdim. Bin\u0259 q\u0259s\u0259b\u0259sind\u0259 torpaq sah\u0259si ald\u0131m, iki otaql\u0131 ev tikdim. T\u0259xmin\u0259n 2015-ci ild\u0259n sonra Fazil\u0259 tez-tez evi t\u0259rk edib gedirdi. Son zamanlarda is\u0259 u\u015faqlar\u0131 m\u0259nd\u0259n icaz\u0259siz g\u00f6t\u00fcr\u0259r\u0259k apar\u0131rd. Hara getdikl\u0259ri yerl\u0259ri m\u0259n\u0259 demirdirl\u0259r. Bununla ba\u011fl\u0131 m\u00fcbahis\u0259 zaman\u0131 Fazil\u0259ni \u015fill\u0259 il\u0259 vurdum. Polisd\u0259 ara\u015fd\u0131rma apar\u0131ld\u0131, i\u015f m\u0259hk\u0259m\u0259y\u0259 g\u00f6nd\u0259rildi.<\/p>\n<p>H\u0259min i\u015f\u0259 m\u0259hk\u0259m\u0259d\u0259 7 iyul 2021-ci ild\u0259 bax\u0131ld\u0131. Fazil\u0259 m\u0259nd\u0259n \u015fikay\u0259t etm\u0259diyind\u0259n i\u015f\u0259 xitam verildi. Ya\u015fad\u0131\u011f\u0131m\u0131z evl\u0259 ba\u011fl\u0131 i\u015f\u0131q pulu borcu yarand\u0131. \u2019\u2019Az\u0259ri\u015f\u0131q&#8221; ASC-nin \u0259m\u0259kda\u015f\u0131 evin i\u015f\u0131qlar\u0131n\u0131 k\u0259sdiyin\u0259 g\u00f6r\u0259 aram\u0131zda m\u00fcbahis\u0259 yarand\u0131. M\u00fcbahis\u0259 zaman\u0131 y\u00fcng\u00fcl x\u0259sar\u0259t ald\u0131m\u201d.<\/p>\n<p>T\u0259qsirl\u0259ndiril\u0259n \u015f\u0259xsin s\u00f6zl\u0259rin\u0259 g\u00f6r\u0259, iyulun 8-d\u0259 onun x\u0259sar\u0259t almas\u0131 il\u0259 ba\u011fl\u0131 m\u0259hk\u0259m\u0259 prosesind\u0259 \u201cAz\u0259ri\u015f\u0131q\u201d ASC-nin \u0259m\u0259kda\u015f\u0131 il\u0259 bar\u0131\u015f\u0131b, i\u015f\u0259 xitam verilib: \u201cH\u0259min prosesd\u0259 Fazil\u0259 d\u0259 m\u0259hk\u0259m\u0259y\u0259 g\u0259lmi\u015fdi. H\u0259m d\u0259 ad\u0131n\u0131 bilm\u0259diyim bir ki\u015fi il\u0259 birlikd\u0259 g\u0259lmi\u015fdi. O, Fazil\u0259 il\u0259 zala da girmi\u015fdi.<\/p>\n<p>M\u0259hk\u0259m\u0259 prosesind\u0259n sonra Fazil\u0259 ev\u0259 g\u0259ldi, paltarlar\u0131n\u0131 g\u00f6t\u00fcrm\u0259k \u00fc\u00e7\u00fcn birlikd\u0259 qald\u0131\u011f\u0131m\u0131z ota\u011fa girdi. Bizim aram\u0131zda m\u00fcnaqi\u015f\u0259 yarand\u0131. P\u0259nc\u0259r\u0259nin a\u011fz\u0131nda m\u0259tb\u0259x b\u0131\u00e7a\u011f\u0131n\u0131 g\u00f6t\u00fcrd\u00fcm, Fazil\u0259y\u0259 x\u0259sar\u0259tl\u0259r yetirm\u0259y\u0259 ba\u015flad\u0131m. Ona ne\u00e7\u0259 b\u0131\u00e7aq z\u0259rb\u0259si vurma\u011f\u0131m\u0131 bilm\u0259mi\u015f\u0259m. Fazil\u0259ni \u00f6ld\u00fcrm\u0259k \u00fc\u00e7\u00fcn ona tez-tez b\u0131\u00e7aq z\u0259rb\u0259l\u0259ri yetirdim. Onun t\u0259rp\u0259nm\u0259diyini g\u00f6rd\u00fcm, \u00f6ld\u00fcy\u00fcn\u0259 \u0259min oldum\u201d.<\/p>\n<p>T\u0259qsirl\u0259ndiril\u0259n \u015f\u0259xs bildirib ki, h\u0259y\u0259t\u0259 \u00e7\u0131x\u0131b, \u00f6z\u00fcn\u0259 m\u0259xsus cib b\u0131\u00e7a\u011f\u0131 il\u0259 intihar m\u0259qs\u0259dil\u0259 \u00fcr\u0259k nahiy\u0259sind\u0259n b\u0131\u00e7aqla vurub: \u201cBundan sonra he\u00e7 n\u0259yi xat\u0131rlamad\u0131m. G\u00f6zl\u0259rimi a\u00e7anda x\u0259st\u0259xanada oldu\u011fumu bildim. Fazil\u0259ni \u00f6ld\u00fcrm\u0259k m\u0259qs\u0259di il\u0259 vurmu\u015fam. \u00d6vladlar\u0131m ba\u015fs\u0131z qald\u0131\u011f\u0131 \u00fc\u00e7\u00fcn \u00e7ox pe\u015fmanam\u201d.<\/p>\n<p>Cinay\u0259t i\u015fi \u00fczr\u0259 \u015fahid qismind\u0259 ifad\u0259 ver\u0259n Mehdinin s\u00f6zl\u0259rin\u0259 g\u00f6r\u0259, m\u0259rhum Fazil\u0259ni Bin\u0259 q\u0259s\u0259b\u0259 sakini kimi tan\u0131y\u0131b: \u201dAd\u0131n\u0131 haz\u0131rda Fazil\u0259 kimi bildiyim \u015f\u0259xs m\u0259n\u0259 \u00f6z\u00fcn\u00fc Mahir\u0259 kimi t\u0259qdim edib. Fazil\u0259 v\u0259 ya Mahir\u0259nin h\u0259r hans\u0131 bir qohumu, yax\u0131n\u0131 il\u0259 aram\u0131zda d\u00fc\u015fm\u0259n\u00e7ilik, \u0259dav\u0259t olmay\u0131b. Fazil\u0259 il\u0259 \u00f6l\u00fcm\u00fcnd\u0259n t\u0259xmin\u0259n 5-6 ay \u0259vv\u0259l tan\u0131\u015f olmu\u015fam, sevgili m\u00fcnasib\u0259tind\u0259 olmu\u015fuq.<\/p>\n<p>\u018fvv\u0259ll\u0259r Fazil\u0259nin evli oldu\u011funu bilm\u0259s\u0259m d\u0259, m\u00fcnasib\u0259tl\u0259rimiz ciddil\u0259\u015fdikc\u0259, m\u0259n\u0259 qeyri-r\u0259smi evli v\u0259 iki \u00f6vlad anas\u0131 oldu\u011funu dedi. Fazil\u0259nin \u0259rini he\u00e7 vaxt tan\u0131mam\u0131\u015fam. Onunla h\u0259r hans\u0131 m\u00fcnasib\u0259tim olmay\u0131b.<\/p>\n<p>Fazil\u0259ni h\u0259qiq\u0259t\u0259n sevmi\u015f\u0259m v\u0259 m\u00fcnasib\u0259tl\u0259rimiz ciddi s\u0259viyy\u0259d\u0259 davam edib. H\u0259tta bu bar\u0259d\u0259 evd\u0259 d\u0259 bildirmi\u015f\u0259m. Fazil\u0259 m\u0259n\u0259 Elnar\u0131n onu d\u00f6ym\u0259si, h\u0259m\u00e7inin Elnarla \u201cAz\u0259ri\u015f\u0131q\u201d ASC \u0259m\u0259kda\u015flar\u0131 aras\u0131nda davas\u0131 bar\u0259d\u0259 d\u0259 dan\u0131\u015f\u0131b. Bunlarla ba\u011fl\u0131 m\u0259hk\u0259m\u0259d\u0259 i\u015f getdiyini deyib\u201d.<\/p>\n<p>\u015eahid qeyd edib ki, Fazil\u0259ni t\u0259nha buraxmamas\u0131 \u00fc\u00e7\u00fcn onunla birlikd\u0259 Elnar\u0131n m\u0259hk\u0259m\u0259sin\u0259 gedib: \u201cM\u0259hk\u0259m\u0259d\u0259 Elnar v\u0259 Elnar\u0131n qohumlar\u0131 m\u0259ni Fazil\u0259nin yan\u0131nda g\u00f6rd\u00fcl\u0259r. Fazil\u0259 m\u0259ni orad\u0131kalara xalas\u0131 o\u011flu kimi t\u0259qdim eldi.<\/p>\n<p>Fazil\u0259 m\u0259hk\u0259m\u0259 prosesind\u0259n \u00e7\u0131xd\u0131qdan sonra evd\u0259 b\u0259zi \u0259\u015fyalar\u0131n\u0131 g\u00f6t\u00fcrm\u0259k \u00fc\u00e7\u00fcn Elnargill\u0259 \u00f6z evl\u0259rin\u0259 getdi. M\u0259n d\u0259 \u00f6z i\u015fiml\u0259 m\u0259\u015f\u011ful olma\u011fa ba\u015flad\u0131m. H\u0259min g\u00fcn Bin\u0259 q\u0259s\u0259b\u0259sind\u0259 adam \u00f6ld\u00fcr\u00fcld\u00fcy\u00fcn\u00fc e\u015fits\u0259m d\u0259, fikirl\u0259\u015fm\u0259dim ki, Elnar Fazil\u0259ni \u00f6ld\u00fcrs\u00fcn. Bir g\u00fcn sonra dan\u0131\u015f\u0131lanlardan h\u0259r \u015feyi bildim\u201d.<\/p>\n<p>Bu cinay\u0259t i\u015fin\u0259 Bak\u0131 A\u011f\u0131r Cinay\u0259tl\u0259r M\u0259hk\u0259m\u0259sind\u0259 bax\u0131l\u0131b.<\/p>\n<p>Elnar 14 il m\u00fcdd\u0259tin\u0259 azadl\u0131qdan m\u0259hrum edilib.<\/p>\n","protected":false},"excerpt":{"rendered":"<p>Bak\u0131n\u0131n X\u0259z\u0259r rayonunda 1980-ci il t\u0259v\u0259ll\u00fcdl\u00fc Elnar ail\u0259 m\u00fcnaqi\u015f\u0259si z\u0259minind\u0259 qeyri-r\u0259smi \u0259r-arvad m\u00fcnasib\u0259tind\u0259 ya\u015fad\u0131\u011f\u0131 1986-c\u0131 il t\u0259v\u0259ll\u00fcdl\u00fc Fazil\u0259ni (adlar \u015f\u0259rti verilib \u2013 red.) q\u0259tl\u0259 yetirib. ARANTV.AZ \u00a0Teleqraf.com-a\u00a0istinad\u0259n x\u0259b\u0259r verir ki, hadis\u0259 \u00f6t\u0259n il iyulun 8-d\u0259 X\u0259z\u0259r rayonu, Bin\u0259 q\u0259s\u0259b\u0259si \u0259razisind\u0259 ba\u015f verib. Elnar q\u0131sqancl\u0131q z\u0259minind\u0259 m\u00fcbahis\u0259 etdiyi Fazil\u0259y\u0259 \u00e7oxsayl\u0131 z\u0259rb\u0259l\u0259r vuraraq onu \u00f6ld\u00fcr\u00fcb. \u0130stintaq orqan\u0131 t\u0259r\u0259find\u0259n Elnar\u0131n bar\u0259sind\u0259 Cinay\u0259t M\u0259c\u0259ll\u0259sinin 120.1-ci (q\u0259sd\u0259n adam \u00f6ld\u00fcrm\u0259) madd\u0259si il\u0259 ittiham elan edilib. Cinay\u0259t i\u015fi \u00fczr\u0259 t\u0259qsirl\u0259ndiril\u0259n \u015f\u0259xs qismind\u0259 ifad\u0259 ver\u0259n Elnar \u00f6z\u00fcn\u00fc t\u0259qsirli bilib. O bildirib ki, Fazil\u0259 il\u0259 2007-ci ild\u0259 qeyri-r\u0259smi ail\u0259&hellip;<\/p>\n","protected":false},"author":2,"featured_media":451901,"comment_status":"closed","ping_status":"closed","sticky":false,"template":"","format":"standard","meta":{"om_disable_all_campaigns":false,"_monsterinsights_skip_tracking":false,"_monsterinsights_sitenote_active":false,"_monsterinsights_sitenote_note":"","_monsterinsights_sitenote_category":0},"categories":[5],"tags":[],"aioseo_notices":[],"gutentor_comment":0,"rttpg_featured_image_url":{"full":["https:\/\/arantv.az\/wp-content\/uploads\/2022\/03\/3b0b14887603f748087b56b49097a405.jpg",450,300,false],"landscape":["https:\/\/arantv.az\/wp-content\/uploads\/2022\/03\/3b0b14887603f748087b56b49097a405.jpg",450,300,false],"portraits":["https:\/\/arantv.az\/wp-content\/uploads\/2022\/03\/3b0b14887603f748087b56b49097a405.jpg",450,300,false],"thumbnail":["https:\/\/arantv.az\/wp-content\/uploads\/2022\/03\/3b0b14887603f748087b56b49097a405-450x280.jpg",450,280,true],"medium":["https:\/\/arantv.az\/wp-content\/uploads\/2022\/03\/3b0b14887603f748087b56b49097a405.jpg",450,300,false],"large":["https:\/\/arantv.az\/wp-content\/uploads\/2022\/03\/3b0b14887603f748087b56b49097a405.jpg",450,300,false],"1536x1536":["https:\/\/arantv.az\/wp-content\/uploads\/2022\/03\/3b0b14887603f748087b56b49097a405.jpg",450,300,false],"2048x2048":["https:\/\/arantv.az\/wp-content\/uploads\/2022\/03\/3b0b14887603f748087b56b49097a405.jpg",450,300,false],"post-thumbnail":["https:\/\/arantv.az\/wp-content\/uploads\/2022\/03\/3b0b14887603f748087b56b49097a405-240x172.jpg",240,172,true],"advps-thumb-one":["https:\/\/arantv.az\/wp-content\/uploads\/2022\/03\/3b0b14887603f748087b56b49097a405.jpg",450,300,false]},"rttpg_author":{"display_name":"V\u00fcsal Rafiqo\u011flu","author_link":"https:\/\/arantv.az\/?author=2"},"rttpg_comment":0,"rttpg_category":"<a href=\"https:\/\/arantv.az\/?cat=5\" rel=\"category\">Hadis\u0259<\/a>","rttpg_excerpt":"Bak\u0131n\u0131n X\u0259z\u0259r rayonunda 1980-ci il t\u0259v\u0259ll\u00fcdl\u00fc Elnar ail\u0259 m\u00fcnaqi\u015f\u0259si z\u0259minind\u0259 qeyri-r\u0259smi \u0259r-arvad m\u00fcnasib\u0259tind\u0259 ya\u015fad\u0131\u011f\u0131 1986-c\u0131 il t\u0259v\u0259ll\u00fcdl\u00fc Fazil\u0259ni (adlar \u015f\u0259rti verilib \u2013 red.) q\u0259tl\u0259 yetirib. ARANTV.AZ \u00a0Teleqraf.com-a\u00a0istinad\u0259n x\u0259b\u0259r verir ki, hadis\u0259 \u00f6t\u0259n il iyulun 8-d\u0259 X\u0259z\u0259r rayonu, Bin\u0259 q\u0259s\u0259b\u0259si \u0259razisind\u0259 ba\u015f verib. Elnar q\u0131sqancl\u0131q z\u0259minind\u0259 m\u00fcbahis\u0259 etdiyi Fazil\u0259y\u0259 \u00e7oxsayl\u0131 z\u0259rb\u0259l\u0259r vuraraq onu \u00f6ld\u00fcr\u00fcb. \u0130stintaq orqan\u0131&hellip;","_links":{"self":[{"href":"https:\/\/arantv.az\/index.php?rest_route=\/wp\/v2\/posts\/451900"}],"collection":[{"href":"https:\/\/arantv.az\/index.php?rest_route=\/wp\/v2\/posts"}],"about":[{"href":"https:\/\/arantv.az\/index.php?rest_route=\/wp\/v2\/types\/post"}],"author":[{"embeddable":true,"href":"https:\/\/arantv.az\/index.php?rest_route=\/wp\/v2\/users\/2"}],"replies":[{"embeddable":true,"href":"https:\/\/arantv.az\/index.php?rest_route=%2Fwp%2Fv2%2Fcomments&post=451900"}],"version-history":[{"count":0,"href":"https:\/\/arantv.az\/index.php?rest_route=\/wp\/v2\/posts\/451900\/revisions"}],"wp:featuredmedia":[{"embeddable":true,"href":"https:\/\/arantv.az\/index.php?rest_route=\/wp\/v2\/media\/451901"}],"wp:attachment":[{"href":"https:\/\/arantv.az\/index.php?rest_route=%2Fwp%2Fv2%2Fmedia&parent=451900"}],"wp:term":[{"taxonomy":"category","embeddable":true,"href":"https:\/\/arantv.az\/index.php?rest_route=%2Fwp%2Fv2%2Fcategories&post=451900"},{"taxonomy":"post_tag","embeddable":true,"href":"https:\/\/arantv.az\/index.php?rest_route=%2Fwp%2Fv2%2Ftags&post=451900"}],"curies":[{"name":"wp","href":"https:\/\/api.w.org\/{rel}","templated":true}]}}