{"id":451968,"date":"2022-03-15T16:25:08","date_gmt":"2022-03-15T13:25:08","guid":{"rendered":"http:\/\/arantv.az\/?p=451968"},"modified":"2022-03-15T16:25:08","modified_gmt":"2022-03-15T13:25:08","slug":"milli-m%c9%99clis-hokum%c9%99tin-hesabatini-q%c9%99bul-etdi-yenil%c9%99nib","status":"publish","type":"post","link":"https:\/\/arantv.az\/?p=451968","title":{"rendered":"Milli M\u0259clis h\u00f6kum\u0259tin hesabat\u0131n\u0131 q\u0259bul etdi &#8211; YEN\u0130L\u018fN\u0130B"},"content":{"rendered":"<p>Milli M\u0259clis Nazirl\u0259r Kabinetinin 2021-ci ild\u0259 f\u0259aliyy\u0259ti haqq\u0131nda hesabat\u0131n\u0131 q\u0259bul edib.<\/p>\n<p><b>ARANTV.AZ 4<\/b>x\u0259b\u0259r verir ki, m\u00fczakir\u0259l\u0259rd\u0259n sonra deputatlar\u0131n b\u00f6y\u00fck \u0259ks\u0259riyy\u0259ti s\u0259n\u0259din lehin\u0259 s\u0259s veribl\u0259r.<\/p>\n<div class=\"AdviadNativeVideo\"><\/div>\n<p><strong>11:10<\/strong><\/p>\n<p>Az\u0259rbaycan\u0131n Ba\u015f naziri \u018fli \u018fs\u0259dov v\u0259 h\u00f6kum\u0259t \u00fczvl\u0259ri Milli M\u0259clisd\u0259 toplan\u0131b.<\/p>\n<p><b>ARANTV.AZ<\/b>-\u0131n m\u0259lumat\u0131na \u0259sas\u0259n, parlamentin iclas\u0131nda Nazirl\u0259r Kabinetinin 2021-ci il \u00fczr\u0259 hesabat\u0131 m\u00fczakir\u0259y\u0259 \u00e7\u0131xar\u0131lacaq.<\/p>\n<p>\u0130clasda Ba\u015f nazir \u018fli \u018fs\u0259dovun hesabatla \u00e7\u0131x\u0131\u015f ed\u0259c\u0259yi g\u00f6zl\u0259nilir.<\/p>\n","protected":false},"excerpt":{"rendered":"<p>Milli M\u0259clis Nazirl\u0259r Kabinetinin 2021-ci ild\u0259 f\u0259aliyy\u0259ti haqq\u0131nda hesabat\u0131n\u0131 q\u0259bul edib. ARANTV.AZ 4x\u0259b\u0259r verir ki, m\u00fczakir\u0259l\u0259rd\u0259n sonra deputatlar\u0131n b\u00f6y\u00fck \u0259ks\u0259riyy\u0259ti s\u0259n\u0259din lehin\u0259 s\u0259s veribl\u0259r. 11:10 Az\u0259rbaycan\u0131n Ba\u015f naziri \u018fli \u018fs\u0259dov v\u0259 h\u00f6kum\u0259t \u00fczvl\u0259ri Milli M\u0259clisd\u0259 toplan\u0131b. ARANTV.AZ-\u0131n m\u0259lumat\u0131na \u0259sas\u0259n, parlamentin iclas\u0131nda Nazirl\u0259r Kabinetinin 2021-ci il \u00fczr\u0259 hesabat\u0131 m\u00fczakir\u0259y\u0259 \u00e7\u0131xar\u0131lacaq. \u0130clasda Ba\u015f nazir \u018fli \u018fs\u0259dovun hesabatla \u00e7\u0131x\u0131\u015f ed\u0259c\u0259yi g\u00f6zl\u0259nilir.<\/p>\n","protected":false},"author":2,"featured_media":451969,"comment_status":"closed","ping_status":"closed","sticky":false,"template":"","format":"standard","meta":{"om_disable_all_campaigns":false,"_monsterinsights_skip_tracking":false,"_monsterinsights_sitenote_active":false,"_monsterinsights_sitenote_note":"","_monsterinsights_sitenote_category":0},"categories":[4],"tags":[],"aioseo_notices":[],"gutentor_comment":0,"rttpg_featured_image_url":{"full":["https:\/\/arantv.az\/wp-content\/uploads\/2022\/03\/w_1616159077111998911189_1000x669-1.jpg",620,413,false],"landscape":["https:\/\/arantv.az\/wp-content\/uploads\/2022\/03\/w_1616159077111998911189_1000x669-1.jpg",620,413,false],"portraits":["https:\/\/arantv.az\/wp-content\/uploads\/2022\/03\/w_1616159077111998911189_1000x669-1.jpg",620,413,false],"thumbnail":["https:\/\/arantv.az\/wp-content\/uploads\/2022\/03\/w_1616159077111998911189_1000x669-1-500x280.jpg",500,280,true],"medium":["https:\/\/arantv.az\/wp-content\/uploads\/2022\/03\/w_1616159077111998911189_1000x669-1-548x365.jpg",548,365,true],"large":["https:\/\/arantv.az\/wp-content\/uploads\/2022\/03\/w_1616159077111998911189_1000x669-1.jpg",620,413,false],"1536x1536":["https:\/\/arantv.az\/wp-content\/uploads\/2022\/03\/w_1616159077111998911189_1000x669-1.jpg",620,413,false],"2048x2048":["https:\/\/arantv.az\/wp-content\/uploads\/2022\/03\/w_1616159077111998911189_1000x669-1.jpg",620,413,false],"post-thumbnail":["https:\/\/arantv.az\/wp-content\/uploads\/2022\/03\/w_1616159077111998911189_1000x669-1-240x172.jpg",240,172,true],"advps-thumb-one":["https:\/\/arantv.az\/wp-content\/uploads\/2022\/03\/w_1616159077111998911189_1000x669-1.jpg",620,413,false]},"rttpg_author":{"display_name":"V\u00fcsal Rafiqo\u011flu","author_link":"https:\/\/arantv.az\/?author=2"},"rttpg_comment":0,"rttpg_category":"<a href=\"https:\/\/arantv.az\/?cat=4\" rel=\"category\">Siyas\u0259t<\/a>","rttpg_excerpt":"Milli M\u0259clis Nazirl\u0259r Kabinetinin 2021-ci ild\u0259 f\u0259aliyy\u0259ti haqq\u0131nda hesabat\u0131n\u0131 q\u0259bul edib. ARANTV.AZ 4x\u0259b\u0259r verir ki, m\u00fczakir\u0259l\u0259rd\u0259n sonra deputatlar\u0131n b\u00f6y\u00fck \u0259ks\u0259riyy\u0259ti s\u0259n\u0259din lehin\u0259 s\u0259s veribl\u0259r. 11:10 Az\u0259rbaycan\u0131n Ba\u015f naziri \u018fli \u018fs\u0259dov v\u0259 h\u00f6kum\u0259t \u00fczvl\u0259ri Milli M\u0259clisd\u0259 toplan\u0131b. ARANTV.AZ-\u0131n m\u0259lumat\u0131na \u0259sas\u0259n, parlamentin iclas\u0131nda Nazirl\u0259r Kabinetinin 2021-ci il \u00fczr\u0259 hesabat\u0131 m\u00fczakir\u0259y\u0259 \u00e7\u0131xar\u0131lacaq. \u0130clasda Ba\u015f nazir \u018fli \u018fs\u0259dovun hesabatla&hellip;","_links":{"self":[{"href":"https:\/\/arantv.az\/index.php?rest_route=\/wp\/v2\/posts\/451968"}],"collection":[{"href":"https:\/\/arantv.az\/index.php?rest_route=\/wp\/v2\/posts"}],"about":[{"href":"https:\/\/arantv.az\/index.php?rest_route=\/wp\/v2\/types\/post"}],"author":[{"embeddable":true,"href":"https:\/\/arantv.az\/index.php?rest_route=\/wp\/v2\/users\/2"}],"replies":[{"embeddable":true,"href":"https:\/\/arantv.az\/index.php?rest_route=%2Fwp%2Fv2%2Fcomments&post=451968"}],"version-history":[{"count":0,"href":"https:\/\/arantv.az\/index.php?rest_route=\/wp\/v2\/posts\/451968\/revisions"}],"wp:featuredmedia":[{"embeddable":true,"href":"https:\/\/arantv.az\/index.php?rest_route=\/wp\/v2\/media\/451969"}],"wp:attachment":[{"href":"https:\/\/arantv.az\/index.php?rest_route=%2Fwp%2Fv2%2Fmedia&parent=451968"}],"wp:term":[{"taxonomy":"category","embeddable":true,"href":"https:\/\/arantv.az\/index.php?rest_route=%2Fwp%2Fv2%2Fcategories&post=451968"},{"taxonomy":"post_tag","embeddable":true,"href":"https:\/\/arantv.az\/index.php?rest_route=%2Fwp%2Fv2%2Ftags&post=451968"}],"curies":[{"name":"wp","href":"https:\/\/api.w.org\/{rel}","templated":true}]}}