{"id":452064,"date":"2022-03-15T20:18:35","date_gmt":"2022-03-15T17:18:35","guid":{"rendered":"http:\/\/arantv.az\/?p=452064"},"modified":"2022-03-15T20:18:35","modified_gmt":"2022-03-15T17:18:35","slug":"masallida-kartofculuq","status":"publish","type":"post","link":"https:\/\/arantv.az\/?p=452064","title":{"rendered":"Masall\u0131da kartof\u00e7uluq"},"content":{"rendered":"<p>Kartof\u00e7uluq Masall\u0131 rayonunun iqtisadiyyat\u0131nda m\u00fch\u00fcm yer tutur. \u0130kinci \u00e7\u00f6r\u0259k say\u0131lan bu sah\u0259 fermerl\u0259rin diqq\u0259tind\u0259dir. H\u0259r il 1000 hektara yax\u0131n sah\u0259d\u0259 kartof yeti\u015fdirilir, bol m\u0259hsul \u0259ld\u0259 edilir. Bu sah\u0259d\u0259 T\u0259z\u0259 Alvad\u0131, T\u0259kl\u0259, X\u0131rmandal\u0131 kartof\u00e7ular\u0131n\u0131n u\u011furlar\u0131 sevindiricidir. T\u0259z\u0259 Alvad\u0131l\u0131lar yeni m\u00f6vs\u00fcmd\u0259 240 hektarda kartof \u0259kmi\u015fl\u0259\u0131r ki, bu da \u0259vv\u0259lki ild\u0259kind\u0259n 90 hektar \u00e7oxdur. Haz\u0131rda sah\u0259l\u0259r dur\u011fun sulardan qorunur, n\u00f6vb\u0259ti bec\u0259rm\u0259l\u0259r\u0259 haz\u0131rl\u0131q g\u00f6r\u00fcl\u00fcr.<\/p>\n","protected":false},"excerpt":{"rendered":"<p>Kartof\u00e7uluq Masall\u0131 rayonunun iqtisadiyyat\u0131nda m\u00fch\u00fcm yer tutur. \u0130kinci \u00e7\u00f6r\u0259k say\u0131lan bu sah\u0259 fermerl\u0259rin diqq\u0259tind\u0259dir. H\u0259r il 1000 hektara yax\u0131n sah\u0259d\u0259 kartof yeti\u015fdirilir, bol m\u0259hsul \u0259ld\u0259 edilir. Bu sah\u0259d\u0259 T\u0259z\u0259 Alvad\u0131, T\u0259kl\u0259, X\u0131rmandal\u0131 kartof\u00e7ular\u0131n\u0131n u\u011furlar\u0131 sevindiricidir. T\u0259z\u0259 Alvad\u0131l\u0131lar yeni m\u00f6vs\u00fcmd\u0259 240 hektarda kartof \u0259kmi\u015fl\u0259\u0131r ki, bu da \u0259vv\u0259lki ild\u0259kind\u0259n 90 hektar \u00e7oxdur. Haz\u0131rda sah\u0259l\u0259r dur\u011fun sulardan qorunur, n\u00f6vb\u0259ti bec\u0259rm\u0259l\u0259r\u0259 haz\u0131rl\u0131q g\u00f6r\u00fcl\u00fcr.<\/p>\n","protected":false},"author":2,"featured_media":452065,"comment_status":"closed","ping_status":"closed","sticky":false,"template":"","format":"standard","meta":{"om_disable_all_campaigns":false,"_monsterinsights_skip_tracking":false,"_monsterinsights_sitenote_active":false,"_monsterinsights_sitenote_note":"","_monsterinsights_sitenote_category":0},"categories":[2],"tags":[],"aioseo_notices":[],"gutentor_comment":0,"rttpg_featured_image_url":{"full":["https:\/\/arantv.az\/wp-content\/uploads\/2022\/03\/275802316_292250403033682_658289085338423598_n.jpg",308,164,false],"landscape":["https:\/\/arantv.az\/wp-content\/uploads\/2022\/03\/275802316_292250403033682_658289085338423598_n.jpg",308,164,false],"portraits":["https:\/\/arantv.az\/wp-content\/uploads\/2022\/03\/275802316_292250403033682_658289085338423598_n.jpg",308,164,false],"thumbnail":["https:\/\/arantv.az\/wp-content\/uploads\/2022\/03\/275802316_292250403033682_658289085338423598_n.jpg",308,164,false],"medium":["https:\/\/arantv.az\/wp-content\/uploads\/2022\/03\/275802316_292250403033682_658289085338423598_n.jpg",308,164,false],"large":["https:\/\/arantv.az\/wp-content\/uploads\/2022\/03\/275802316_292250403033682_658289085338423598_n.jpg",308,164,false],"1536x1536":["https:\/\/arantv.az\/wp-content\/uploads\/2022\/03\/275802316_292250403033682_658289085338423598_n.jpg",308,164,false],"2048x2048":["https:\/\/arantv.az\/wp-content\/uploads\/2022\/03\/275802316_292250403033682_658289085338423598_n.jpg",308,164,false],"post-thumbnail":["https:\/\/arantv.az\/wp-content\/uploads\/2022\/03\/275802316_292250403033682_658289085338423598_n-240x164.jpg",240,164,true],"advps-thumb-one":["https:\/\/arantv.az\/wp-content\/uploads\/2022\/03\/275802316_292250403033682_658289085338423598_n.jpg",308,164,false]},"rttpg_author":{"display_name":"V\u00fcsal Rafiqo\u011flu","author_link":"https:\/\/arantv.az\/?author=2"},"rttpg_comment":0,"rttpg_category":"<a href=\"https:\/\/arantv.az\/?cat=2\" rel=\"category\">Region X\u0259b\u0259rl\u0259ri<\/a>","rttpg_excerpt":"Kartof\u00e7uluq Masall\u0131 rayonunun iqtisadiyyat\u0131nda m\u00fch\u00fcm yer tutur. \u0130kinci \u00e7\u00f6r\u0259k say\u0131lan bu sah\u0259 fermerl\u0259rin diqq\u0259tind\u0259dir. H\u0259r il 1000 hektara yax\u0131n sah\u0259d\u0259 kartof yeti\u015fdirilir, bol m\u0259hsul \u0259ld\u0259 edilir. Bu sah\u0259d\u0259 T\u0259z\u0259 Alvad\u0131, T\u0259kl\u0259, X\u0131rmandal\u0131 kartof\u00e7ular\u0131n\u0131n u\u011furlar\u0131 sevindiricidir. T\u0259z\u0259 Alvad\u0131l\u0131lar yeni m\u00f6vs\u00fcmd\u0259 240 hektarda kartof \u0259kmi\u015fl\u0259\u0131r ki, bu da \u0259vv\u0259lki ild\u0259kind\u0259n 90 hektar \u00e7oxdur. Haz\u0131rda sah\u0259l\u0259r dur\u011fun sulardan&hellip;","_links":{"self":[{"href":"https:\/\/arantv.az\/index.php?rest_route=\/wp\/v2\/posts\/452064"}],"collection":[{"href":"https:\/\/arantv.az\/index.php?rest_route=\/wp\/v2\/posts"}],"about":[{"href":"https:\/\/arantv.az\/index.php?rest_route=\/wp\/v2\/types\/post"}],"author":[{"embeddable":true,"href":"https:\/\/arantv.az\/index.php?rest_route=\/wp\/v2\/users\/2"}],"replies":[{"embeddable":true,"href":"https:\/\/arantv.az\/index.php?rest_route=%2Fwp%2Fv2%2Fcomments&post=452064"}],"version-history":[{"count":0,"href":"https:\/\/arantv.az\/index.php?rest_route=\/wp\/v2\/posts\/452064\/revisions"}],"wp:featuredmedia":[{"embeddable":true,"href":"https:\/\/arantv.az\/index.php?rest_route=\/wp\/v2\/media\/452065"}],"wp:attachment":[{"href":"https:\/\/arantv.az\/index.php?rest_route=%2Fwp%2Fv2%2Fmedia&parent=452064"}],"wp:term":[{"taxonomy":"category","embeddable":true,"href":"https:\/\/arantv.az\/index.php?rest_route=%2Fwp%2Fv2%2Fcategories&post=452064"},{"taxonomy":"post_tag","embeddable":true,"href":"https:\/\/arantv.az\/index.php?rest_route=%2Fwp%2Fv2%2Ftags&post=452064"}],"curies":[{"name":"wp","href":"https:\/\/api.w.org\/{rel}","templated":true}]}}