{"id":452190,"date":"2022-03-16T09:01:34","date_gmt":"2022-03-16T06:01:34","guid":{"rendered":"http:\/\/arantv.az\/?p=452190"},"modified":"2022-03-16T09:01:34","modified_gmt":"2022-03-16T06:01:34","slug":"zelenski-abs-konqresi-qarsisinda-cixis-ed%c9%99c%c9%99k","status":"publish","type":"post","link":"https:\/\/arantv.az\/?p=452190","title":{"rendered":"Zelenski AB\u015e Konqresi qar\u015f\u0131s\u0131nda \u00e7\u0131x\u0131\u015f ed\u0259c\u0259k"},"content":{"rendered":"<p>Ukrayna Prezidenti Vladimir Zelenski \u00e7\u0259r\u015f\u0259nb\u0259 g\u00fcn\u00fc AB\u015e Konqresi qar\u015f\u0131s\u0131nda \u00e7\u0131x\u0131\u015f ed\u0259c\u0259yini t\u0259sdiql\u0259yib.<\/p>\n<p>Bu bar\u0259d\u0259 Ukrayna lideri \u201cFacebook\u201d hesab\u0131nda yay\u0131mlanan videom\u00fcraci\u0259tind\u0259 qeyd edib.<\/p>\n<p>\u201c\u00c7\u0259r\u015f\u0259nb\u0259 g\u00fcn\u00fc AB\u015e Konqresind\u0259 \u00e7\u0131x\u0131\u015f\u0131m planla\u015fd\u0131r\u0131l\u0131b. Vacib hadis\u0259dir\u201d, &#8211; dey\u0259 V.Zelenski bildirib.<\/p>\n<p>O, h\u0259m\u00e7inin Ukraynaya d\u0259st\u0259k \u00fc\u00e7\u00fcn ayr\u0131lm\u0131\u015f 13,6 milyardl\u0131q yard\u0131m paketi s\u0259b\u0259bil\u0259 AB\u015e Prezidenti Co Bayden\u0259 t\u0259\u015f\u0259kk\u00fcr\u00fcn\u00fc \u00e7atd\u0131r\u0131b.<\/p>\n<p>M\u0259nb\u0259: Unian.net<\/p>\n","protected":false},"excerpt":{"rendered":"<p>Ukrayna Prezidenti Vladimir Zelenski \u00e7\u0259r\u015f\u0259nb\u0259 g\u00fcn\u00fc AB\u015e Konqresi qar\u015f\u0131s\u0131nda \u00e7\u0131x\u0131\u015f ed\u0259c\u0259yini t\u0259sdiql\u0259yib. Bu bar\u0259d\u0259 Ukrayna lideri \u201cFacebook\u201d hesab\u0131nda yay\u0131mlanan videom\u00fcraci\u0259tind\u0259 qeyd edib. \u201c\u00c7\u0259r\u015f\u0259nb\u0259 g\u00fcn\u00fc AB\u015e Konqresind\u0259 \u00e7\u0131x\u0131\u015f\u0131m planla\u015fd\u0131r\u0131l\u0131b. Vacib hadis\u0259dir\u201d, &#8211; dey\u0259 V.Zelenski bildirib. O, h\u0259m\u00e7inin Ukraynaya d\u0259st\u0259k \u00fc\u00e7\u00fcn ayr\u0131lm\u0131\u015f 13,6 milyardl\u0131q yard\u0131m paketi s\u0259b\u0259bil\u0259 AB\u015e Prezidenti Co Bayden\u0259 t\u0259\u015f\u0259kk\u00fcr\u00fcn\u00fc \u00e7atd\u0131r\u0131b. M\u0259nb\u0259: Unian.net<\/p>\n","protected":false},"author":2,"featured_media":452191,"comment_status":"closed","ping_status":"closed","sticky":false,"template":"","format":"standard","meta":{"om_disable_all_campaigns":false,"_monsterinsights_skip_tracking":false,"_monsterinsights_sitenote_active":false,"_monsterinsights_sitenote_note":"","_monsterinsights_sitenote_category":0},"categories":[7],"tags":[],"aioseo_notices":[],"gutentor_comment":0,"rttpg_featured_image_url":{"full":["https:\/\/arantv.az\/wp-content\/uploads\/2022\/03\/FotoJet-2022-03-16T022358.903.jpg",620,413,false],"landscape":["https:\/\/arantv.az\/wp-content\/uploads\/2022\/03\/FotoJet-2022-03-16T022358.903.jpg",620,413,false],"portraits":["https:\/\/arantv.az\/wp-content\/uploads\/2022\/03\/FotoJet-2022-03-16T022358.903.jpg",620,413,false],"thumbnail":["https:\/\/arantv.az\/wp-content\/uploads\/2022\/03\/FotoJet-2022-03-16T022358.903-500x280.jpg",500,280,true],"medium":["https:\/\/arantv.az\/wp-content\/uploads\/2022\/03\/FotoJet-2022-03-16T022358.903-548x365.jpg",548,365,true],"large":["https:\/\/arantv.az\/wp-content\/uploads\/2022\/03\/FotoJet-2022-03-16T022358.903.jpg",620,413,false],"1536x1536":["https:\/\/arantv.az\/wp-content\/uploads\/2022\/03\/FotoJet-2022-03-16T022358.903.jpg",620,413,false],"2048x2048":["https:\/\/arantv.az\/wp-content\/uploads\/2022\/03\/FotoJet-2022-03-16T022358.903.jpg",620,413,false],"post-thumbnail":["https:\/\/arantv.az\/wp-content\/uploads\/2022\/03\/FotoJet-2022-03-16T022358.903-240x172.jpg",240,172,true],"advps-thumb-one":["https:\/\/arantv.az\/wp-content\/uploads\/2022\/03\/FotoJet-2022-03-16T022358.903.jpg",620,413,false]},"rttpg_author":{"display_name":"V\u00fcsal Rafiqo\u011flu","author_link":"https:\/\/arantv.az\/?author=2"},"rttpg_comment":0,"rttpg_category":"<a href=\"https:\/\/arantv.az\/?cat=7\" rel=\"category\">D\u00fcnya<\/a>","rttpg_excerpt":"Ukrayna Prezidenti Vladimir Zelenski \u00e7\u0259r\u015f\u0259nb\u0259 g\u00fcn\u00fc AB\u015e Konqresi qar\u015f\u0131s\u0131nda \u00e7\u0131x\u0131\u015f ed\u0259c\u0259yini t\u0259sdiql\u0259yib. Bu bar\u0259d\u0259 Ukrayna lideri \u201cFacebook\u201d hesab\u0131nda yay\u0131mlanan videom\u00fcraci\u0259tind\u0259 qeyd edib. \u201c\u00c7\u0259r\u015f\u0259nb\u0259 g\u00fcn\u00fc AB\u015e Konqresind\u0259 \u00e7\u0131x\u0131\u015f\u0131m planla\u015fd\u0131r\u0131l\u0131b. Vacib hadis\u0259dir\u201d, &#8211; dey\u0259 V.Zelenski bildirib. O, h\u0259m\u00e7inin Ukraynaya d\u0259st\u0259k \u00fc\u00e7\u00fcn ayr\u0131lm\u0131\u015f 13,6 milyardl\u0131q yard\u0131m paketi s\u0259b\u0259bil\u0259 AB\u015e Prezidenti Co Bayden\u0259 t\u0259\u015f\u0259kk\u00fcr\u00fcn\u00fc \u00e7atd\u0131r\u0131b. M\u0259nb\u0259: Unian.net","_links":{"self":[{"href":"https:\/\/arantv.az\/index.php?rest_route=\/wp\/v2\/posts\/452190"}],"collection":[{"href":"https:\/\/arantv.az\/index.php?rest_route=\/wp\/v2\/posts"}],"about":[{"href":"https:\/\/arantv.az\/index.php?rest_route=\/wp\/v2\/types\/post"}],"author":[{"embeddable":true,"href":"https:\/\/arantv.az\/index.php?rest_route=\/wp\/v2\/users\/2"}],"replies":[{"embeddable":true,"href":"https:\/\/arantv.az\/index.php?rest_route=%2Fwp%2Fv2%2Fcomments&post=452190"}],"version-history":[{"count":0,"href":"https:\/\/arantv.az\/index.php?rest_route=\/wp\/v2\/posts\/452190\/revisions"}],"wp:featuredmedia":[{"embeddable":true,"href":"https:\/\/arantv.az\/index.php?rest_route=\/wp\/v2\/media\/452191"}],"wp:attachment":[{"href":"https:\/\/arantv.az\/index.php?rest_route=%2Fwp%2Fv2%2Fmedia&parent=452190"}],"wp:term":[{"taxonomy":"category","embeddable":true,"href":"https:\/\/arantv.az\/index.php?rest_route=%2Fwp%2Fv2%2Fcategories&post=452190"},{"taxonomy":"post_tag","embeddable":true,"href":"https:\/\/arantv.az\/index.php?rest_route=%2Fwp%2Fv2%2Ftags&post=452190"}],"curies":[{"name":"wp","href":"https:\/\/api.w.org\/{rel}","templated":true}]}}