{"id":452193,"date":"2022-03-16T09:06:35","date_gmt":"2022-03-16T06:06:35","guid":{"rendered":"http:\/\/arantv.az\/?p=452193"},"modified":"2022-03-16T09:06:35","modified_gmt":"2022-03-16T06:06:35","slug":"mart-ayinin-pensiya-od%c9%99nisi-yekunlasdi","status":"publish","type":"post","link":"https:\/\/arantv.az\/?p=452193","title":{"rendered":"Mart ay\u0131n\u0131n pensiya \u00f6d\u0259ni\u015fi yekunla\u015fd\u0131"},"content":{"rendered":"<p>\u018fm\u0259k v\u0259 \u018fhalinin Sosial M\u00fcdafi\u0259si Nazirliyinin tabeliyind\u0259ki D\u00f6vl\u0259t Sosial M\u00fcdafi\u0259 Fondu respublika \u00fczr\u0259 mart ay\u0131n\u0131n pensiya \u00f6d\u0259ni\u015fini yekunla\u015fd\u0131r\u0131b.<\/p>\n<p>Nazirlikd\u0259n veril\u0259n m\u0259lumata g\u00f6r\u0259, mart\u0131n 10-da Bak\u0131 v\u0259 Sumqay\u0131t \u015f\u0259h\u0259rl\u0259ri, Ab\u015feron rayonu \u00fczr\u0259, bu g\u00fcn is\u0259 \u00f6lk\u0259mizin dig\u0259r b\u00f6lg\u0259l\u0259rind\u0259 ya\u015fayan \u015f\u0259xsl\u0259rin pensiyalar\u0131, habel\u0259 g\u00fcz\u0259\u015ftli \u015f\u0259rtl\u0259rl\u0259 t\u0259yin edilmi\u015f pensiyalar \u00f6d\u0259nilib.<\/p>\n<p>V\u0259t\u0259nda\u015flar pensiyalar\u0131n\u0131 onlara verilmi\u015f bank kartlar\u0131 vasit\u0259sil\u0259 m\u00fcvafiq banklar\u0131n bankomatlar\u0131ndan \u0259ld\u0259 ed\u0259 bil\u0259rl\u0259r.<\/p>\n","protected":false},"excerpt":{"rendered":"<p>\u018fm\u0259k v\u0259 \u018fhalinin Sosial M\u00fcdafi\u0259si Nazirliyinin tabeliyind\u0259ki D\u00f6vl\u0259t Sosial M\u00fcdafi\u0259 Fondu respublika \u00fczr\u0259 mart ay\u0131n\u0131n pensiya \u00f6d\u0259ni\u015fini yekunla\u015fd\u0131r\u0131b. Nazirlikd\u0259n veril\u0259n m\u0259lumata g\u00f6r\u0259, mart\u0131n 10-da Bak\u0131 v\u0259 Sumqay\u0131t \u015f\u0259h\u0259rl\u0259ri, Ab\u015feron rayonu \u00fczr\u0259, bu g\u00fcn is\u0259 \u00f6lk\u0259mizin dig\u0259r b\u00f6lg\u0259l\u0259rind\u0259 ya\u015fayan \u015f\u0259xsl\u0259rin pensiyalar\u0131, habel\u0259 g\u00fcz\u0259\u015ftli \u015f\u0259rtl\u0259rl\u0259 t\u0259yin edilmi\u015f pensiyalar \u00f6d\u0259nilib. V\u0259t\u0259nda\u015flar pensiyalar\u0131n\u0131 onlara verilmi\u015f bank kartlar\u0131 vasit\u0259sil\u0259 m\u00fcvafiq banklar\u0131n bankomatlar\u0131ndan \u0259ld\u0259 ed\u0259 bil\u0259rl\u0259r.<\/p>\n","protected":false},"author":2,"featured_media":260527,"comment_status":"closed","ping_status":"closed","sticky":false,"template":"","format":"standard","meta":{"om_disable_all_campaigns":false,"_monsterinsights_skip_tracking":false,"_monsterinsights_sitenote_active":false,"_monsterinsights_sitenote_note":"","_monsterinsights_sitenote_category":0},"categories":[1],"tags":[],"aioseo_notices":[],"gutentor_comment":0,"rttpg_featured_image_url":{"full":["https:\/\/arantv.az\/wp-content\/uploads\/2020\/12\/manat_esas_5475.jpg",620,336,false],"landscape":["https:\/\/arantv.az\/wp-content\/uploads\/2020\/12\/manat_esas_5475.jpg",620,336,false],"portraits":["https:\/\/arantv.az\/wp-content\/uploads\/2020\/12\/manat_esas_5475.jpg",620,336,false],"thumbnail":["https:\/\/arantv.az\/wp-content\/uploads\/2020\/12\/manat_esas_5475-150x150.jpg",150,150,true],"medium":["https:\/\/arantv.az\/wp-content\/uploads\/2020\/12\/manat_esas_5475-300x163.jpg",300,163,true],"large":["https:\/\/arantv.az\/wp-content\/uploads\/2020\/12\/manat_esas_5475.jpg",620,336,false],"1536x1536":["https:\/\/arantv.az\/wp-content\/uploads\/2020\/12\/manat_esas_5475.jpg",620,336,false],"2048x2048":["https:\/\/arantv.az\/wp-content\/uploads\/2020\/12\/manat_esas_5475.jpg",620,336,false],"post-thumbnail":["https:\/\/arantv.az\/wp-content\/uploads\/2020\/12\/manat_esas_5475-240x172.jpg",240,172,true],"advps-thumb-one":["https:\/\/arantv.az\/wp-content\/uploads\/2020\/12\/manat_esas_5475.jpg",620,336,false]},"rttpg_author":{"display_name":"V\u00fcsal Rafiqo\u011flu","author_link":"https:\/\/arantv.az\/?author=2"},"rttpg_comment":0,"rttpg_category":"<a href=\"https:\/\/arantv.az\/?cat=1\" rel=\"category\">C\u0259miyy\u0259t<\/a>","rttpg_excerpt":"\u018fm\u0259k v\u0259 \u018fhalinin Sosial M\u00fcdafi\u0259si Nazirliyinin tabeliyind\u0259ki D\u00f6vl\u0259t Sosial M\u00fcdafi\u0259 Fondu respublika \u00fczr\u0259 mart ay\u0131n\u0131n pensiya \u00f6d\u0259ni\u015fini yekunla\u015fd\u0131r\u0131b. Nazirlikd\u0259n veril\u0259n m\u0259lumata g\u00f6r\u0259, mart\u0131n 10-da Bak\u0131 v\u0259 Sumqay\u0131t \u015f\u0259h\u0259rl\u0259ri, Ab\u015feron rayonu \u00fczr\u0259, bu g\u00fcn is\u0259 \u00f6lk\u0259mizin dig\u0259r b\u00f6lg\u0259l\u0259rind\u0259 ya\u015fayan \u015f\u0259xsl\u0259rin pensiyalar\u0131, habel\u0259 g\u00fcz\u0259\u015ftli \u015f\u0259rtl\u0259rl\u0259 t\u0259yin edilmi\u015f pensiyalar \u00f6d\u0259nilib. V\u0259t\u0259nda\u015flar pensiyalar\u0131n\u0131 onlara verilmi\u015f bank kartlar\u0131 vasit\u0259sil\u0259 m\u00fcvafiq&hellip;","_links":{"self":[{"href":"https:\/\/arantv.az\/index.php?rest_route=\/wp\/v2\/posts\/452193"}],"collection":[{"href":"https:\/\/arantv.az\/index.php?rest_route=\/wp\/v2\/posts"}],"about":[{"href":"https:\/\/arantv.az\/index.php?rest_route=\/wp\/v2\/types\/post"}],"author":[{"embeddable":true,"href":"https:\/\/arantv.az\/index.php?rest_route=\/wp\/v2\/users\/2"}],"replies":[{"embeddable":true,"href":"https:\/\/arantv.az\/index.php?rest_route=%2Fwp%2Fv2%2Fcomments&post=452193"}],"version-history":[{"count":0,"href":"https:\/\/arantv.az\/index.php?rest_route=\/wp\/v2\/posts\/452193\/revisions"}],"wp:featuredmedia":[{"embeddable":true,"href":"https:\/\/arantv.az\/index.php?rest_route=\/wp\/v2\/media\/260527"}],"wp:attachment":[{"href":"https:\/\/arantv.az\/index.php?rest_route=%2Fwp%2Fv2%2Fmedia&parent=452193"}],"wp:term":[{"taxonomy":"category","embeddable":true,"href":"https:\/\/arantv.az\/index.php?rest_route=%2Fwp%2Fv2%2Fcategories&post=452193"},{"taxonomy":"post_tag","embeddable":true,"href":"https:\/\/arantv.az\/index.php?rest_route=%2Fwp%2Fv2%2Ftags&post=452193"}],"curies":[{"name":"wp","href":"https:\/\/api.w.org\/{rel}","templated":true}]}}