{"id":452210,"date":"2022-03-16T09:44:18","date_gmt":"2022-03-16T06:44:18","guid":{"rendered":"http:\/\/arantv.az\/?p=452210"},"modified":"2022-03-16T09:44:18","modified_gmt":"2022-03-16T06:44:18","slug":"sumqayit-s%c9%99h%c9%99r-m%c9%99hk%c9%99m%c9%99sinin-hakimi-yeni-v%c9%99zif%c9%99y%c9%99-t%c9%99yin-edildi","status":"publish","type":"post","link":"https:\/\/arantv.az\/?p=452210","title":{"rendered":"Sumqay\u0131t \u015e\u0259h\u0259r M\u0259hk\u0259m\u0259sinin hakimi yeni v\u0259zif\u0259y\u0259 t\u0259yin edildi"},"content":{"rendered":"<p>Sumqay\u0131t \u015e\u0259h\u0259r M\u0259hk\u0259m\u0259sin\u0259 k\u00fctl\u0259vi informasiya vasit\u0259l\u0259ri il\u0259 \u0259laq\u0259l\u0259r\u0259 m\u0259sul \u015f\u0259xs t\u0259yin edilib.<\/p>\n<div class=\"AdviadNativeVideo\"><\/div>\n<p>Bu bar\u0259d\u0259 \u201cReport\u201da m\u0259hk\u0259m\u0259d\u0259n m\u0259lumat verilib.<\/p>\n<p>Bildirilib ki, bu v\u0259zif\u0259 m\u0259hk\u0259m\u0259nin hakimi Az\u0259r \u0130smay\u0131lova tap\u015f\u0131r\u0131l\u0131b.<\/p>\n<p>Qeyd ed\u0259k ki, 1974-c\u00fc il t\u0259v\u0259ll\u00fcdl\u00fc \u0130smay\u0131lov Az\u0259r \u0130brahim o\u011flu 2013-c\u00fc ild\u0259n Sumqay\u0131t \u015e\u0259h\u0259r M\u0259hk\u0259m\u0259sinin hakimi i\u015fl\u0259yir.<\/p>\n<p>O, 1997-2000-ci ill\u0259rd\u0259 N\u0259simi Rayon M\u0259hk\u0259m\u0259sind\u0259 karg\u00fczar, iclas katibi, 2001-2008-ci ill\u0259rd\u0259 Sumqay\u0131t \u015e\u0259h\u0259r M\u0259hk\u0259m\u0259sind\u0259 m\u0259sl\u0259h\u0259t\u00e7i, b\u00f6y\u00fck m\u0259sl\u0259h\u0259t\u00e7i, 2008-2013-c\u00fc ill\u0259rd\u0259 is\u0259 Nizami Rayon M\u0259hk\u0259m\u0259sinin (Bak\u0131) hakimi v\u0259zif\u0259sind\u0259 \u00e7al\u0131\u015f\u0131b.<\/p>\n","protected":false},"excerpt":{"rendered":"<p>Sumqay\u0131t \u015e\u0259h\u0259r M\u0259hk\u0259m\u0259sin\u0259 k\u00fctl\u0259vi informasiya vasit\u0259l\u0259ri il\u0259 \u0259laq\u0259l\u0259r\u0259 m\u0259sul \u015f\u0259xs t\u0259yin edilib. Bu bar\u0259d\u0259 \u201cReport\u201da m\u0259hk\u0259m\u0259d\u0259n m\u0259lumat verilib. Bildirilib ki, bu v\u0259zif\u0259 m\u0259hk\u0259m\u0259nin hakimi Az\u0259r \u0130smay\u0131lova tap\u015f\u0131r\u0131l\u0131b. Qeyd ed\u0259k ki, 1974-c\u00fc il t\u0259v\u0259ll\u00fcdl\u00fc \u0130smay\u0131lov Az\u0259r \u0130brahim o\u011flu 2013-c\u00fc ild\u0259n Sumqay\u0131t \u015e\u0259h\u0259r M\u0259hk\u0259m\u0259sinin hakimi i\u015fl\u0259yir. O, 1997-2000-ci ill\u0259rd\u0259 N\u0259simi Rayon M\u0259hk\u0259m\u0259sind\u0259 karg\u00fczar, iclas katibi, 2001-2008-ci ill\u0259rd\u0259 Sumqay\u0131t \u015e\u0259h\u0259r M\u0259hk\u0259m\u0259sind\u0259 m\u0259sl\u0259h\u0259t\u00e7i, b\u00f6y\u00fck m\u0259sl\u0259h\u0259t\u00e7i, 2008-2013-c\u00fc ill\u0259rd\u0259 is\u0259 Nizami Rayon M\u0259hk\u0259m\u0259sinin (Bak\u0131) hakimi v\u0259zif\u0259sind\u0259 \u00e7al\u0131\u015f\u0131b.<\/p>\n","protected":false},"author":2,"featured_media":452211,"comment_status":"closed","ping_status":"closed","sticky":false,"template":"","format":"standard","meta":{"om_disable_all_campaigns":false,"_monsterinsights_skip_tracking":false,"_monsterinsights_sitenote_active":false,"_monsterinsights_sitenote_note":"","_monsterinsights_sitenote_category":0},"categories":[1],"tags":[],"aioseo_notices":[],"gutentor_comment":0,"rttpg_featured_image_url":{"full":["https:\/\/arantv.az\/wp-content\/uploads\/2022\/03\/22a102b4-b6ad-3754-ab1f-6f3bdf2a3fac_850.jpg",620,387,false],"landscape":["https:\/\/arantv.az\/wp-content\/uploads\/2022\/03\/22a102b4-b6ad-3754-ab1f-6f3bdf2a3fac_850.jpg",620,387,false],"portraits":["https:\/\/arantv.az\/wp-content\/uploads\/2022\/03\/22a102b4-b6ad-3754-ab1f-6f3bdf2a3fac_850.jpg",620,387,false],"thumbnail":["https:\/\/arantv.az\/wp-content\/uploads\/2022\/03\/22a102b4-b6ad-3754-ab1f-6f3bdf2a3fac_850-500x280.jpg",500,280,true],"medium":["https:\/\/arantv.az\/wp-content\/uploads\/2022\/03\/22a102b4-b6ad-3754-ab1f-6f3bdf2a3fac_850-585x365.jpg",585,365,true],"large":["https:\/\/arantv.az\/wp-content\/uploads\/2022\/03\/22a102b4-b6ad-3754-ab1f-6f3bdf2a3fac_850.jpg",620,387,false],"1536x1536":["https:\/\/arantv.az\/wp-content\/uploads\/2022\/03\/22a102b4-b6ad-3754-ab1f-6f3bdf2a3fac_850.jpg",620,387,false],"2048x2048":["https:\/\/arantv.az\/wp-content\/uploads\/2022\/03\/22a102b4-b6ad-3754-ab1f-6f3bdf2a3fac_850.jpg",620,387,false],"post-thumbnail":["https:\/\/arantv.az\/wp-content\/uploads\/2022\/03\/22a102b4-b6ad-3754-ab1f-6f3bdf2a3fac_850-240x172.jpg",240,172,true],"advps-thumb-one":["https:\/\/arantv.az\/wp-content\/uploads\/2022\/03\/22a102b4-b6ad-3754-ab1f-6f3bdf2a3fac_850.jpg",620,387,false]},"rttpg_author":{"display_name":"V\u00fcsal Rafiqo\u011flu","author_link":"https:\/\/arantv.az\/?author=2"},"rttpg_comment":0,"rttpg_category":"<a href=\"https:\/\/arantv.az\/?cat=1\" rel=\"category\">C\u0259miyy\u0259t<\/a>","rttpg_excerpt":"Sumqay\u0131t \u015e\u0259h\u0259r M\u0259hk\u0259m\u0259sin\u0259 k\u00fctl\u0259vi informasiya vasit\u0259l\u0259ri il\u0259 \u0259laq\u0259l\u0259r\u0259 m\u0259sul \u015f\u0259xs t\u0259yin edilib. Bu bar\u0259d\u0259 \u201cReport\u201da m\u0259hk\u0259m\u0259d\u0259n m\u0259lumat verilib. Bildirilib ki, bu v\u0259zif\u0259 m\u0259hk\u0259m\u0259nin hakimi Az\u0259r \u0130smay\u0131lova tap\u015f\u0131r\u0131l\u0131b. Qeyd ed\u0259k ki, 1974-c\u00fc il t\u0259v\u0259ll\u00fcdl\u00fc \u0130smay\u0131lov Az\u0259r \u0130brahim o\u011flu 2013-c\u00fc ild\u0259n Sumqay\u0131t \u015e\u0259h\u0259r M\u0259hk\u0259m\u0259sinin hakimi i\u015fl\u0259yir. O, 1997-2000-ci ill\u0259rd\u0259 N\u0259simi Rayon M\u0259hk\u0259m\u0259sind\u0259 karg\u00fczar, iclas katibi, 2001-2008-ci ill\u0259rd\u0259&hellip;","_links":{"self":[{"href":"https:\/\/arantv.az\/index.php?rest_route=\/wp\/v2\/posts\/452210"}],"collection":[{"href":"https:\/\/arantv.az\/index.php?rest_route=\/wp\/v2\/posts"}],"about":[{"href":"https:\/\/arantv.az\/index.php?rest_route=\/wp\/v2\/types\/post"}],"author":[{"embeddable":true,"href":"https:\/\/arantv.az\/index.php?rest_route=\/wp\/v2\/users\/2"}],"replies":[{"embeddable":true,"href":"https:\/\/arantv.az\/index.php?rest_route=%2Fwp%2Fv2%2Fcomments&post=452210"}],"version-history":[{"count":0,"href":"https:\/\/arantv.az\/index.php?rest_route=\/wp\/v2\/posts\/452210\/revisions"}],"wp:featuredmedia":[{"embeddable":true,"href":"https:\/\/arantv.az\/index.php?rest_route=\/wp\/v2\/media\/452211"}],"wp:attachment":[{"href":"https:\/\/arantv.az\/index.php?rest_route=%2Fwp%2Fv2%2Fmedia&parent=452210"}],"wp:term":[{"taxonomy":"category","embeddable":true,"href":"https:\/\/arantv.az\/index.php?rest_route=%2Fwp%2Fv2%2Fcategories&post=452210"},{"taxonomy":"post_tag","embeddable":true,"href":"https:\/\/arantv.az\/index.php?rest_route=%2Fwp%2Fv2%2Ftags&post=452210"}],"curies":[{"name":"wp","href":"https:\/\/api.w.org\/{rel}","templated":true}]}}