{"id":452216,"date":"2022-03-16T09:59:03","date_gmt":"2022-03-16T06:59:03","guid":{"rendered":"http:\/\/arantv.az\/?p=452216"},"modified":"2022-03-16T09:59:03","modified_gmt":"2022-03-16T06:59:03","slug":"ai-%c9%99rzaq-bohrani-ehtimalini-istisna-etmir","status":"publish","type":"post","link":"https:\/\/arantv.az\/?p=452216","title":{"rendered":"A\u0130 \u0259rzaq b\u00f6hran\u0131 ehtimal\u0131n\u0131 istisna etmir"},"content":{"rendered":"<p>Avropa \u0130ttifaq\u0131 (A\u0130) Ukrayna hadis\u0259l\u0259ri n\u0259tic\u0259sind\u0259 Avropada \u0259rzaq b\u00f6hran\u0131n\u0131n yaranmas\u0131 ehtimal\u0131n\u0131 ciddi \u015f\u0259kild\u0259 n\u0259z\u0259rd\u0259n ke\u00e7irir, Avropa Komissiyas\u0131 (AK) bu m\u0259s\u0259l\u0259 il\u0259 ba\u011fl\u0131 g\u0259l\u0259n h\u0259ft\u0259 \u00fc\u00e7\u00fcn x\u00fcsusi hesabat haz\u0131rlay\u0131r.<\/p>\n<p><strong>ARANTV.AZ<\/strong> &#8220;Interfax&#8221;a istinad\u0259n x\u0259b\u0259r verir ki, bu bar\u0259d\u0259 AK-nin r\u0259smi n\u00fcmay\u0259nd\u0259si Miriam Qarsia Ferrer bildirib.<\/p>\n<p>&#8220;Biz aqrar-s\u0259naye sektorunda yeni \u00e7a\u011f\u0131r\u0131\u015fla \u00fcz-\u00fcz\u0259yik. Ukrayna v\u0259 Rusiyan\u0131n b\u00f6y\u00fck h\u0259cmd\u0259 ixrac olunan \u0259rzaq m\u0259hsullar\u0131n\u0131n \u0259sas t\u0259dar\u00fck\u00e7\u00fcl\u0259ri olmas\u0131 s\u0259b\u0259bind\u0259n v\u0259ziyy\u0259ti v\u0259 onun k\u0259nd t\u0259s\u0259rr\u00fcfat\u0131 istehsal\u00e7\u0131lar\u0131m\u0131z v\u0259 d\u00fcnyan\u0131n \u0259rzaq t\u0259hl\u00fck\u0259sizliyi \u00fc\u00e7\u00fcn n\u0259tic\u0259l\u0259rini izl\u0259yirik&#8221;, &#8211; xan\u0131m Qarsia qeyd edib.<\/p>\n<p>Onun s\u00f6zl\u0259rin\u0259 g\u00f6r\u0259, indiki m\u0259rh\u0259l\u0259d\u0259 Avropa \u0259sas tax\u0131l istehsal\u00e7\u0131s\u0131 oldu\u011fu \u00fc\u00e7\u00fcn \u0130ttifaq\u0131n \u0259rzaq t\u0259hl\u00fck\u0259sizliyin\u0259 he\u00e7 bir t\u0259hdid yoxdur: &#8220;Lakin ticar\u0259t m\u00fcbadil\u0259sinin pozulmas\u0131 s\u0259b\u0259bind\u0259n qiym\u0259t t\u0259sirl\u0259ri olacaq&#8221;.<\/p>\n<p>O h\u0259m\u00e7inin \u0259lav\u0259 edib ki, Avropa Komissiyas\u0131 bununla ba\u011fl\u0131 g\u0259l\u0259n h\u0259ft\u0259 t\u0259qdim olunacaq bir m\u0259lumat haz\u0131rlay\u0131r.<\/p>\n<p>Onun s\u00f6zl\u0259rin\u0259 g\u00f6r\u0259, q\u0131sam\u00fcdd\u0259tli perspektivd\u0259 \u0259sas probleml\u0259rd\u0259n biri g\u00fcbr\u0259l\u0259rin qiym\u0259tl\u0259rinin artmas\u0131d\u0131r.<\/p>\n<p>&#8220;Ortam\u00fcdd\u0259tli perspektivd\u0259 biz diqq\u0259ti etibarl\u0131 v\u0259 dayan\u0131ql\u0131 aqro-\u0259rzaq sistemin\u0259 y\u00f6n\u0259ld\u0259c\u0259yik&#8221;, &#8211; AK n\u00fcmay\u0259nd\u0259si qeyd edib.<\/p>\n","protected":false},"excerpt":{"rendered":"<p>Avropa \u0130ttifaq\u0131 (A\u0130) Ukrayna hadis\u0259l\u0259ri n\u0259tic\u0259sind\u0259 Avropada \u0259rzaq b\u00f6hran\u0131n\u0131n yaranmas\u0131 ehtimal\u0131n\u0131 ciddi \u015f\u0259kild\u0259 n\u0259z\u0259rd\u0259n ke\u00e7irir, Avropa Komissiyas\u0131 (AK) bu m\u0259s\u0259l\u0259 il\u0259 ba\u011fl\u0131 g\u0259l\u0259n h\u0259ft\u0259 \u00fc\u00e7\u00fcn x\u00fcsusi hesabat haz\u0131rlay\u0131r. ARANTV.AZ &#8220;Interfax&#8221;a istinad\u0259n x\u0259b\u0259r verir ki, bu bar\u0259d\u0259 AK-nin r\u0259smi n\u00fcmay\u0259nd\u0259si Miriam Qarsia Ferrer bildirib. &#8220;Biz aqrar-s\u0259naye sektorunda yeni \u00e7a\u011f\u0131r\u0131\u015fla \u00fcz-\u00fcz\u0259yik. Ukrayna v\u0259 Rusiyan\u0131n b\u00f6y\u00fck h\u0259cmd\u0259 ixrac olunan \u0259rzaq m\u0259hsullar\u0131n\u0131n \u0259sas t\u0259dar\u00fck\u00e7\u00fcl\u0259ri olmas\u0131 s\u0259b\u0259bind\u0259n v\u0259ziyy\u0259ti v\u0259 onun k\u0259nd t\u0259s\u0259rr\u00fcfat\u0131 istehsal\u00e7\u0131lar\u0131m\u0131z v\u0259 d\u00fcnyan\u0131n \u0259rzaq t\u0259hl\u00fck\u0259sizliyi \u00fc\u00e7\u00fcn n\u0259tic\u0259l\u0259rini izl\u0259yirik&#8221;, &#8211; xan\u0131m Qarsia qeyd edib. Onun s\u00f6zl\u0259rin\u0259 g\u00f6r\u0259, indiki m\u0259rh\u0259l\u0259d\u0259 Avropa \u0259sas tax\u0131l istehsal\u00e7\u0131s\u0131 oldu\u011fu&hellip;<\/p>\n","protected":false},"author":2,"featured_media":452217,"comment_status":"closed","ping_status":"closed","sticky":false,"template":"","format":"standard","meta":{"om_disable_all_campaigns":false,"_monsterinsights_skip_tracking":false,"_monsterinsights_sitenote_active":false,"_monsterinsights_sitenote_note":"","_monsterinsights_sitenote_category":0},"categories":[19],"tags":[],"aioseo_notices":[],"gutentor_comment":0,"rttpg_featured_image_url":{"full":["https:\/\/arantv.az\/wp-content\/uploads\/2022\/03\/376d41c3164741088051956259610598970.jpg",975,540,false],"landscape":["https:\/\/arantv.az\/wp-content\/uploads\/2022\/03\/376d41c3164741088051956259610598970.jpg",975,540,false],"portraits":["https:\/\/arantv.az\/wp-content\/uploads\/2022\/03\/376d41c3164741088051956259610598970.jpg",975,540,false],"thumbnail":["https:\/\/arantv.az\/wp-content\/uploads\/2022\/03\/376d41c3164741088051956259610598970-500x280.jpg",500,280,true],"medium":["https:\/\/arantv.az\/wp-content\/uploads\/2022\/03\/376d41c3164741088051956259610598970-660x365.jpg",660,365,true],"large":["https:\/\/arantv.az\/wp-content\/uploads\/2022\/03\/376d41c3164741088051956259610598970-840x465.jpg",640,354,true],"1536x1536":["https:\/\/arantv.az\/wp-content\/uploads\/2022\/03\/376d41c3164741088051956259610598970.jpg",975,540,false],"2048x2048":["https:\/\/arantv.az\/wp-content\/uploads\/2022\/03\/376d41c3164741088051956259610598970.jpg",975,540,false],"post-thumbnail":["https:\/\/arantv.az\/wp-content\/uploads\/2022\/03\/376d41c3164741088051956259610598970-240x172.jpg",240,172,true],"advps-thumb-one":["https:\/\/arantv.az\/wp-content\/uploads\/2022\/03\/376d41c3164741088051956259610598970.jpg",975,540,false]},"rttpg_author":{"display_name":"V\u00fcsal Rafiqo\u011flu","author_link":"https:\/\/arantv.az\/?author=2"},"rttpg_comment":0,"rttpg_category":"<a href=\"https:\/\/arantv.az\/?cat=19\" rel=\"category\">G\u00fcnd\u0259m<\/a>","rttpg_excerpt":"Avropa \u0130ttifaq\u0131 (A\u0130) Ukrayna hadis\u0259l\u0259ri n\u0259tic\u0259sind\u0259 Avropada \u0259rzaq b\u00f6hran\u0131n\u0131n yaranmas\u0131 ehtimal\u0131n\u0131 ciddi \u015f\u0259kild\u0259 n\u0259z\u0259rd\u0259n ke\u00e7irir, Avropa Komissiyas\u0131 (AK) bu m\u0259s\u0259l\u0259 il\u0259 ba\u011fl\u0131 g\u0259l\u0259n h\u0259ft\u0259 \u00fc\u00e7\u00fcn x\u00fcsusi hesabat haz\u0131rlay\u0131r. ARANTV.AZ &#8220;Interfax&#8221;a istinad\u0259n x\u0259b\u0259r verir ki, bu bar\u0259d\u0259 AK-nin r\u0259smi n\u00fcmay\u0259nd\u0259si Miriam Qarsia Ferrer bildirib. &#8220;Biz aqrar-s\u0259naye sektorunda yeni \u00e7a\u011f\u0131r\u0131\u015fla \u00fcz-\u00fcz\u0259yik. Ukrayna v\u0259 Rusiyan\u0131n b\u00f6y\u00fck h\u0259cmd\u0259 ixrac&hellip;","_links":{"self":[{"href":"https:\/\/arantv.az\/index.php?rest_route=\/wp\/v2\/posts\/452216"}],"collection":[{"href":"https:\/\/arantv.az\/index.php?rest_route=\/wp\/v2\/posts"}],"about":[{"href":"https:\/\/arantv.az\/index.php?rest_route=\/wp\/v2\/types\/post"}],"author":[{"embeddable":true,"href":"https:\/\/arantv.az\/index.php?rest_route=\/wp\/v2\/users\/2"}],"replies":[{"embeddable":true,"href":"https:\/\/arantv.az\/index.php?rest_route=%2Fwp%2Fv2%2Fcomments&post=452216"}],"version-history":[{"count":0,"href":"https:\/\/arantv.az\/index.php?rest_route=\/wp\/v2\/posts\/452216\/revisions"}],"wp:featuredmedia":[{"embeddable":true,"href":"https:\/\/arantv.az\/index.php?rest_route=\/wp\/v2\/media\/452217"}],"wp:attachment":[{"href":"https:\/\/arantv.az\/index.php?rest_route=%2Fwp%2Fv2%2Fmedia&parent=452216"}],"wp:term":[{"taxonomy":"category","embeddable":true,"href":"https:\/\/arantv.az\/index.php?rest_route=%2Fwp%2Fv2%2Fcategories&post=452216"},{"taxonomy":"post_tag","embeddable":true,"href":"https:\/\/arantv.az\/index.php?rest_route=%2Fwp%2Fv2%2Ftags&post=452216"}],"curies":[{"name":"wp","href":"https:\/\/api.w.org\/{rel}","templated":true}]}}