{"id":452222,"date":"2022-03-16T10:01:56","date_gmt":"2022-03-16T07:01:56","guid":{"rendered":"http:\/\/arantv.az\/?p=452222"},"modified":"2022-03-16T10:01:56","modified_gmt":"2022-03-16T07:01:56","slug":"erm%c9%99ni-deputatdan-etiraf-qarabag-az%c9%99rbaycandir","status":"publish","type":"post","link":"https:\/\/arantv.az\/?p=452222","title":{"rendered":"Erm\u0259ni deputatdan etiraf: &#8220;Qaraba\u011f Az\u0259rbaycand\u0131r&#8221;"},"content":{"rendered":"<p><strong>Erm\u0259nistan parlameninin Xarici \u018flaq\u0259l\u0259r Daimi Komit\u0259sinin s\u0259dri Eduard A\u011facanyan &#8220;Azadl\u0131q&#8221; radiosunun erm\u0259ni xidm\u0259tin\u0259 verdiyi m\u00fcsahib\u0259d\u0259 bir s\u0131ra maraql\u0131 m\u0259qamlara toxunub.<\/strong><\/p>\n<p>Qaraba\u011f\u0131n Az\u0259rbaycan torpa\u011f\u0131 oldu\u011funu etiraf ed\u0259n erm\u0259ni deputat \u0259vv\u0259lc\u0259 b\u0259yan edib ki, Erm\u0259nistan 1991-ci ild\u0259 MDB-nin M\u00fcst\u0259qil D\u00f6vl\u0259tl\u0259r Birliyinin yarad\u0131lmas\u0131 haqq\u0131nda sazi\u015fi imzalayaraq Az\u0259rbaycan\u0131n \u0259razi b\u00fct\u00f6vl\u00fcy\u00fcn\u00fc tan\u0131y\u0131b:<\/p>\n<p>&#8220;H\u0259r iki d\u00f6vl\u0259t faktiki olaraq, bir-birinin \u0259razi b\u00fct\u00f6vl\u00fcy\u00fcn\u00fc tam olaraq tan\u0131y\u0131b. V\u0259 buna uy\u011fun olaraq Erm\u0259nistan\u0131n Az\u0259rbaycan \u0259razisind\u0259 he\u00e7 bir ambisiyas\u0131 yoxdur&#8221;.<\/p>\n<p>Az\u0259rbaycan\u0131n d\u0259f\u0259l\u0259rl\u0259 b\u00fct\u00fcn Da\u011fl\u0131q Qaraba\u011f\u0131n Az\u0259rbaycan\u0131n \u0259razisi oldu\u011funu bildirm\u0259sin\u0259 A\u011facanyan\u0131n cavab\u0131 bel\u0259 olub ki, &#8220;hesab edir\u0259m ki, bu proses m\u00fczakir\u0259 edilm\u0259li, Qaraba\u011f\u0131n yekun statusu m\u00fczakir\u0259 edilm\u0259lidir v\u0259 biz s\u00fclh m\u00fcqavil\u0259sinin yekun ratifikasiyas\u0131 v\u0259 imzalanmas\u0131 \u00e7\u0259r\u00e7iv\u0259sind\u0259 yekun statusa \u00e7atmal\u0131y\u0131q&#8221;.<\/p>\n<p>Jurnalistin ayd\u0131nla\u015fd\u0131r\u0131c\u0131 sual\u0131na h\u00f6kum\u0259ty\u00f6nl\u00fc deputat &#8220;beyn\u0259lxalq s\u0259viyy\u0259d\u0259 tan\u0131nm\u0131\u015f, 1990-c\u0131 ill\u0259rin \u0259vv\u0259ll\u0259rind\u0259 b\u00fct\u00f6vl\u00fcy\u00fc Erm\u0259nistan t\u0259r\u0259find\u0259n tan\u0131nan Az\u0259rbaycan Respublikas\u0131 var. Bir d\u0259 sovet d\u00f6vr\u00fcnd\u0259 m\u00fc\u0259yy\u0259n muxtariyyat\u0131 olan qondarma Da\u011fl\u0131q Qaraba\u011f Respublikas\u0131n\u0131n \u0259razisi var. Bu sah\u0259d\u0259 problem is\u0259 burada ya\u015fayan etnik erm\u0259nil\u0259r\u0259 m\u00fcnasib\u0259td\u0259 onlar\u0131n etnik m\u0259nsubiyy\u0259tind\u0259n ir\u0259li g\u0259l\u0259n konkret h\u0259r\u0259k\u0259tl\u0259r n\u0259tic\u0259sind\u0259 yaran\u0131b ki, bu da geni\u015fmiqyasl\u0131 m\u00fcharib\u0259 il\u0259 n\u0259tic\u0259l\u0259nib, onun n\u0259tic\u0259l\u0259rini bu g\u00fcn ya\u015fay\u0131r\u0131q&#8221;, &#8211; deyib.A\u011facanyan\u0131n s\u00f6zl\u0259rin\u0259 g\u00f6r\u0259, bu m\u0259s\u0259l\u0259 beyn\u0259lxalq normalara, Erm\u0259nistan\u0131n \u00f6z m\u00f6vqeyin\u0259 malik oldu\u011fu prinsipl\u0259r\u0259 uy\u011fun h\u0259ll olunmal\u0131d\u0131r v\u0259 o, bunu dan\u0131\u015f\u0131qlar masas\u0131 arxas\u0131nda \u0259yani \u015f\u0259kild\u0259 n\u00fcmayi\u015f etdirm\u0259k niyy\u0259tind\u0259dir: &#8220;Qaraba\u011f\u0131n yekun statusu da daxil olmaqla, dan\u0131\u015f\u0131qlara ba\u015flamaq laz\u0131md\u0131r&#8221;, &#8211; dey\u0259 fikrini tamamlay\u0131b.<\/p>\n","protected":false},"excerpt":{"rendered":"<p>Erm\u0259nistan parlameninin Xarici \u018flaq\u0259l\u0259r Daimi Komit\u0259sinin s\u0259dri Eduard A\u011facanyan &#8220;Azadl\u0131q&#8221; radiosunun erm\u0259ni xidm\u0259tin\u0259 verdiyi m\u00fcsahib\u0259d\u0259 bir s\u0131ra maraql\u0131 m\u0259qamlara toxunub. Qaraba\u011f\u0131n Az\u0259rbaycan torpa\u011f\u0131 oldu\u011funu etiraf ed\u0259n erm\u0259ni deputat \u0259vv\u0259lc\u0259 b\u0259yan edib ki, Erm\u0259nistan 1991-ci ild\u0259 MDB-nin M\u00fcst\u0259qil D\u00f6vl\u0259tl\u0259r Birliyinin yarad\u0131lmas\u0131 haqq\u0131nda sazi\u015fi imzalayaraq Az\u0259rbaycan\u0131n \u0259razi b\u00fct\u00f6vl\u00fcy\u00fcn\u00fc tan\u0131y\u0131b: &#8220;H\u0259r iki d\u00f6vl\u0259t faktiki olaraq, bir-birinin \u0259razi b\u00fct\u00f6vl\u00fcy\u00fcn\u00fc tam olaraq tan\u0131y\u0131b. V\u0259 buna uy\u011fun olaraq Erm\u0259nistan\u0131n Az\u0259rbaycan \u0259razisind\u0259 he\u00e7 bir ambisiyas\u0131 yoxdur&#8221;. Az\u0259rbaycan\u0131n d\u0259f\u0259l\u0259rl\u0259 b\u00fct\u00fcn Da\u011fl\u0131q Qaraba\u011f\u0131n Az\u0259rbaycan\u0131n \u0259razisi oldu\u011funu bildirm\u0259sin\u0259 A\u011facanyan\u0131n cavab\u0131 bel\u0259 olub ki, &#8220;hesab edir\u0259m ki, bu proses m\u00fczakir\u0259 edilm\u0259li,&hellip;<\/p>\n","protected":false},"author":2,"featured_media":452223,"comment_status":"closed","ping_status":"closed","sticky":false,"template":"","format":"standard","meta":{"om_disable_all_campaigns":false,"_monsterinsights_skip_tracking":false,"_monsterinsights_sitenote_active":false,"_monsterinsights_sitenote_note":"","_monsterinsights_sitenote_category":0},"categories":[19],"tags":[],"aioseo_notices":[],"gutentor_comment":0,"rttpg_featured_image_url":{"full":["https:\/\/arantv.az\/wp-content\/uploads\/2022\/03\/1027539.jpg",800,541,false],"landscape":["https:\/\/arantv.az\/wp-content\/uploads\/2022\/03\/1027539.jpg",800,541,false],"portraits":["https:\/\/arantv.az\/wp-content\/uploads\/2022\/03\/1027539.jpg",800,541,false],"thumbnail":["https:\/\/arantv.az\/wp-content\/uploads\/2022\/03\/1027539-500x280.jpg",500,280,true],"medium":["https:\/\/arantv.az\/wp-content\/uploads\/2022\/03\/1027539-540x365.jpg",540,365,true],"large":["https:\/\/arantv.az\/wp-content\/uploads\/2022\/03\/1027539.jpg",640,433,false],"1536x1536":["https:\/\/arantv.az\/wp-content\/uploads\/2022\/03\/1027539.jpg",800,541,false],"2048x2048":["https:\/\/arantv.az\/wp-content\/uploads\/2022\/03\/1027539.jpg",800,541,false],"post-thumbnail":["https:\/\/arantv.az\/wp-content\/uploads\/2022\/03\/1027539-240x172.jpg",240,172,true],"advps-thumb-one":["https:\/\/arantv.az\/wp-content\/uploads\/2022\/03\/1027539.jpg",800,541,false]},"rttpg_author":{"display_name":"V\u00fcsal Rafiqo\u011flu","author_link":"https:\/\/arantv.az\/?author=2"},"rttpg_comment":0,"rttpg_category":"<a href=\"https:\/\/arantv.az\/?cat=19\" rel=\"category\">G\u00fcnd\u0259m<\/a>","rttpg_excerpt":"Erm\u0259nistan parlameninin Xarici \u018flaq\u0259l\u0259r Daimi Komit\u0259sinin s\u0259dri Eduard A\u011facanyan &#8220;Azadl\u0131q&#8221; radiosunun erm\u0259ni xidm\u0259tin\u0259 verdiyi m\u00fcsahib\u0259d\u0259 bir s\u0131ra maraql\u0131 m\u0259qamlara toxunub. Qaraba\u011f\u0131n Az\u0259rbaycan torpa\u011f\u0131 oldu\u011funu etiraf ed\u0259n erm\u0259ni deputat \u0259vv\u0259lc\u0259 b\u0259yan edib ki, Erm\u0259nistan 1991-ci ild\u0259 MDB-nin M\u00fcst\u0259qil D\u00f6vl\u0259tl\u0259r Birliyinin yarad\u0131lmas\u0131 haqq\u0131nda sazi\u015fi imzalayaraq Az\u0259rbaycan\u0131n \u0259razi b\u00fct\u00f6vl\u00fcy\u00fcn\u00fc tan\u0131y\u0131b: &#8220;H\u0259r iki d\u00f6vl\u0259t faktiki olaraq, bir-birinin \u0259razi b\u00fct\u00f6vl\u00fcy\u00fcn\u00fc&hellip;","_links":{"self":[{"href":"https:\/\/arantv.az\/index.php?rest_route=\/wp\/v2\/posts\/452222"}],"collection":[{"href":"https:\/\/arantv.az\/index.php?rest_route=\/wp\/v2\/posts"}],"about":[{"href":"https:\/\/arantv.az\/index.php?rest_route=\/wp\/v2\/types\/post"}],"author":[{"embeddable":true,"href":"https:\/\/arantv.az\/index.php?rest_route=\/wp\/v2\/users\/2"}],"replies":[{"embeddable":true,"href":"https:\/\/arantv.az\/index.php?rest_route=%2Fwp%2Fv2%2Fcomments&post=452222"}],"version-history":[{"count":0,"href":"https:\/\/arantv.az\/index.php?rest_route=\/wp\/v2\/posts\/452222\/revisions"}],"wp:featuredmedia":[{"embeddable":true,"href":"https:\/\/arantv.az\/index.php?rest_route=\/wp\/v2\/media\/452223"}],"wp:attachment":[{"href":"https:\/\/arantv.az\/index.php?rest_route=%2Fwp%2Fv2%2Fmedia&parent=452222"}],"wp:term":[{"taxonomy":"category","embeddable":true,"href":"https:\/\/arantv.az\/index.php?rest_route=%2Fwp%2Fv2%2Fcategories&post=452222"},{"taxonomy":"post_tag","embeddable":true,"href":"https:\/\/arantv.az\/index.php?rest_route=%2Fwp%2Fv2%2Ftags&post=452222"}],"curies":[{"name":"wp","href":"https:\/\/api.w.org\/{rel}","templated":true}]}}