{"id":452240,"date":"2022-03-16T10:39:19","date_gmt":"2022-03-16T07:39:19","guid":{"rendered":"http:\/\/arantv.az\/?p=452240"},"modified":"2022-03-16T10:39:19","modified_gmt":"2022-03-16T07:39:19","slug":"%c9%99m%c9%99kdar-artistin-oglu-azadliga-cixdi-video","status":"publish","type":"post","link":"https:\/\/arantv.az\/?p=452240","title":{"rendered":"\u018fm\u0259kdar artistin o\u011flu AZADLI\u011eA \u00c7IXDI &#8211; V\u0130DEO"},"content":{"rendered":"<p>\u018fm\u0259kdar artist, xan\u0259nd\u0259 D\u0259d\u0259 S\u00fcleymandan ( Abdullayev )\u00a0<a title=\"xeberler son xeberler 2021\" href=\"https:\/\/big.az\/\" target=\"_blank\" rel=\"noopener\">x\u0259b\u0259r<\/a>\u00a0var.<\/p>\n<p>Lent.az-\u0131n m\u0259lumat\u0131na g\u00f6r\u0259, &#8220;G\u00fcn\u00fcn s\u0259das\u0131&#8221; verili\u015fi 83 ya\u015fl\u0131 s\u0259n\u0259tkar\u0131n evind\u0259 qonaq olub. Dan\u0131\u015fmaqda \u00e7\u0259tinlik \u00e7\u0259kdiyi s\u00f6yl\u0259y\u0259n \u018fm\u0259kdar artist art\u0131q \u00f6l\u00fcm\u00fcn\u0259 haz\u0131rla\u015fd\u0131\u011f\u0131n\u0131 deyib:<\/p>\n<p>&#8220;Art\u0131q vaxtd\u0131r. G\u00f6zl\u0259rim ya\u015far\u0131r. Bu a\u011flamaq deyil. Sevinc g\u00f6z ya\u015flar\u0131d\u0131r. Yax\u015f\u0131 mu\u011fam oxuyanda da \u00f6z-\u00f6z\u00fcn\u0259 g\u00f6z\u00fcmd\u0259n ya\u015flar g\u0259lir. M\u0259nim taleyim bel\u0259dir. Bu ya\u015fa q\u0259d\u0259r yax\u015f\u0131 g\u0259lmi\u015f\u0259m, pis g\u0259lm\u0259mi\u015f\u0259m.<\/p>\n<div class=\"AdviadNativeVideo\"><\/div>\n<p>D\u0259d\u0259 S\u00fcleyman bildirib ki, o\u011flu C\u00fcm\u015f\u00fcd Abdullayev bir ne\u00e7\u0259 g\u00fcn olar azadl\u0131\u011fa \u00e7\u0131x\u0131b.<\/p>\n<p>&#8220;C\u00fcm\u015f\u00fcd\u00fcn d\u00fcn\u0259n g\u0259lm\u0259yin\u0259 sevindim. Q\u0131z\u0131m z\u0259ng etdi, dedi ki, C\u00fcm\u015f\u00fcd azadl\u0131\u011fa \u00e7\u0131x\u0131b. M\u0259n d\u0259 \u00f6z n\u00f6vb\u0259md\u0259 Az\u0259rbaycan xalq\u0131n\u0131n bayram\u0131n\u0131 t\u0259brik edir\u0259m&#8221;.<\/p>\n<div class=\"embed-responsive embed-responsive-16by9\"><iframe loading=\"lazy\" id=\"nmqembedid\" class=\"embed-responsive-item\" title=\"video player\" src=\"https:\/\/izle.az\/embed\/qyyxTfJINgoK9jN387UAAA~~\" width=\"600\" height=\"340\" frameborder=\"0\" scrolling=\"no\" allowfullscreen=\"allowfullscreen\" data-mce-fragment=\"1\"><\/iframe><\/div>\n","protected":false},"excerpt":{"rendered":"<p>\u018fm\u0259kdar artist, xan\u0259nd\u0259 D\u0259d\u0259 S\u00fcleymandan ( Abdullayev )\u00a0x\u0259b\u0259r\u00a0var. Lent.az-\u0131n m\u0259lumat\u0131na g\u00f6r\u0259, &#8220;G\u00fcn\u00fcn s\u0259das\u0131&#8221; verili\u015fi 83 ya\u015fl\u0131 s\u0259n\u0259tkar\u0131n evind\u0259 qonaq olub. Dan\u0131\u015fmaqda \u00e7\u0259tinlik \u00e7\u0259kdiyi s\u00f6yl\u0259y\u0259n \u018fm\u0259kdar artist art\u0131q \u00f6l\u00fcm\u00fcn\u0259 haz\u0131rla\u015fd\u0131\u011f\u0131n\u0131 deyib: &#8220;Art\u0131q vaxtd\u0131r. G\u00f6zl\u0259rim ya\u015far\u0131r. Bu a\u011flamaq deyil. Sevinc g\u00f6z ya\u015flar\u0131d\u0131r. Yax\u015f\u0131 mu\u011fam oxuyanda da \u00f6z-\u00f6z\u00fcn\u0259 g\u00f6z\u00fcmd\u0259n ya\u015flar g\u0259lir. M\u0259nim taleyim bel\u0259dir. Bu ya\u015fa q\u0259d\u0259r yax\u015f\u0131 g\u0259lmi\u015f\u0259m, pis g\u0259lm\u0259mi\u015f\u0259m. D\u0259d\u0259 S\u00fcleyman bildirib ki, o\u011flu C\u00fcm\u015f\u00fcd Abdullayev bir ne\u00e7\u0259 g\u00fcn olar azadl\u0131\u011fa \u00e7\u0131x\u0131b. &#8220;C\u00fcm\u015f\u00fcd\u00fcn d\u00fcn\u0259n g\u0259lm\u0259yin\u0259 sevindim. Q\u0131z\u0131m z\u0259ng etdi, dedi ki, C\u00fcm\u015f\u00fcd azadl\u0131\u011fa \u00e7\u0131x\u0131b. M\u0259n d\u0259 \u00f6z n\u00f6vb\u0259md\u0259 Az\u0259rbaycan xalq\u0131n\u0131n bayram\u0131n\u0131&hellip;<\/p>\n","protected":false},"author":2,"featured_media":452241,"comment_status":"closed","ping_status":"closed","sticky":false,"template":"","format":"standard","meta":{"om_disable_all_campaigns":false,"_monsterinsights_skip_tracking":false,"_monsterinsights_sitenote_active":false,"_monsterinsights_sitenote_note":"","_monsterinsights_sitenote_category":0},"categories":[1],"tags":[],"aioseo_notices":[],"gutentor_comment":0,"rttpg_featured_image_url":{"full":["https:\/\/arantv.az\/wp-content\/uploads\/2022\/03\/emekdar_91647416260.jpg",549,366,false],"landscape":["https:\/\/arantv.az\/wp-content\/uploads\/2022\/03\/emekdar_91647416260.jpg",549,366,false],"portraits":["https:\/\/arantv.az\/wp-content\/uploads\/2022\/03\/emekdar_91647416260.jpg",549,366,false],"thumbnail":["https:\/\/arantv.az\/wp-content\/uploads\/2022\/03\/emekdar_91647416260-500x280.jpg",500,280,true],"medium":["https:\/\/arantv.az\/wp-content\/uploads\/2022\/03\/emekdar_91647416260.jpg",548,365,false],"large":["https:\/\/arantv.az\/wp-content\/uploads\/2022\/03\/emekdar_91647416260.jpg",549,366,false],"1536x1536":["https:\/\/arantv.az\/wp-content\/uploads\/2022\/03\/emekdar_91647416260.jpg",549,366,false],"2048x2048":["https:\/\/arantv.az\/wp-content\/uploads\/2022\/03\/emekdar_91647416260.jpg",549,366,false],"post-thumbnail":["https:\/\/arantv.az\/wp-content\/uploads\/2022\/03\/emekdar_91647416260-240x172.jpg",240,172,true],"advps-thumb-one":["https:\/\/arantv.az\/wp-content\/uploads\/2022\/03\/emekdar_91647416260.jpg",549,366,false]},"rttpg_author":{"display_name":"V\u00fcsal Rafiqo\u011flu","author_link":"https:\/\/arantv.az\/?author=2"},"rttpg_comment":0,"rttpg_category":"<a href=\"https:\/\/arantv.az\/?cat=1\" rel=\"category\">C\u0259miyy\u0259t<\/a>","rttpg_excerpt":"\u018fm\u0259kdar artist, xan\u0259nd\u0259 D\u0259d\u0259 S\u00fcleymandan ( Abdullayev )\u00a0x\u0259b\u0259r\u00a0var. Lent.az-\u0131n m\u0259lumat\u0131na g\u00f6r\u0259, &#8220;G\u00fcn\u00fcn s\u0259das\u0131&#8221; verili\u015fi 83 ya\u015fl\u0131 s\u0259n\u0259tkar\u0131n evind\u0259 qonaq olub. Dan\u0131\u015fmaqda \u00e7\u0259tinlik \u00e7\u0259kdiyi s\u00f6yl\u0259y\u0259n \u018fm\u0259kdar artist art\u0131q \u00f6l\u00fcm\u00fcn\u0259 haz\u0131rla\u015fd\u0131\u011f\u0131n\u0131 deyib: &#8220;Art\u0131q vaxtd\u0131r. G\u00f6zl\u0259rim ya\u015far\u0131r. Bu a\u011flamaq deyil. Sevinc g\u00f6z ya\u015flar\u0131d\u0131r. Yax\u015f\u0131 mu\u011fam oxuyanda da \u00f6z-\u00f6z\u00fcn\u0259 g\u00f6z\u00fcmd\u0259n ya\u015flar g\u0259lir. M\u0259nim taleyim bel\u0259dir. Bu ya\u015fa q\u0259d\u0259r yax\u015f\u0131&hellip;","_links":{"self":[{"href":"https:\/\/arantv.az\/index.php?rest_route=\/wp\/v2\/posts\/452240"}],"collection":[{"href":"https:\/\/arantv.az\/index.php?rest_route=\/wp\/v2\/posts"}],"about":[{"href":"https:\/\/arantv.az\/index.php?rest_route=\/wp\/v2\/types\/post"}],"author":[{"embeddable":true,"href":"https:\/\/arantv.az\/index.php?rest_route=\/wp\/v2\/users\/2"}],"replies":[{"embeddable":true,"href":"https:\/\/arantv.az\/index.php?rest_route=%2Fwp%2Fv2%2Fcomments&post=452240"}],"version-history":[{"count":0,"href":"https:\/\/arantv.az\/index.php?rest_route=\/wp\/v2\/posts\/452240\/revisions"}],"wp:featuredmedia":[{"embeddable":true,"href":"https:\/\/arantv.az\/index.php?rest_route=\/wp\/v2\/media\/452241"}],"wp:attachment":[{"href":"https:\/\/arantv.az\/index.php?rest_route=%2Fwp%2Fv2%2Fmedia&parent=452240"}],"wp:term":[{"taxonomy":"category","embeddable":true,"href":"https:\/\/arantv.az\/index.php?rest_route=%2Fwp%2Fv2%2Fcategories&post=452240"},{"taxonomy":"post_tag","embeddable":true,"href":"https:\/\/arantv.az\/index.php?rest_route=%2Fwp%2Fv2%2Ftags&post=452240"}],"curies":[{"name":"wp","href":"https:\/\/api.w.org\/{rel}","templated":true}]}}