{"id":452249,"date":"2022-03-16T10:45:23","date_gmt":"2022-03-16T07:45:23","guid":{"rendered":"http:\/\/arantv.az\/?p=452249"},"modified":"2022-03-16T10:45:23","modified_gmt":"2022-03-16T07:45:23","slug":"q%c9%99nir%c9%99-pasayeva-s%c9%99hidimiz-h%c9%99s%c9%99n-h%c9%99s%c9%99novun-h%c9%99yat-yoldasi-il%c9%99-gorusub-foto","status":"publish","type":"post","link":"https:\/\/arantv.az\/?p=452249","title":{"rendered":"Q\u0259nir\u0259 Pa\u015fayeva \u015f\u0259hidimiz H\u0259s\u0259n H\u0259s\u0259novun h\u0259yat yolda\u015f\u0131 il\u0259 g\u00f6r\u00fc\u015f\u00fcb FOTO"},"content":{"rendered":"<p><strong>Milli M\u0259clisin M\u0259d\u0259niyy\u0259t Komit\u0259sinin s\u0259dri Q\u0259nir\u0259 Pa\u015fayeva Az\u0259rbaycan V\u0259t\u0259n M\u00fcharib\u0259sinin \u015f\u0259hidi H\u0259s\u0259n H\u0259s\u0259novun h\u0259yat yolda\u015f\u0131 Q\u0259riy\u0259 xan\u0131mla g\u00f6r\u00fc\u015f\u00fcb, Komit\u0259 s\u0259dri \u015f\u0259hidin xan\u0131m\u0131n\u0131 dinl\u0259yib, \u00f6z \u00fcr\u0259k s\u00f6zl\u0259rini b\u00f6l\u00fc\u015f\u00fcb:<\/strong><\/p>\n<p>\u201c\u018fziz bac\u0131m\u0131z, Siz, qar\u015f\u0131dan g\u0259l\u0259n Novruz bayram\u0131 m\u00fcnasib\u0259ti il\u0259 t\u0259brik edir, \u0259n xo\u015f dil\u0259kl\u0259rimizi yetirir\u0259m! 44 g\u00fcnl\u00fck V\u0259t\u0259n m\u00fcharib\u0259sind\u0259ki tarixi z\u0259f\u0259rimizd\u0259n sonra xalq\u0131m\u0131z bayramlar\u0131 \u0259sl bayram dad\u0131nda, bayram ovqat\u0131nda ke\u00e7irir. Bayramlarda an\u0131lma\u011f\u0131 \u0259n \u00e7ox sizl\u0259r \u2013 \u015f\u0259hid ail\u0259l\u0259rimiz haqq edirsiz.<\/p>\n<p>\u015e\u0259hidimizin \u00f6mr\u00fcn\u00fc bug\u00fcn \u0259ziz \u00f6vladlar\u0131n\u0131z \u00d6m\u0259r v\u0259 Camal davam etdirir. \u00d6m\u0259r\u0259 v\u0259 Camala b\u00f6y\u00fck g\u0259l\u0259c\u0259k arzulay\u0131r, c\u0259miyy\u0259td\u0259 atalar\u0131n\u0131n ad\u0131na layiq \u015f\u0259kild\u0259 \u00f6z yerl\u0259rini tutacaqlar\u0131na inan\u0131r\u0131rq.<\/p>\n<p>Siz\u0259 \u00e7ox minn\u0259tdar\u0131q! \u015e\u0259hidimizin \u0259ziz ruhu qar\u015f\u0131s\u0131nda d\u0259rin ehtiramla ba\u015f \u0259yirik!<\/p>\n<p>\u015e\u0259hidl\u0259rimizi he\u00e7 zaman unutmayacaq, h\u0259mi\u015f\u0259 d\u0259rin minn\u0259tdarl\u0131qla xat\u0131rlayaca\u011f\u0131q\u201d.<\/p>\n<p>Komit\u0259 s\u0259dri \u015f\u0259hid xan\u0131m\u0131na Qaraba\u011f motivli xatir\u0259 h\u0259diyy\u0259si t\u0259qdim edib.<\/p>\n<p>G\u00f6r\u00fc\u015fd\u0259 RH\u0130M \u0130B s\u0259dri Arzu Ba\u011f\u0131rova, &#8220;N\u0259f\u0259s&#8221; \u0130B s\u0259dri Fir\u0259ngiz Balaki\u015fiyeva i\u015ftirak edib.<\/p>\n<p>Qeyd ed\u0259k ki, Az\u0259rbaycan Silahl\u0131 Q\u00fcvv\u0259l\u0259rinin \u00e7avu\u015fu, V\u0259t\u0259n M\u00fcharib\u0259si \u015f\u0259hidi H\u0259s\u0259n R\u0259him o\u011flu H\u0259s\u0259nov (01.10.1990, \u015eirvan \u2013 02.10.2020, F\u00fczuli) Az\u0259rbaycan\u0131n \u0259razi b\u00fct\u00f6vl\u00fcy\u00fcn\u00fcn t\u0259min edilm\u0259si u\u011frunda d\u00f6y\u00fc\u015f \u0259m\u0259liyyatlar\u0131na qat\u0131ld\u0131\u011f\u0131na v\u0259 h\u0259rbi hiss\u0259 qar\u015f\u0131s\u0131nda qoyulmu\u015f tap\u015f\u0131r\u0131qlar\u0131n icras\u0131 zaman\u0131 v\u0259zif\u0259 borcunu \u015f\u0259r\u0259fl\u0259 yerin\u0259 yetirdiyin\u0259 g\u00f6r\u0259 Az\u0259rbaycan Prezidenti \u0130lham \u018fliyevin 15.12.2020-ci il tarixli S\u0259r\u0259ncam\u0131na \u0259sas\u0259n \u201cV\u0259t\u0259n u\u011frunda\u201d medal\u0131 il\u0259 t\u0259ltif edilib.<\/p>\n<p>\u015e\u0259hid \u00e7avu\u015fumuz h\u0259m\u00e7inin F\u00fczuli rayonunun i\u015f\u011faldan azad edilm\u0259si u\u011frunda apar\u0131lan d\u00f6y\u00fc\u015f \u0259m\u0259liyyatlar\u0131na qat\u0131laraq \u015f\u0259xsi igidlik v\u0259 \u015f\u00fcca\u0259t n\u00fcmayi\u015f etdirdiyin\u0259 g\u00f6r\u0259 \u201cF\u00fczulinin azad olunmas\u0131na g\u00f6r\u0259\u201d medal\u0131 il\u0259 t\u0259ltif edilib (25.12.2020).<\/p>\n<p><strong>RUHU \u015eAD OLSUN!<\/strong><\/p>\n<div>\n<div class=\"form-group\"><img class=\"img-responsive\" src=\"https:\/\/imgyukle.com\/f\/2022\/03\/16\/EzbS8v.jpg\" \/><\/div>\n<div class=\"form-group\"><img class=\"img-responsive\" src=\"https:\/\/imgyukle.com\/f\/2022\/03\/16\/EzbCg0.jpg\" \/><\/div>\n<\/div>\n","protected":false},"excerpt":{"rendered":"<p>Milli M\u0259clisin M\u0259d\u0259niyy\u0259t Komit\u0259sinin s\u0259dri Q\u0259nir\u0259 Pa\u015fayeva Az\u0259rbaycan V\u0259t\u0259n M\u00fcharib\u0259sinin \u015f\u0259hidi H\u0259s\u0259n H\u0259s\u0259novun h\u0259yat yolda\u015f\u0131 Q\u0259riy\u0259 xan\u0131mla g\u00f6r\u00fc\u015f\u00fcb, Komit\u0259 s\u0259dri \u015f\u0259hidin xan\u0131m\u0131n\u0131 dinl\u0259yib, \u00f6z \u00fcr\u0259k s\u00f6zl\u0259rini b\u00f6l\u00fc\u015f\u00fcb: \u201c\u018fziz bac\u0131m\u0131z, Siz, qar\u015f\u0131dan g\u0259l\u0259n Novruz bayram\u0131 m\u00fcnasib\u0259ti il\u0259 t\u0259brik edir, \u0259n xo\u015f dil\u0259kl\u0259rimizi yetirir\u0259m! 44 g\u00fcnl\u00fck V\u0259t\u0259n m\u00fcharib\u0259sind\u0259ki tarixi z\u0259f\u0259rimizd\u0259n sonra xalq\u0131m\u0131z bayramlar\u0131 \u0259sl bayram dad\u0131nda, bayram ovqat\u0131nda ke\u00e7irir. Bayramlarda an\u0131lma\u011f\u0131 \u0259n \u00e7ox sizl\u0259r \u2013 \u015f\u0259hid ail\u0259l\u0259rimiz haqq edirsiz. \u015e\u0259hidimizin \u00f6mr\u00fcn\u00fc bug\u00fcn \u0259ziz \u00f6vladlar\u0131n\u0131z \u00d6m\u0259r v\u0259 Camal davam etdirir. \u00d6m\u0259r\u0259 v\u0259 Camala b\u00f6y\u00fck g\u0259l\u0259c\u0259k arzulay\u0131r, c\u0259miyy\u0259td\u0259 atalar\u0131n\u0131n ad\u0131na layiq \u015f\u0259kild\u0259 \u00f6z yerl\u0259rini&hellip;<\/p>\n","protected":false},"author":2,"featured_media":452250,"comment_status":"closed","ping_status":"closed","sticky":false,"template":"","format":"standard","meta":{"om_disable_all_campaigns":false,"_monsterinsights_skip_tracking":false,"_monsterinsights_sitenote_active":false,"_monsterinsights_sitenote_note":"","_monsterinsights_sitenote_category":0},"categories":[1],"tags":[],"aioseo_notices":[],"gutentor_comment":0,"rttpg_featured_image_url":{"full":["https:\/\/arantv.az\/wp-content\/uploads\/2022\/03\/f4dafc17ac9a7bd09592f01e6c3eea26.jpg",450,300,false],"landscape":["https:\/\/arantv.az\/wp-content\/uploads\/2022\/03\/f4dafc17ac9a7bd09592f01e6c3eea26.jpg",450,300,false],"portraits":["https:\/\/arantv.az\/wp-content\/uploads\/2022\/03\/f4dafc17ac9a7bd09592f01e6c3eea26.jpg",450,300,false],"thumbnail":["https:\/\/arantv.az\/wp-content\/uploads\/2022\/03\/f4dafc17ac9a7bd09592f01e6c3eea26-450x280.jpg",450,280,true],"medium":["https:\/\/arantv.az\/wp-content\/uploads\/2022\/03\/f4dafc17ac9a7bd09592f01e6c3eea26.jpg",450,300,false],"large":["https:\/\/arantv.az\/wp-content\/uploads\/2022\/03\/f4dafc17ac9a7bd09592f01e6c3eea26.jpg",450,300,false],"1536x1536":["https:\/\/arantv.az\/wp-content\/uploads\/2022\/03\/f4dafc17ac9a7bd09592f01e6c3eea26.jpg",450,300,false],"2048x2048":["https:\/\/arantv.az\/wp-content\/uploads\/2022\/03\/f4dafc17ac9a7bd09592f01e6c3eea26.jpg",450,300,false],"post-thumbnail":["https:\/\/arantv.az\/wp-content\/uploads\/2022\/03\/f4dafc17ac9a7bd09592f01e6c3eea26-240x172.jpg",240,172,true],"advps-thumb-one":["https:\/\/arantv.az\/wp-content\/uploads\/2022\/03\/f4dafc17ac9a7bd09592f01e6c3eea26.jpg",450,300,false]},"rttpg_author":{"display_name":"V\u00fcsal Rafiqo\u011flu","author_link":"https:\/\/arantv.az\/?author=2"},"rttpg_comment":0,"rttpg_category":"<a href=\"https:\/\/arantv.az\/?cat=1\" rel=\"category\">C\u0259miyy\u0259t<\/a>","rttpg_excerpt":"Milli M\u0259clisin M\u0259d\u0259niyy\u0259t Komit\u0259sinin s\u0259dri Q\u0259nir\u0259 Pa\u015fayeva Az\u0259rbaycan V\u0259t\u0259n M\u00fcharib\u0259sinin \u015f\u0259hidi H\u0259s\u0259n H\u0259s\u0259novun h\u0259yat yolda\u015f\u0131 Q\u0259riy\u0259 xan\u0131mla g\u00f6r\u00fc\u015f\u00fcb, Komit\u0259 s\u0259dri \u015f\u0259hidin xan\u0131m\u0131n\u0131 dinl\u0259yib, \u00f6z \u00fcr\u0259k s\u00f6zl\u0259rini b\u00f6l\u00fc\u015f\u00fcb: \u201c\u018fziz bac\u0131m\u0131z, Siz, qar\u015f\u0131dan g\u0259l\u0259n Novruz bayram\u0131 m\u00fcnasib\u0259ti il\u0259 t\u0259brik edir, \u0259n xo\u015f dil\u0259kl\u0259rimizi yetirir\u0259m! 44 g\u00fcnl\u00fck V\u0259t\u0259n m\u00fcharib\u0259sind\u0259ki tarixi z\u0259f\u0259rimizd\u0259n sonra xalq\u0131m\u0131z bayramlar\u0131 \u0259sl bayram dad\u0131nda, bayram&hellip;","_links":{"self":[{"href":"https:\/\/arantv.az\/index.php?rest_route=\/wp\/v2\/posts\/452249"}],"collection":[{"href":"https:\/\/arantv.az\/index.php?rest_route=\/wp\/v2\/posts"}],"about":[{"href":"https:\/\/arantv.az\/index.php?rest_route=\/wp\/v2\/types\/post"}],"author":[{"embeddable":true,"href":"https:\/\/arantv.az\/index.php?rest_route=\/wp\/v2\/users\/2"}],"replies":[{"embeddable":true,"href":"https:\/\/arantv.az\/index.php?rest_route=%2Fwp%2Fv2%2Fcomments&post=452249"}],"version-history":[{"count":0,"href":"https:\/\/arantv.az\/index.php?rest_route=\/wp\/v2\/posts\/452249\/revisions"}],"wp:featuredmedia":[{"embeddable":true,"href":"https:\/\/arantv.az\/index.php?rest_route=\/wp\/v2\/media\/452250"}],"wp:attachment":[{"href":"https:\/\/arantv.az\/index.php?rest_route=%2Fwp%2Fv2%2Fmedia&parent=452249"}],"wp:term":[{"taxonomy":"category","embeddable":true,"href":"https:\/\/arantv.az\/index.php?rest_route=%2Fwp%2Fv2%2Fcategories&post=452249"},{"taxonomy":"post_tag","embeddable":true,"href":"https:\/\/arantv.az\/index.php?rest_route=%2Fwp%2Fv2%2Ftags&post=452249"}],"curies":[{"name":"wp","href":"https:\/\/api.w.org\/{rel}","templated":true}]}}