{"id":452264,"date":"2022-03-16T11:03:39","date_gmt":"2022-03-16T08:03:39","guid":{"rendered":"http:\/\/arantv.az\/?p=452264"},"modified":"2022-03-16T11:03:39","modified_gmt":"2022-03-16T08:03:39","slug":"qarabagli-novruz-bayraminiz-mubar%c9%99k","status":"publish","type":"post","link":"https:\/\/arantv.az\/?p=452264","title":{"rendered":"\u201cQaraba\u011fl\u0131 Novruz bayram\u0131n\u0131z m\u00fcbar\u0259k!\u201d"},"content":{"rendered":"<div class=\"cxmmr5t8 oygrvhab hcukyx3x c1et5uql o9v6fnle ii04i59q\">\n<div dir=\"auto\">Q\u0259dim tarix\u0259, soyk\u00f6k\u0259 ba\u011fl\u0131l\u0131\u011f\u0131 xalq\u0131m\u0131z\u0131n milli v\u0259 d\u0259y\u0259rli ad\u0259t-\u0259n\u0259n\u0259l\u0259ri \u0259srl\u0259r boyu \u00f6z do\u011fmal\u0131\u011f\u0131n qoruyub saxlamaqdad\u0131r. Milli \u0259n\u0259n\u0259miz kimi tan\u0131nan v\u0259 ill\u0259rdir qeyd edil\u0259n bayramlardan biri d\u0259 Novruz bayram\u0131d\u0131r. Novruz bayram\u0131n\u0131n tariximiz \u00fc\u00e7\u00fcn \u0259n g\u00f6z\u0259l s\u0259b\u0259bl\u0259rind\u0259n biri d\u0259 bahar\u0131n \u00f6lk\u0259miz\u0259 g\u0259lm\u0259si il\u0259 ruzi-b\u0259r\u0259k\u0259tind\u0259 art\u0131\u011f\u0131 bir ildir. Az\u0259rbaycan xalq\u0131n\u0131n z\u0259ngin milli d\u0259y\u0259rl\u0259r sistemini v\u0259 ad\u0259t-\u0259n\u0259n\u0259l\u0259rini ya\u015fadan bayramlar s\u0131ras\u0131nda Novruz bayram\u0131 x\u00fcsusi yer tutur. Xalq\u0131m\u0131z\u0131n m\u0259n\u0259vi d\u00fcnyas\u0131 v\u0259 h\u0259yata bax\u0131\u015f\u0131 Novruz m\u0259rasiml\u0259rind\u0259 dol\u011fun \u0259ks olunub, bu bayram milli varl\u0131\u011f\u0131n r\u0259mzin\u0259 \u00e7evrilib. Ulular\u0131m\u0131zdan biz\u0259 yadigar qalan, milli ruhumuzu v\u0259 yadda\u015f\u0131m\u0131z\u0131 b\u00fct\u00fcn z\u0259nginliyi il\u0259 \u00f6z\u00fcnd\u0259 \u0259ks etdir\u0259n Novruz bayram\u0131 milli d\u0259y\u0259rl\u0259rimizin \u0259b\u0259diya\u015farl\u0131q r\u0259mzidir. Art\u0131q bu g\u00fcn Az\u0259rbaycan\u0131n g\u00fccl\u00fc ordusu, sa\u011flam c\u0259miyy\u0259ti, g\u00f6z\u0259l rifah\u0131 olan mill\u0259ti v\u0259 \u0259n \u0259sas\u0131 b\u00fct\u00fcn d\u00fcnyada b\u00f6y\u00fck n\u00fcfuzu var. M\u00fcst\u0259qilliyimizin qazan\u0131lmas\u0131, n\u00fcfuzun \u0259ld\u0259 edilm\u0259si he\u00e7 d\u0259 asan ba\u015fa g\u0259lm\u0259yib. Bu u\u011furlar\u0131n \u0259ld\u0259 edilm\u0259sind\u0259 Az\u0259rbaycan Ordusunun, onun \u015f\u0259xsi hey\u0259tinin misilsiz xidm\u0259tl\u0259ri dan\u0131lmazd\u0131r. Qaraba\u011f\u0131n qay\u0131tmas\u0131n\u0131, bahar\u0131n g\u0259li\u015fini, t\u0259bi\u0259tin oyan\u0131\u015f\u0131n\u0131, h\u0259yat\u0131n canlanmas\u0131n\u0131 m\u00fcjd\u0259l\u0259y\u0259n Novruz bayram\u0131 xalq\u0131m\u0131z \u00fc\u00e7\u00fcn \u0259n g\u00f6z\u0259l ill\u0259rd\u0259n biri olaraq yadda\u015flarda silinm\u0259z iz burax\u0131b. Yaz\u0131n g\u0259li\u015fi il\u0259 Qaraba\u011fda a\u00e7an g\u00fcll\u0259r, \u00e7i\u00e7\u0259kl\u0259r xo\u015fb\u0259xtliyin r\u0259mzidir. Orda a\u00e7an h\u0259r bir \u00e7i\u00e7\u0259k \u015e\u0259hid qan\u0131 il\u0259 sulan\u0131b, ona g\u00f6r\u0259 bizim \u00fc\u00e7\u00fcn \u00f6z\u0259l v\u0259 d\u0259y\u0259rlidir. Bu g\u00fcn yaz\u0131n g\u0259li\u015fini sevinc v\u0259 q\u00fcrurla qar\u015f\u0131lay\u0131r\u0131qsa bunun s\u0259b\u0259bi \u015e\u0259hidl\u0259rimiz,qazil\u0259rimiz, h\u0259rb\u00e7i qarda\u015flar\u0131m\u0131z\u0131dr.<\/div>\n<\/div>\n<div class=\"cxmmr5t8 oygrvhab hcukyx3x c1et5uql o9v6fnle ii04i59q\">\n<div dir=\"auto\">Az\u0259rbaycan d\u00fcnyan\u0131n g\u00fccl\u00fc v\u0259 q\u00fcdr\u0259tli d\u00f6vl\u0259tl\u0259r s\u0131ras\u0131ndad\u0131r. S\u0259b\u0259bi is\u0259 milli birliyimiz ba\u015fda olmaqla y\u00fcr\u00fctd\u00fcy\u00fc siyas\u0259ti il\u0259 d\u00f6vl\u0259timizi v\u0259 d\u00f6vl\u0259t\u00e7iliyimizi daima ir\u0259li aparan \u00f6lk\u0259 r\u0259hb\u0259rimizdir. C\u0259nab Prezidentin atd\u0131\u011f\u0131 h\u0259r bir add\u0131m, verdiyi h\u0259r bir q\u0259rar \u00f6lk\u0259mizin m\u0259nafeyi u\u011frunda d\u00fc\u015f\u00fcn\u00fclm\u00fc\u015f v\u0259 hesablanm\u0131\u015f add\u0131mlard\u0131r. Buna g\u00f6r\u0259dir ki, \u00f6lk\u0259miz regionun \u0259n qabaqc\u0131l n\u00fcfuzlu \u00f6l\u0259k\u0259l\u0259rind\u0259n birincisidir.<\/div>\n<\/div>\n<div class=\"cxmmr5t8 oygrvhab hcukyx3x c1et5uql o9v6fnle ii04i59q\">\n<div dir=\"auto\">Qalib \u00f6lk\u0259nin qalib xalq\u0131 h\u0259r birinizi Novruz bayram\u0131 m\u00fcnasib\u0259til\u0259 s\u0259mimi q\u0259lbd\u0259n t\u0259brik edir\u0259m. \u0130n\u015fallah bu il xalq\u0131m\u0131z \u00fc\u00e7\u00fcn ruzili b\u0259r\u0259k\u0259tli bir il olar. Bayram\u0131n\u0131z m\u00fcbar\u0259k!<\/div>\n<\/div>\n<div class=\"cxmmr5t8 oygrvhab hcukyx3x c1et5uql o9v6fnle ii04i59q\">\n<div dir=\"auto\">Asim R\u00fcst\u0259m: YAP Xocav\u0259nd rayon Mu\u011fanl\u0131 \u018fPT-n\u0131n s\u0259dri<\/div>\n<\/div>\n","protected":false},"excerpt":{"rendered":"<p>Q\u0259dim tarix\u0259, soyk\u00f6k\u0259 ba\u011fl\u0131l\u0131\u011f\u0131 xalq\u0131m\u0131z\u0131n milli v\u0259 d\u0259y\u0259rli ad\u0259t-\u0259n\u0259n\u0259l\u0259ri \u0259srl\u0259r boyu \u00f6z do\u011fmal\u0131\u011f\u0131n qoruyub saxlamaqdad\u0131r. Milli \u0259n\u0259n\u0259miz kimi tan\u0131nan v\u0259 ill\u0259rdir qeyd edil\u0259n bayramlardan biri d\u0259 Novruz bayram\u0131d\u0131r. Novruz bayram\u0131n\u0131n tariximiz \u00fc\u00e7\u00fcn \u0259n g\u00f6z\u0259l s\u0259b\u0259bl\u0259rind\u0259n biri d\u0259 bahar\u0131n \u00f6lk\u0259miz\u0259 g\u0259lm\u0259si il\u0259 ruzi-b\u0259r\u0259k\u0259tind\u0259 art\u0131\u011f\u0131 bir ildir. Az\u0259rbaycan xalq\u0131n\u0131n z\u0259ngin milli d\u0259y\u0259rl\u0259r sistemini v\u0259 ad\u0259t-\u0259n\u0259n\u0259l\u0259rini ya\u015fadan bayramlar s\u0131ras\u0131nda Novruz bayram\u0131 x\u00fcsusi yer tutur. Xalq\u0131m\u0131z\u0131n m\u0259n\u0259vi d\u00fcnyas\u0131 v\u0259 h\u0259yata bax\u0131\u015f\u0131 Novruz m\u0259rasiml\u0259rind\u0259 dol\u011fun \u0259ks olunub, bu bayram milli varl\u0131\u011f\u0131n r\u0259mzin\u0259 \u00e7evrilib. Ulular\u0131m\u0131zdan biz\u0259 yadigar qalan, milli ruhumuzu v\u0259 yadda\u015f\u0131m\u0131z\u0131 b\u00fct\u00fcn z\u0259nginliyi il\u0259 \u00f6z\u00fcnd\u0259&hellip;<\/p>\n","protected":false},"author":2,"featured_media":452265,"comment_status":"closed","ping_status":"closed","sticky":false,"template":"","format":"standard","meta":{"om_disable_all_campaigns":false,"_monsterinsights_skip_tracking":false,"_monsterinsights_sitenote_active":false,"_monsterinsights_sitenote_note":"","_monsterinsights_sitenote_category":0},"categories":[2],"tags":[],"aioseo_notices":[],"gutentor_comment":0,"rttpg_featured_image_url":{"full":["https:\/\/arantv.az\/wp-content\/uploads\/2022\/03\/275814858_268319108819603_4450697574386094497_n.jpg",959,540,false],"landscape":["https:\/\/arantv.az\/wp-content\/uploads\/2022\/03\/275814858_268319108819603_4450697574386094497_n.jpg",959,540,false],"portraits":["https:\/\/arantv.az\/wp-content\/uploads\/2022\/03\/275814858_268319108819603_4450697574386094497_n.jpg",959,540,false],"thumbnail":["https:\/\/arantv.az\/wp-content\/uploads\/2022\/03\/275814858_268319108819603_4450697574386094497_n-500x280.jpg",500,280,true],"medium":["https:\/\/arantv.az\/wp-content\/uploads\/2022\/03\/275814858_268319108819603_4450697574386094497_n-648x365.jpg",648,365,true],"large":["https:\/\/arantv.az\/wp-content\/uploads\/2022\/03\/275814858_268319108819603_4450697574386094497_n-840x473.jpg",640,360,true],"1536x1536":["https:\/\/arantv.az\/wp-content\/uploads\/2022\/03\/275814858_268319108819603_4450697574386094497_n.jpg",959,540,false],"2048x2048":["https:\/\/arantv.az\/wp-content\/uploads\/2022\/03\/275814858_268319108819603_4450697574386094497_n.jpg",959,540,false],"post-thumbnail":["https:\/\/arantv.az\/wp-content\/uploads\/2022\/03\/275814858_268319108819603_4450697574386094497_n-240x172.jpg",240,172,true],"advps-thumb-one":["https:\/\/arantv.az\/wp-content\/uploads\/2022\/03\/275814858_268319108819603_4450697574386094497_n.jpg",959,540,false]},"rttpg_author":{"display_name":"V\u00fcsal Rafiqo\u011flu","author_link":"https:\/\/arantv.az\/?author=2"},"rttpg_comment":0,"rttpg_category":"<a href=\"https:\/\/arantv.az\/?cat=2\" rel=\"category\">Region X\u0259b\u0259rl\u0259ri<\/a>","rttpg_excerpt":"Q\u0259dim tarix\u0259, soyk\u00f6k\u0259 ba\u011fl\u0131l\u0131\u011f\u0131 xalq\u0131m\u0131z\u0131n milli v\u0259 d\u0259y\u0259rli ad\u0259t-\u0259n\u0259n\u0259l\u0259ri \u0259srl\u0259r boyu \u00f6z do\u011fmal\u0131\u011f\u0131n qoruyub saxlamaqdad\u0131r. Milli \u0259n\u0259n\u0259miz kimi tan\u0131nan v\u0259 ill\u0259rdir qeyd edil\u0259n bayramlardan biri d\u0259 Novruz bayram\u0131d\u0131r. Novruz bayram\u0131n\u0131n tariximiz \u00fc\u00e7\u00fcn \u0259n g\u00f6z\u0259l s\u0259b\u0259bl\u0259rind\u0259n biri d\u0259 bahar\u0131n \u00f6lk\u0259miz\u0259 g\u0259lm\u0259si il\u0259 ruzi-b\u0259r\u0259k\u0259tind\u0259 art\u0131\u011f\u0131 bir ildir. Az\u0259rbaycan xalq\u0131n\u0131n z\u0259ngin milli d\u0259y\u0259rl\u0259r sistemini v\u0259 ad\u0259t-\u0259n\u0259n\u0259l\u0259rini ya\u015fadan bayramlar&hellip;","_links":{"self":[{"href":"https:\/\/arantv.az\/index.php?rest_route=\/wp\/v2\/posts\/452264"}],"collection":[{"href":"https:\/\/arantv.az\/index.php?rest_route=\/wp\/v2\/posts"}],"about":[{"href":"https:\/\/arantv.az\/index.php?rest_route=\/wp\/v2\/types\/post"}],"author":[{"embeddable":true,"href":"https:\/\/arantv.az\/index.php?rest_route=\/wp\/v2\/users\/2"}],"replies":[{"embeddable":true,"href":"https:\/\/arantv.az\/index.php?rest_route=%2Fwp%2Fv2%2Fcomments&post=452264"}],"version-history":[{"count":0,"href":"https:\/\/arantv.az\/index.php?rest_route=\/wp\/v2\/posts\/452264\/revisions"}],"wp:featuredmedia":[{"embeddable":true,"href":"https:\/\/arantv.az\/index.php?rest_route=\/wp\/v2\/media\/452265"}],"wp:attachment":[{"href":"https:\/\/arantv.az\/index.php?rest_route=%2Fwp%2Fv2%2Fmedia&parent=452264"}],"wp:term":[{"taxonomy":"category","embeddable":true,"href":"https:\/\/arantv.az\/index.php?rest_route=%2Fwp%2Fv2%2Fcategories&post=452264"},{"taxonomy":"post_tag","embeddable":true,"href":"https:\/\/arantv.az\/index.php?rest_route=%2Fwp%2Fv2%2Ftags&post=452264"}],"curies":[{"name":"wp","href":"https:\/\/api.w.org\/{rel}","templated":true}]}}