{"id":452270,"date":"2022-03-16T11:09:45","date_gmt":"2022-03-16T08:09:45","guid":{"rendered":"http:\/\/arantv.az\/?p=452270"},"modified":"2022-03-16T11:09:45","modified_gmt":"2022-03-16T08:09:45","slug":"ukraynada-oldurulmus-az%c9%99rbaycanlilar-goygold%c9%99-d%c9%99fn-edildil%c9%99r-yenil%c9%99nib-foto","status":"publish","type":"post","link":"https:\/\/arantv.az\/?p=452270","title":{"rendered":"Ukraynada \u00f6ld\u00fcr\u00fclm\u00fc\u015f az\u0259rbaycanl\u0131lar G\u00f6yg\u00f6ld\u0259 d\u0259fn edildil\u0259r &#8211; YEN\u0130L\u018fN\u0130B + FOTO"},"content":{"rendered":"<p>Fevral\u0131n 27-d\u0259 Ukraynadan Moldovaya ke\u00e7m\u0259k ist\u0259y\u0259n zaman nam\u0259lum silahl\u0131 d\u0259st\u0259 t\u0259r\u0259find\u0259n q\u0259tl\u0259 yetiril\u0259n Az\u0259rbaycan v\u0259t\u0259nda\u015f\u0131 olan bir ail\u0259nin d\u00f6rd \u00fczv\u00fc G\u00f6yg\u00f6ld\u0259 d\u0259fn edilib.<\/p>\n<p>APA-n\u0131n yerli b\u00fcrosunun x\u0259b\u0259rin\u0259 g\u00f6r\u0259, onlar G\u00f6yg\u00f6l rayonunda, Murovda\u011f q\u0259biristanl\u0131\u011f\u0131nda torpa\u011fa tap\u015f\u0131r\u0131l\u0131blar.<\/p>\n<div class=\"AdviadNativeVideo\"><\/div>\n<p><img src=\"https:\/\/cdn.oxu.az\/uploads\/W1siZiIsIjIwMjIvMDMvMTYvMTIvMDMvMzgvNDdjY2E4MjMtMjMzNS00NDRiLWI3ZjgtZWZmNGU2MDNkYmVjLzYyMzE5ODYyYTU3Yjc2MjMxOTg2MmE1N2I4MTY0NzQxNzQ0MDQ0YjNkNjAxZTBjNGM5ZTM3NTFmZWQ3NzA1ODA1MWUwLmpwZyJdLFsicCIsImVuY29kZSIsImpwZyIsIi1xdWFsaXR5IDgwIl0sWyJwIiwidGh1bWIiLCI1OTB4NTkwXHUwMDNlIl1d?sha=bbbc4bab0c6f91cd\" alt=\"\" \/><\/p>\n<p><img src=\"https:\/\/cdn.oxu.az\/uploads\/W1siZiIsIjIwMjIvMDMvMTYvMTIvMDMvMzgvNTZmMmFjZGYtMDVjNC00NGNhLTk0ZTUtNzlkMTFjZDk1ZjFjLzYyMzE5ODYxODc2YzY2MjMxOTg2MTg3NmM4MTY0NzQxNzQ0MGZhZTUwZjkzNTI2MDFkNTY0ZTMwMDIxMThmZTZmMWE3LmpwZyJdLFsicCIsImVuY29kZSIsImpwZyIsIi1xdWFsaXR5IDgwIl0sWyJwIiwidGh1bWIiLCI1OTB4NTkwXHUwMDNlIl1d?sha=edb7928d96fe48c5\" alt=\"\" \/><\/p>\n<p><strong>08:30<\/strong><\/p>\n<p>Fevral\u0131n 27-d\u0259 Ukraynadan Moldovaya ke\u00e7m\u0259k ist\u0259y\u0259n zaman q\u0259tl\u0259 yetirilmi\u015f az\u0259rbaycanl\u0131lar\u0131n n\u0259\u015fl\u0259ri G\u0259nc\u0259nin G\u00fcl\u00fcstan q\u0259s\u0259b\u0259sin\u0259 g\u0259tirilib.<\/p>\n<p>APA-n\u0131n x\u0259b\u0259rin\u0259 g\u00f6r\u0259, onlar bu g\u00fcn G\u00f6yg\u00f6ld\u0259 d\u0259fn olunacaqlar.<\/p>\n<p>Xat\u0131rladaq ki, 27\u00a0fevral tarixind\u0259 qohumluq \u0259laq\u0259l\u0259ri olan 40 n\u0259f\u0259rd\u0259n art\u0131q h\u0259myerlimiz 8 avtomobild\u0259\u00a0Odessa vilay\u0259tind\u0259n Moldova istiqam\u0259tind\u0259 \u015f\u0259xsi t\u0259\u015f\u0259bb\u00fcsl\u0259ri il\u0259 t\u0259xliy\u0259y\u0259 \u00e7al\u0131\u015fan zaman Ku\u00e7urqan s\u0259rh\u0259d-ke\u00e7id m\u0259nt\u0259q\u0259sind\u0259 nam\u0259lum \u015f\u0259xsl\u0259rin silahl\u0131 h\u00fccumuna m\u0259ruz qal\u0131b. \u0130smay\u0131lov R\u0259him \u018fli o\u011flu, onun qarda\u015flar\u0131 Nem\u0259t \u0130smay\u0131lov v\u0259 Az\u0259r \u0130smay\u0131lov\u00a0hadis\u0259 yerind\u0259 h\u0259lak olublar, 25 ya\u015fl\u0131 Camal Salmanov is\u0259 x\u0259st\u0259xanada d\u00fcnyas\u0131n\u0131 d\u0259yi\u015fib. H\u0259min \u015f\u0259xsl\u0259r \u0259sl\u0259n K\u0259lb\u0259c\u0259r rayonundand\u0131rlar v\u0259 G\u0259nc\u0259 \u015f\u0259h\u0259rind\u0259 m\u0259skunla\u015f\u0131blar.<\/p>\n<p><img src=\"https:\/\/cdn.oxu.az\/uploads\/W1siZiIsIjIwMjIvMDMvMTYvMDgvMjkvMjMvN2QwN2I0YWMtZjk3NC00MmMxLWEwY2QtYWZhMmM0MGVhZTU4LzYyMzEyZDAyY2VjODQ2MjMxMmQwMmNlYzg1MTY0NzM4OTk1NDYyMzEyZDAyY2VjODA2MjMxMmQwMmNlYzgyLmpwZyJdLFsicCIsImVuY29kZSIsImpwZyIsIi1xdWFsaXR5IDgwIl0sWyJwIiwidGh1bWIiLCI1OTB4NTkwXHUwMDNlIl1d?sha=134a8b5add0e743d\" alt=\"\" \/><\/p>\n","protected":false},"excerpt":{"rendered":"<p>Fevral\u0131n 27-d\u0259 Ukraynadan Moldovaya ke\u00e7m\u0259k ist\u0259y\u0259n zaman nam\u0259lum silahl\u0131 d\u0259st\u0259 t\u0259r\u0259find\u0259n q\u0259tl\u0259 yetiril\u0259n Az\u0259rbaycan v\u0259t\u0259nda\u015f\u0131 olan bir ail\u0259nin d\u00f6rd \u00fczv\u00fc G\u00f6yg\u00f6ld\u0259 d\u0259fn edilib. APA-n\u0131n yerli b\u00fcrosunun x\u0259b\u0259rin\u0259 g\u00f6r\u0259, onlar G\u00f6yg\u00f6l rayonunda, Murovda\u011f q\u0259biristanl\u0131\u011f\u0131nda torpa\u011fa tap\u015f\u0131r\u0131l\u0131blar. 08:30 Fevral\u0131n 27-d\u0259 Ukraynadan Moldovaya ke\u00e7m\u0259k ist\u0259y\u0259n zaman q\u0259tl\u0259 yetirilmi\u015f az\u0259rbaycanl\u0131lar\u0131n n\u0259\u015fl\u0259ri G\u0259nc\u0259nin G\u00fcl\u00fcstan q\u0259s\u0259b\u0259sin\u0259 g\u0259tirilib. APA-n\u0131n x\u0259b\u0259rin\u0259 g\u00f6r\u0259, onlar bu g\u00fcn G\u00f6yg\u00f6ld\u0259 d\u0259fn olunacaqlar. Xat\u0131rladaq ki, 27\u00a0fevral tarixind\u0259 qohumluq \u0259laq\u0259l\u0259ri olan 40 n\u0259f\u0259rd\u0259n art\u0131q h\u0259myerlimiz 8 avtomobild\u0259\u00a0Odessa vilay\u0259tind\u0259n Moldova istiqam\u0259tind\u0259 \u015f\u0259xsi t\u0259\u015f\u0259bb\u00fcsl\u0259ri il\u0259 t\u0259xliy\u0259y\u0259 \u00e7al\u0131\u015fan zaman Ku\u00e7urqan s\u0259rh\u0259d-ke\u00e7id m\u0259nt\u0259q\u0259sind\u0259 nam\u0259lum \u015f\u0259xsl\u0259rin silahl\u0131 h\u00fccumuna m\u0259ruz&hellip;<\/p>\n","protected":false},"author":2,"featured_media":452271,"comment_status":"closed","ping_status":"closed","sticky":false,"template":"","format":"standard","meta":{"om_disable_all_campaigns":false,"_monsterinsights_skip_tracking":false,"_monsterinsights_sitenote_active":false,"_monsterinsights_sitenote_note":"","_monsterinsights_sitenote_category":0},"categories":[5],"tags":[],"aioseo_notices":[],"gutentor_comment":0,"rttpg_featured_image_url":{"full":["https:\/\/arantv.az\/wp-content\/uploads\/2022\/03\/62319860e881062319860e8811164741744038c8e54d9d9fd5ab111a938024da7b43.jpg",620,413,false],"landscape":["https:\/\/arantv.az\/wp-content\/uploads\/2022\/03\/62319860e881062319860e8811164741744038c8e54d9d9fd5ab111a938024da7b43.jpg",620,413,false],"portraits":["https:\/\/arantv.az\/wp-content\/uploads\/2022\/03\/62319860e881062319860e8811164741744038c8e54d9d9fd5ab111a938024da7b43.jpg",620,413,false],"thumbnail":["https:\/\/arantv.az\/wp-content\/uploads\/2022\/03\/62319860e881062319860e8811164741744038c8e54d9d9fd5ab111a938024da7b43-500x280.jpg",500,280,true],"medium":["https:\/\/arantv.az\/wp-content\/uploads\/2022\/03\/62319860e881062319860e8811164741744038c8e54d9d9fd5ab111a938024da7b43-548x365.jpg",548,365,true],"large":["https:\/\/arantv.az\/wp-content\/uploads\/2022\/03\/62319860e881062319860e8811164741744038c8e54d9d9fd5ab111a938024da7b43.jpg",620,413,false],"1536x1536":["https:\/\/arantv.az\/wp-content\/uploads\/2022\/03\/62319860e881062319860e8811164741744038c8e54d9d9fd5ab111a938024da7b43.jpg",620,413,false],"2048x2048":["https:\/\/arantv.az\/wp-content\/uploads\/2022\/03\/62319860e881062319860e8811164741744038c8e54d9d9fd5ab111a938024da7b43.jpg",620,413,false],"post-thumbnail":["https:\/\/arantv.az\/wp-content\/uploads\/2022\/03\/62319860e881062319860e8811164741744038c8e54d9d9fd5ab111a938024da7b43-240x172.jpg",240,172,true],"advps-thumb-one":["https:\/\/arantv.az\/wp-content\/uploads\/2022\/03\/62319860e881062319860e8811164741744038c8e54d9d9fd5ab111a938024da7b43.jpg",620,413,false]},"rttpg_author":{"display_name":"V\u00fcsal Rafiqo\u011flu","author_link":"https:\/\/arantv.az\/?author=2"},"rttpg_comment":0,"rttpg_category":"<a href=\"https:\/\/arantv.az\/?cat=5\" rel=\"category\">Hadis\u0259<\/a>","rttpg_excerpt":"Fevral\u0131n 27-d\u0259 Ukraynadan Moldovaya ke\u00e7m\u0259k ist\u0259y\u0259n zaman nam\u0259lum silahl\u0131 d\u0259st\u0259 t\u0259r\u0259find\u0259n q\u0259tl\u0259 yetiril\u0259n Az\u0259rbaycan v\u0259t\u0259nda\u015f\u0131 olan bir ail\u0259nin d\u00f6rd \u00fczv\u00fc G\u00f6yg\u00f6ld\u0259 d\u0259fn edilib. APA-n\u0131n yerli b\u00fcrosunun x\u0259b\u0259rin\u0259 g\u00f6r\u0259, onlar G\u00f6yg\u00f6l rayonunda, Murovda\u011f q\u0259biristanl\u0131\u011f\u0131nda torpa\u011fa tap\u015f\u0131r\u0131l\u0131blar. 08:30 Fevral\u0131n 27-d\u0259 Ukraynadan Moldovaya ke\u00e7m\u0259k ist\u0259y\u0259n zaman q\u0259tl\u0259 yetirilmi\u015f az\u0259rbaycanl\u0131lar\u0131n n\u0259\u015fl\u0259ri G\u0259nc\u0259nin G\u00fcl\u00fcstan q\u0259s\u0259b\u0259sin\u0259 g\u0259tirilib. APA-n\u0131n x\u0259b\u0259rin\u0259 g\u00f6r\u0259, onlar&hellip;","_links":{"self":[{"href":"https:\/\/arantv.az\/index.php?rest_route=\/wp\/v2\/posts\/452270"}],"collection":[{"href":"https:\/\/arantv.az\/index.php?rest_route=\/wp\/v2\/posts"}],"about":[{"href":"https:\/\/arantv.az\/index.php?rest_route=\/wp\/v2\/types\/post"}],"author":[{"embeddable":true,"href":"https:\/\/arantv.az\/index.php?rest_route=\/wp\/v2\/users\/2"}],"replies":[{"embeddable":true,"href":"https:\/\/arantv.az\/index.php?rest_route=%2Fwp%2Fv2%2Fcomments&post=452270"}],"version-history":[{"count":0,"href":"https:\/\/arantv.az\/index.php?rest_route=\/wp\/v2\/posts\/452270\/revisions"}],"wp:featuredmedia":[{"embeddable":true,"href":"https:\/\/arantv.az\/index.php?rest_route=\/wp\/v2\/media\/452271"}],"wp:attachment":[{"href":"https:\/\/arantv.az\/index.php?rest_route=%2Fwp%2Fv2%2Fmedia&parent=452270"}],"wp:term":[{"taxonomy":"category","embeddable":true,"href":"https:\/\/arantv.az\/index.php?rest_route=%2Fwp%2Fv2%2Fcategories&post=452270"},{"taxonomy":"post_tag","embeddable":true,"href":"https:\/\/arantv.az\/index.php?rest_route=%2Fwp%2Fv2%2Ftags&post=452270"}],"curies":[{"name":"wp","href":"https:\/\/api.w.org\/{rel}","templated":true}]}}