{"id":452279,"date":"2022-03-16T11:21:17","date_gmt":"2022-03-16T08:21:17","guid":{"rendered":"http:\/\/arantv.az\/?p=452279"},"modified":"2022-03-16T11:21:17","modified_gmt":"2022-03-16T08:21:17","slug":"ilham-%c9%99liyev-v%c9%99-mehriban-%c9%99liyeva-rust%c9%99m-ibrahimb%c9%99yovun-vida-m%c9%99rasimin%c9%99-%c9%99klil-gond%c9%99rdi","status":"publish","type":"post","link":"https:\/\/arantv.az\/?p=452279","title":{"rendered":"\u0130lham \u018fliyev v\u0259 Mehriban \u018fliyeva R\u00fcst\u0259m \u0130brahimb\u0259yovun vida m\u0259rasimin\u0259 \u0259klil g\u00f6nd\u0259rdi"},"content":{"rendered":"<p>Az\u0259rbaycan Prezidenti \u0130lham \u018fliyev v\u0259 Birinci vitse-prezident Mehriban \u018fliyeva Az\u0259rbaycan Kinematoqraf\u00e7\u0131lar \u0130ttifaq\u0131n\u0131n s\u0259dri, Xalq yaz\u0131\u00e7\u0131s\u0131 R\u00fcst\u0259m \u0130brahimb\u0259yovun vida m\u0259rasimin\u0259 \u0259klil g\u00f6nd\u0259rib.<\/p>\n<div class=\"AdviadNativeVideo\"><\/div>\n<p><b>ARANTV.AZ <\/b>x\u0259b\u0259r verir ki, \u0259klil d\u0259fn zaman\u0131 m\u0259rhumun m\u0259zar\u0131 \u00f6n\u00fcn\u0259 qoyulacaq.<\/p>\n<p>Xat\u0131rladaq ki, R.\u0130brahimb\u0259yov 1939-cu il fevral\u0131n 5-d\u0259 Bak\u0131 \u015f\u0259h\u0259rind\u0259 anadan olub.<\/p>\n<p>O, mart\u0131n 10-dan 11-n\u0259 ke\u00e7\u0259n gec\u0259 Rusiyan\u0131n paytaxt\u0131 Moskva \u015f\u0259h\u0259rind\u0259 v\u0259fat edib. Onun c\u0259naz\u0259si mart\u0131n 15-i V\u0259t\u0259n\u0259 g\u0259tirilib.<\/p>\n","protected":false},"excerpt":{"rendered":"<p>Az\u0259rbaycan Prezidenti \u0130lham \u018fliyev v\u0259 Birinci vitse-prezident Mehriban \u018fliyeva Az\u0259rbaycan Kinematoqraf\u00e7\u0131lar \u0130ttifaq\u0131n\u0131n s\u0259dri, Xalq yaz\u0131\u00e7\u0131s\u0131 R\u00fcst\u0259m \u0130brahimb\u0259yovun vida m\u0259rasimin\u0259 \u0259klil g\u00f6nd\u0259rib. ARANTV.AZ x\u0259b\u0259r verir ki, \u0259klil d\u0259fn zaman\u0131 m\u0259rhumun m\u0259zar\u0131 \u00f6n\u00fcn\u0259 qoyulacaq. Xat\u0131rladaq ki, R.\u0130brahimb\u0259yov 1939-cu il fevral\u0131n 5-d\u0259 Bak\u0131 \u015f\u0259h\u0259rind\u0259 anadan olub. O, mart\u0131n 10-dan 11-n\u0259 ke\u00e7\u0259n gec\u0259 Rusiyan\u0131n paytaxt\u0131 Moskva \u015f\u0259h\u0259rind\u0259 v\u0259fat edib. Onun c\u0259naz\u0259si mart\u0131n 15-i V\u0259t\u0259n\u0259 g\u0259tirilib.<\/p>\n","protected":false},"author":2,"featured_media":452280,"comment_status":"closed","ping_status":"closed","sticky":false,"template":"","format":"standard","meta":{"om_disable_all_campaigns":false,"_monsterinsights_skip_tracking":false,"_monsterinsights_sitenote_active":false,"_monsterinsights_sitenote_note":"","_monsterinsights_sitenote_category":0},"categories":[4],"tags":[],"aioseo_notices":[],"gutentor_comment":0,"rttpg_featured_image_url":{"full":["https:\/\/arantv.az\/wp-content\/uploads\/2022\/03\/275424395_1027615131168203_4228700587181138509_n.jpg",620,414,false],"landscape":["https:\/\/arantv.az\/wp-content\/uploads\/2022\/03\/275424395_1027615131168203_4228700587181138509_n.jpg",620,414,false],"portraits":["https:\/\/arantv.az\/wp-content\/uploads\/2022\/03\/275424395_1027615131168203_4228700587181138509_n.jpg",620,414,false],"thumbnail":["https:\/\/arantv.az\/wp-content\/uploads\/2022\/03\/275424395_1027615131168203_4228700587181138509_n-500x280.jpg",500,280,true],"medium":["https:\/\/arantv.az\/wp-content\/uploads\/2022\/03\/275424395_1027615131168203_4228700587181138509_n-547x365.jpg",547,365,true],"large":["https:\/\/arantv.az\/wp-content\/uploads\/2022\/03\/275424395_1027615131168203_4228700587181138509_n.jpg",620,414,false],"1536x1536":["https:\/\/arantv.az\/wp-content\/uploads\/2022\/03\/275424395_1027615131168203_4228700587181138509_n.jpg",620,414,false],"2048x2048":["https:\/\/arantv.az\/wp-content\/uploads\/2022\/03\/275424395_1027615131168203_4228700587181138509_n.jpg",620,414,false],"post-thumbnail":["https:\/\/arantv.az\/wp-content\/uploads\/2022\/03\/275424395_1027615131168203_4228700587181138509_n-240x172.jpg",240,172,true],"advps-thumb-one":["https:\/\/arantv.az\/wp-content\/uploads\/2022\/03\/275424395_1027615131168203_4228700587181138509_n.jpg",620,414,false]},"rttpg_author":{"display_name":"V\u00fcsal Rafiqo\u011flu","author_link":"https:\/\/arantv.az\/?author=2"},"rttpg_comment":0,"rttpg_category":"<a href=\"https:\/\/arantv.az\/?cat=4\" rel=\"category\">Siyas\u0259t<\/a>","rttpg_excerpt":"Az\u0259rbaycan Prezidenti \u0130lham \u018fliyev v\u0259 Birinci vitse-prezident Mehriban \u018fliyeva Az\u0259rbaycan Kinematoqraf\u00e7\u0131lar \u0130ttifaq\u0131n\u0131n s\u0259dri, Xalq yaz\u0131\u00e7\u0131s\u0131 R\u00fcst\u0259m \u0130brahimb\u0259yovun vida m\u0259rasimin\u0259 \u0259klil g\u00f6nd\u0259rib. ARANTV.AZ x\u0259b\u0259r verir ki, \u0259klil d\u0259fn zaman\u0131 m\u0259rhumun m\u0259zar\u0131 \u00f6n\u00fcn\u0259 qoyulacaq. Xat\u0131rladaq ki, R.\u0130brahimb\u0259yov 1939-cu il fevral\u0131n 5-d\u0259 Bak\u0131 \u015f\u0259h\u0259rind\u0259 anadan olub. O, mart\u0131n 10-dan 11-n\u0259 ke\u00e7\u0259n gec\u0259 Rusiyan\u0131n paytaxt\u0131 Moskva \u015f\u0259h\u0259rind\u0259 v\u0259fat edib.&hellip;","_links":{"self":[{"href":"https:\/\/arantv.az\/index.php?rest_route=\/wp\/v2\/posts\/452279"}],"collection":[{"href":"https:\/\/arantv.az\/index.php?rest_route=\/wp\/v2\/posts"}],"about":[{"href":"https:\/\/arantv.az\/index.php?rest_route=\/wp\/v2\/types\/post"}],"author":[{"embeddable":true,"href":"https:\/\/arantv.az\/index.php?rest_route=\/wp\/v2\/users\/2"}],"replies":[{"embeddable":true,"href":"https:\/\/arantv.az\/index.php?rest_route=%2Fwp%2Fv2%2Fcomments&post=452279"}],"version-history":[{"count":0,"href":"https:\/\/arantv.az\/index.php?rest_route=\/wp\/v2\/posts\/452279\/revisions"}],"wp:featuredmedia":[{"embeddable":true,"href":"https:\/\/arantv.az\/index.php?rest_route=\/wp\/v2\/media\/452280"}],"wp:attachment":[{"href":"https:\/\/arantv.az\/index.php?rest_route=%2Fwp%2Fv2%2Fmedia&parent=452279"}],"wp:term":[{"taxonomy":"category","embeddable":true,"href":"https:\/\/arantv.az\/index.php?rest_route=%2Fwp%2Fv2%2Fcategories&post=452279"},{"taxonomy":"post_tag","embeddable":true,"href":"https:\/\/arantv.az\/index.php?rest_route=%2Fwp%2Fv2%2Ftags&post=452279"}],"curies":[{"name":"wp","href":"https:\/\/api.w.org\/{rel}","templated":true}]}}