{"id":452288,"date":"2022-03-16T11:52:14","date_gmt":"2022-03-16T08:52:14","guid":{"rendered":"http:\/\/arantv.az\/?p=452288"},"modified":"2022-03-16T11:52:14","modified_gmt":"2022-03-16T08:52:14","slug":"rust%c9%99m-ibrahimb%c9%99yovun-oglu-dedi-ki-ols%c9%99m-m%c9%99nim-butun-kohn%c9%99-dostlarimi-qucaqla","status":"publish","type":"post","link":"https:\/\/arantv.az\/?p=452288","title":{"rendered":"R\u00fcst\u0259m \u0130brahimb\u0259yovun o\u011flu: \u201cDedi ki, \u00f6ls\u0259m, m\u0259nim b\u00fct\u00fcn k\u00f6hn\u0259 dostlar\u0131m\u0131 qucaqla\u201d"},"content":{"rendered":"<p>\u201c\u0130nsan\u0131n atas\u0131n\u0131 itirm\u0259si \u00e7ox d\u0259rin k\u0259d\u0259rdir\u201d.<\/p>\n<p>APA-n\u0131n x\u0259b\u0259rin\u0259 g\u00f6r\u0259, bunu jurnalistl\u0259r\u0259 a\u00e7\u0131qlamas\u0131nda m\u0259rhum Xalq yaz\u0131\u00e7\u0131s\u0131 R\u00fcst\u0259m \u0130brahimb\u0259yovun o\u011flu Fuad \u0130brahimb\u0259yov deyib.<\/p>\n<div class=\"AdviadNativeVideo\"><\/div>\n<p>O, atas\u0131n\u0131n v\u0259fat\u0131n\u0131n g\u00f6zl\u0259nilm\u0259z oldu\u011funu vur\u011fulay\u0131b:<\/p>\n<p>\u201c\u015eadam ki, o, Bak\u0131ya g\u0259tirildi, v\u0259t\u0259nind\u0259 d\u0259fn edil\u0259c\u0259k. V\u0259 arzulayanlar, onu sev\u0259nl\u0259r g\u0259lib m\u0259zar\u0131n\u0131 ziyar\u0259t ed\u0259 bil\u0259c\u0259kl\u0259r. \u018flb\u0259tt\u0259, o, b\u00f6y\u00fck insan, m\u00f6ht\u0259\u015f\u0259m ata idi\u201d.<\/p>\n<p>F.\u0130brahimb\u0259yov bildirib ki, atas\u0131 \u00f6l\u00fcmqaba\u011f\u0131 ondan dostlar\u0131na salam \u00e7atd\u0131rmas\u0131n\u0131 ist\u0259yib:<\/p>\n<p>\u201cO, son s\u00f6z\u00fcnd\u0259 b\u00fct\u00fcn dostlar\u0131na salam s\u00f6yl\u0259di. Dedi ki, \u0259g\u0259r \u00f6ls\u0259m, m\u0259nim b\u00fct\u00fcn k\u00f6hn\u0259 dostlar\u0131m\u0131 qucaqla, onlara sevgimi \u00e7atd\u0131r\u201d.<\/p>\n","protected":false},"excerpt":{"rendered":"<p>\u201c\u0130nsan\u0131n atas\u0131n\u0131 itirm\u0259si \u00e7ox d\u0259rin k\u0259d\u0259rdir\u201d. APA-n\u0131n x\u0259b\u0259rin\u0259 g\u00f6r\u0259, bunu jurnalistl\u0259r\u0259 a\u00e7\u0131qlamas\u0131nda m\u0259rhum Xalq yaz\u0131\u00e7\u0131s\u0131 R\u00fcst\u0259m \u0130brahimb\u0259yovun o\u011flu Fuad \u0130brahimb\u0259yov deyib. O, atas\u0131n\u0131n v\u0259fat\u0131n\u0131n g\u00f6zl\u0259nilm\u0259z oldu\u011funu vur\u011fulay\u0131b: \u201c\u015eadam ki, o, Bak\u0131ya g\u0259tirildi, v\u0259t\u0259nind\u0259 d\u0259fn edil\u0259c\u0259k. V\u0259 arzulayanlar, onu sev\u0259nl\u0259r g\u0259lib m\u0259zar\u0131n\u0131 ziyar\u0259t ed\u0259 bil\u0259c\u0259kl\u0259r. \u018flb\u0259tt\u0259, o, b\u00f6y\u00fck insan, m\u00f6ht\u0259\u015f\u0259m ata idi\u201d. F.\u0130brahimb\u0259yov bildirib ki, atas\u0131 \u00f6l\u00fcmqaba\u011f\u0131 ondan dostlar\u0131na salam \u00e7atd\u0131rmas\u0131n\u0131 ist\u0259yib: \u201cO, son s\u00f6z\u00fcnd\u0259 b\u00fct\u00fcn dostlar\u0131na salam s\u00f6yl\u0259di. Dedi ki, \u0259g\u0259r \u00f6ls\u0259m, m\u0259nim b\u00fct\u00fcn k\u00f6hn\u0259 dostlar\u0131m\u0131 qucaqla, onlara sevgimi \u00e7atd\u0131r\u201d.<\/p>\n","protected":false},"author":2,"featured_media":452289,"comment_status":"closed","ping_status":"closed","sticky":false,"template":"","format":"standard","meta":{"om_disable_all_campaigns":false,"_monsterinsights_skip_tracking":false,"_monsterinsights_sitenote_active":false,"_monsterinsights_sitenote_note":"","_monsterinsights_sitenote_category":0},"categories":[1],"tags":[],"aioseo_notices":[],"gutentor_comment":0,"rttpg_featured_image_url":{"full":["https:\/\/arantv.az\/wp-content\/uploads\/2022\/03\/IMG_20220316_122714.jpg",620,413,false],"landscape":["https:\/\/arantv.az\/wp-content\/uploads\/2022\/03\/IMG_20220316_122714.jpg",620,413,false],"portraits":["https:\/\/arantv.az\/wp-content\/uploads\/2022\/03\/IMG_20220316_122714.jpg",620,413,false],"thumbnail":["https:\/\/arantv.az\/wp-content\/uploads\/2022\/03\/IMG_20220316_122714-500x280.jpg",500,280,true],"medium":["https:\/\/arantv.az\/wp-content\/uploads\/2022\/03\/IMG_20220316_122714-548x365.jpg",548,365,true],"large":["https:\/\/arantv.az\/wp-content\/uploads\/2022\/03\/IMG_20220316_122714.jpg",620,413,false],"1536x1536":["https:\/\/arantv.az\/wp-content\/uploads\/2022\/03\/IMG_20220316_122714.jpg",620,413,false],"2048x2048":["https:\/\/arantv.az\/wp-content\/uploads\/2022\/03\/IMG_20220316_122714.jpg",620,413,false],"post-thumbnail":["https:\/\/arantv.az\/wp-content\/uploads\/2022\/03\/IMG_20220316_122714-240x172.jpg",240,172,true],"advps-thumb-one":["https:\/\/arantv.az\/wp-content\/uploads\/2022\/03\/IMG_20220316_122714.jpg",620,413,false]},"rttpg_author":{"display_name":"V\u00fcsal Rafiqo\u011flu","author_link":"https:\/\/arantv.az\/?author=2"},"rttpg_comment":0,"rttpg_category":"<a href=\"https:\/\/arantv.az\/?cat=1\" rel=\"category\">C\u0259miyy\u0259t<\/a>","rttpg_excerpt":"\u201c\u0130nsan\u0131n atas\u0131n\u0131 itirm\u0259si \u00e7ox d\u0259rin k\u0259d\u0259rdir\u201d. APA-n\u0131n x\u0259b\u0259rin\u0259 g\u00f6r\u0259, bunu jurnalistl\u0259r\u0259 a\u00e7\u0131qlamas\u0131nda m\u0259rhum Xalq yaz\u0131\u00e7\u0131s\u0131 R\u00fcst\u0259m \u0130brahimb\u0259yovun o\u011flu Fuad \u0130brahimb\u0259yov deyib. O, atas\u0131n\u0131n v\u0259fat\u0131n\u0131n g\u00f6zl\u0259nilm\u0259z oldu\u011funu vur\u011fulay\u0131b: \u201c\u015eadam ki, o, Bak\u0131ya g\u0259tirildi, v\u0259t\u0259nind\u0259 d\u0259fn edil\u0259c\u0259k. V\u0259 arzulayanlar, onu sev\u0259nl\u0259r g\u0259lib m\u0259zar\u0131n\u0131 ziyar\u0259t ed\u0259 bil\u0259c\u0259kl\u0259r. \u018flb\u0259tt\u0259, o, b\u00f6y\u00fck insan, m\u00f6ht\u0259\u015f\u0259m ata idi\u201d. F.\u0130brahimb\u0259yov bildirib ki, atas\u0131&hellip;","_links":{"self":[{"href":"https:\/\/arantv.az\/index.php?rest_route=\/wp\/v2\/posts\/452288"}],"collection":[{"href":"https:\/\/arantv.az\/index.php?rest_route=\/wp\/v2\/posts"}],"about":[{"href":"https:\/\/arantv.az\/index.php?rest_route=\/wp\/v2\/types\/post"}],"author":[{"embeddable":true,"href":"https:\/\/arantv.az\/index.php?rest_route=\/wp\/v2\/users\/2"}],"replies":[{"embeddable":true,"href":"https:\/\/arantv.az\/index.php?rest_route=%2Fwp%2Fv2%2Fcomments&post=452288"}],"version-history":[{"count":0,"href":"https:\/\/arantv.az\/index.php?rest_route=\/wp\/v2\/posts\/452288\/revisions"}],"wp:featuredmedia":[{"embeddable":true,"href":"https:\/\/arantv.az\/index.php?rest_route=\/wp\/v2\/media\/452289"}],"wp:attachment":[{"href":"https:\/\/arantv.az\/index.php?rest_route=%2Fwp%2Fv2%2Fmedia&parent=452288"}],"wp:term":[{"taxonomy":"category","embeddable":true,"href":"https:\/\/arantv.az\/index.php?rest_route=%2Fwp%2Fv2%2Fcategories&post=452288"},{"taxonomy":"post_tag","embeddable":true,"href":"https:\/\/arantv.az\/index.php?rest_route=%2Fwp%2Fv2%2Ftags&post=452288"}],"curies":[{"name":"wp","href":"https:\/\/api.w.org\/{rel}","templated":true}]}}