{"id":452297,"date":"2022-03-16T12:09:23","date_gmt":"2022-03-16T09:09:23","guid":{"rendered":"http:\/\/arantv.az\/?p=452297"},"modified":"2022-03-16T12:09:23","modified_gmt":"2022-03-16T09:09:23","slug":"az%c9%99rbaycan-v%c9%99-ai-arasinda-novb%c9%99ti-t%c9%99hluk%c9%99sizlik-dialoqu-keciril%c9%99c%c9%99k","status":"publish","type":"post","link":"https:\/\/arantv.az\/?p=452297","title":{"rendered":"Az\u0259rbaycan v\u0259 A\u0130 aras\u0131nda n\u00f6vb\u0259ti t\u0259hl\u00fck\u0259sizlik dialoqu ke\u00e7iril\u0259c\u0259k"},"content":{"rendered":"<p>Avropa \u0130ttifaq\u0131 (A\u0130) Xarici \u0130\u015fl\u0259r Xidm\u0259tinin siyasi direktoru, A\u0130-nin Xarici siyas\u0259t v\u0259 T\u0259hl\u00fck\u0259sizlik m\u0259s\u0259l\u0259l\u0259ri \u00fczr\u0259 Ali N\u00fcmay\u0259nd\u0259si Cozep Borrellin m\u00fcavini Enrike Mora Az\u0259rbaycanda s\u0259f\u0259rd\u0259dir.<\/p>\n<p><strong>ARANTV.AZ\u00a0 x\u0259b\u0259r verir ki,<\/strong>\u00a0A\u0130 diplomat\u0131 az\u0259rbaycanl\u0131 r\u0259smil\u0259rl\u0259 g\u00f6r\u00fc\u015fl\u0259r ke\u00e7ir\u0259c\u0259k.<\/p>\n<p>O, eyni zamanda A\u0130-Az\u0259rbaycan aras\u0131nda 3-c\u00fc T\u0259hl\u00fck\u0259sizlik Dialoquna A\u0130 t\u0259r\u0259fd\u0259n s\u0259drlik ed\u0259c\u0259k.<\/p>\n","protected":false},"excerpt":{"rendered":"<p>Avropa \u0130ttifaq\u0131 (A\u0130) Xarici \u0130\u015fl\u0259r Xidm\u0259tinin siyasi direktoru, A\u0130-nin Xarici siyas\u0259t v\u0259 T\u0259hl\u00fck\u0259sizlik m\u0259s\u0259l\u0259l\u0259ri \u00fczr\u0259 Ali N\u00fcmay\u0259nd\u0259si Cozep Borrellin m\u00fcavini Enrike Mora Az\u0259rbaycanda s\u0259f\u0259rd\u0259dir. ARANTV.AZ\u00a0 x\u0259b\u0259r verir ki,\u00a0A\u0130 diplomat\u0131 az\u0259rbaycanl\u0131 r\u0259smil\u0259rl\u0259 g\u00f6r\u00fc\u015fl\u0259r ke\u00e7ir\u0259c\u0259k. O, eyni zamanda A\u0130-Az\u0259rbaycan aras\u0131nda 3-c\u00fc T\u0259hl\u00fck\u0259sizlik Dialoquna A\u0130 t\u0259r\u0259fd\u0259n s\u0259drlik ed\u0259c\u0259k.<\/p>\n","protected":false},"author":2,"featured_media":452298,"comment_status":"closed","ping_status":"closed","sticky":false,"template":"","format":"standard","meta":{"om_disable_all_campaigns":false,"_monsterinsights_skip_tracking":false,"_monsterinsights_sitenote_active":false,"_monsterinsights_sitenote_note":"","_monsterinsights_sitenote_category":0},"categories":[4],"tags":[],"aioseo_notices":[],"gutentor_comment":0,"rttpg_featured_image_url":{"full":["https:\/\/arantv.az\/wp-content\/uploads\/2022\/03\/25048eb6164742134921586764510195312.jpg",975,540,false],"landscape":["https:\/\/arantv.az\/wp-content\/uploads\/2022\/03\/25048eb6164742134921586764510195312.jpg",975,540,false],"portraits":["https:\/\/arantv.az\/wp-content\/uploads\/2022\/03\/25048eb6164742134921586764510195312.jpg",975,540,false],"thumbnail":["https:\/\/arantv.az\/wp-content\/uploads\/2022\/03\/25048eb6164742134921586764510195312-500x280.jpg",500,280,true],"medium":["https:\/\/arantv.az\/wp-content\/uploads\/2022\/03\/25048eb6164742134921586764510195312-660x365.jpg",660,365,true],"large":["https:\/\/arantv.az\/wp-content\/uploads\/2022\/03\/25048eb6164742134921586764510195312-840x465.jpg",640,354,true],"1536x1536":["https:\/\/arantv.az\/wp-content\/uploads\/2022\/03\/25048eb6164742134921586764510195312.jpg",975,540,false],"2048x2048":["https:\/\/arantv.az\/wp-content\/uploads\/2022\/03\/25048eb6164742134921586764510195312.jpg",975,540,false],"post-thumbnail":["https:\/\/arantv.az\/wp-content\/uploads\/2022\/03\/25048eb6164742134921586764510195312-240x172.jpg",240,172,true],"advps-thumb-one":["https:\/\/arantv.az\/wp-content\/uploads\/2022\/03\/25048eb6164742134921586764510195312.jpg",975,540,false]},"rttpg_author":{"display_name":"V\u00fcsal Rafiqo\u011flu","author_link":"https:\/\/arantv.az\/?author=2"},"rttpg_comment":0,"rttpg_category":"<a href=\"https:\/\/arantv.az\/?cat=4\" rel=\"category\">Siyas\u0259t<\/a>","rttpg_excerpt":"Avropa \u0130ttifaq\u0131 (A\u0130) Xarici \u0130\u015fl\u0259r Xidm\u0259tinin siyasi direktoru, A\u0130-nin Xarici siyas\u0259t v\u0259 T\u0259hl\u00fck\u0259sizlik m\u0259s\u0259l\u0259l\u0259ri \u00fczr\u0259 Ali N\u00fcmay\u0259nd\u0259si Cozep Borrellin m\u00fcavini Enrike Mora Az\u0259rbaycanda s\u0259f\u0259rd\u0259dir. ARANTV.AZ\u00a0 x\u0259b\u0259r verir ki,\u00a0A\u0130 diplomat\u0131 az\u0259rbaycanl\u0131 r\u0259smil\u0259rl\u0259 g\u00f6r\u00fc\u015fl\u0259r ke\u00e7ir\u0259c\u0259k. O, eyni zamanda A\u0130-Az\u0259rbaycan aras\u0131nda 3-c\u00fc T\u0259hl\u00fck\u0259sizlik Dialoquna A\u0130 t\u0259r\u0259fd\u0259n s\u0259drlik ed\u0259c\u0259k.","_links":{"self":[{"href":"https:\/\/arantv.az\/index.php?rest_route=\/wp\/v2\/posts\/452297"}],"collection":[{"href":"https:\/\/arantv.az\/index.php?rest_route=\/wp\/v2\/posts"}],"about":[{"href":"https:\/\/arantv.az\/index.php?rest_route=\/wp\/v2\/types\/post"}],"author":[{"embeddable":true,"href":"https:\/\/arantv.az\/index.php?rest_route=\/wp\/v2\/users\/2"}],"replies":[{"embeddable":true,"href":"https:\/\/arantv.az\/index.php?rest_route=%2Fwp%2Fv2%2Fcomments&post=452297"}],"version-history":[{"count":0,"href":"https:\/\/arantv.az\/index.php?rest_route=\/wp\/v2\/posts\/452297\/revisions"}],"wp:featuredmedia":[{"embeddable":true,"href":"https:\/\/arantv.az\/index.php?rest_route=\/wp\/v2\/media\/452298"}],"wp:attachment":[{"href":"https:\/\/arantv.az\/index.php?rest_route=%2Fwp%2Fv2%2Fmedia&parent=452297"}],"wp:term":[{"taxonomy":"category","embeddable":true,"href":"https:\/\/arantv.az\/index.php?rest_route=%2Fwp%2Fv2%2Fcategories&post=452297"},{"taxonomy":"post_tag","embeddable":true,"href":"https:\/\/arantv.az\/index.php?rest_route=%2Fwp%2Fv2%2Ftags&post=452297"}],"curies":[{"name":"wp","href":"https:\/\/api.w.org\/{rel}","templated":true}]}}