{"id":452300,"date":"2022-03-16T12:11:46","date_gmt":"2022-03-16T09:11:46","guid":{"rendered":"http:\/\/arantv.az\/?p=452300"},"modified":"2022-03-16T12:11:46","modified_gmt":"2022-03-16T09:11:46","slug":"ukraynadan-t%c9%99xliy%c9%99-edil%c9%99n-s%c9%99hid-ail%c9%99si-coll%c9%99rd%c9%99-donub-olurduk-xilas-olacagimiza-inanmirdiq-foto","status":"publish","type":"post","link":"https:\/\/arantv.az\/?p=452300","title":{"rendered":"Ukraynadan t\u0259xliy\u0259 edil\u0259n \u015f\u0259hid ail\u0259si: \u201c\u00c7\u00f6ll\u0259rd\u0259 donub \u00f6l\u00fcrd\u00fck, xilas olaca\u011f\u0131m\u0131za inanm\u0131rd\u0131q\u201d &#8211; FOTO"},"content":{"rendered":"<p>Ukraynadak\u0131 v\u0259ziyy\u0259tl\u0259 \u0259laq\u0259dar Az\u0259rbaycana\u00a0t\u0259xliy\u0259 olunanlardan biri d\u0259 44 g\u00fcnl\u00fck V\u0259t\u0259n m\u00fcharib\u0259si \u015f\u0259hidinin ail\u0259 \u00fczv\u00fc Z\u0259rif\u0259 Muxtarovad\u0131r.<\/p>\n<p>Ukraynadak\u0131 hadis\u0259l\u0259r fonunda a\u011f\u0131r g\u00fcnl\u0259ri gerid\u0259 qoyan Z\u0259rif\u0259 xan\u0131m \u00f6lk\u0259y\u0259 qay\u0131d\u0131\u015f\u0131 il\u0259 ba\u011fl\u0131\u00a0Modern.az-a dan\u0131\u015f\u0131b.<\/p>\n<div class=\"AdviadNativeVideo\"><\/div>\n<p>O, Ukraynaya m\u00fcharib\u0259d\u0259n 5 g\u00fcn \u0259vv\u0259l h\u0259yat yolda\u015f\u0131 il\u0259 birg\u0259 getdiyini bildirib:<\/p>\n<p>\u201cM\u00fcharib\u0259 ba\u015flayanda xilas olaca\u011f\u0131m\u0131za inanm\u0131rd\u0131q. Bizi\u00a0h\u0259rbi hiss\u0259y\u0259 yerl\u0259\u015fdirdil\u0259r. \u00c7\u00f6ll\u0259rd\u0259 donub \u00f6l\u00fcrd\u00fck. Moldovada bizi\u00a0isti yer\u0259 yerl\u0259\u015fdirdil\u0259r, yem\u0259kl\u0259 t\u0259min etdil\u0259r\u201d.<\/p>\n<p>Haz\u0131rda G\u0259nc\u0259d\u0259 \u00f6z evind\u0259 oldu\u011funu bildir\u0259n Z\u0259rif\u0259 xan\u0131m m\u00fcharib\u0259nin qan-qadas\u0131n\u0131 \u00e7ox yax\u015f\u0131 bildiyini deyib:<\/p>\n<p>\u201cQayn\u0131m\u0131n o\u011flu S\u0259rxan Muxtarov\u00a0V\u0259t\u0259n m\u00fcharib\u0259sind\u0259 \u015f\u0259hid olub. Biz bir evd\u0259 ya\u015fay\u0131r\u0131q. S\u0259rxan\u0131n anas\u0131 \u00c7imnaz xan\u0131mla bir b\u00f6y\u00fctm\u00fc\u015fd\u00fck S\u0259rxan\u0131. O\u011flanlar\u0131m\u0131z\u00a0qarda\u015f kimi b\u00f6y\u00fcy\u00fcb. \u00d6l\u0259nd\u0259 d\u0259 bir \u00f6ld\u00fcl\u0259r. S\u0259rxan m\u00fcharib\u0259d\u0259n sa\u011f-salamat qay\u0131td\u0131. M\u00fcharib\u0259d\u0259n sonra minaya d\u00fc\u015f\u00fcb d\u00fcnyas\u0131n\u0131 d\u0259yi\u015fdi. O\u011flum Asim S\u0259rxan\u0131n d\u0259fn g\u00fcn\u00fc onun \u00f6l\u00fcm\u00fcn\u0259 d\u00f6zm\u0259di, \u00fcr\u0259yi partlay\u0131b \u00f6ld\u00fc. Onu da onun yan\u0131na basd\u0131rd\u0131q\u201d.<\/p>\n<p>Qeyd ed\u0259k ki, S\u0259rxan Muxtarov\u00a02009-cu ild\u0259 \u201cMotoat\u0131c\u0131\u201d ixtisas\u0131 \u00fczr\u0259 ali h\u0259rbi t\u0259hsilini ald\u0131qdan sonra leytenant ilkin h\u0259rbi zabit r\u00fctb\u0259si al\u0131b.<\/p>\n<p>V\u0259t\u0259n m\u00fcharib\u0259si\u00a0d\u00f6vr\u00fcnd\u0259 mayor S\u0259rxan Muxtarov\u00a0M\u00fcdafi\u0259 Nazirliyinin\u00a0m\u00fcxt\u0259lif h\u0259rbi hiss\u0259l\u0259rinin t\u0259rkibind\u0259 A\u011fcab\u0259di, A\u011fdam, Qazax, Qubadl\u0131 v\u0259\u00a0S\u0259rh\u0259d Qo\u015funlar\u0131nda\u00a0h\u0259rbi xidm\u0259td\u0259 olub.<\/p>\n<p>O, F\u00fczulinin, C\u0259bray\u0131l\u0131n, Qubadl\u0131n\u0131n,\u00a0La\u00e7\u0131n\u0131n\u00a0v\u0259\u00a0Z\u0259ngilan\u0131n azadl\u0131\u011f\u0131 u\u011frunda ged\u0259n d\u00f6y\u00fc\u015fl\u0259rd\u0259 vuru\u015fub. V\u0259t\u0259n m\u00fcharib\u0259si bitdikd\u0259n sonra\u00a0Qubadl\u0131 rayonunda\u00a0xidm\u0259tini davam etdir\u0259n tabor komandiri S\u0259rxan Muxtarov\u00a012 yanvar\u00a02021-ci ild\u0259 h\u0259min yerd\u0259 v\u0259zif\u0259 ba\u015f\u0131nda minaya d\u00fc\u015f\u0259r\u0259k \u015f\u0259hid olub. S\u00fcr\u00fcc\u00fcs\u00fc \u0259sg\u0259r M\u0259cid S\u0259f\u0259rov is\u0259 h\u0259min hadis\u0259d\u0259 a\u011f\u0131r yaralan\u0131b\u00a0v\u0259 x\u0259st\u0259xanaya yerl\u0259\u015fdirilib.<\/p>\n<p>Az\u0259rbaycan Prezidenti\u00a0\u0130lham \u018fliyevin\u00a024 iyun 2021-ci il tarixli S\u0259r\u0259ncam\u0131na \u0259sas\u0259n S\u0259rxan Muxtarov \u00f6l\u00fcm\u00fcnd\u0259n sonra\u00a0\u201cV\u0259t\u0259n u\u011frunda\u201d\u00a0medal\u0131\u00a0il\u0259 t\u0259ltif edilib.<\/p>\n<p>&nbsp;<\/p>\n<div class=\"gallery\">\n<div class=\"gallery-i\"><img src=\"https:\/\/cdn.oxu.az\/uploads\/W1siZiIsIjIwMjIvMDMvMTYvMTAvMTcvNTMvMjIwY2FiMWUtYWIzMS00YTBmLWFjZDEtMGU3NTQ0MzY3Nzg1LzE2NDc0MTAwMzBfcS5qcGciXSxbInAiLCJlbmNvZGUiLCJqcGciLCItcXVhbGl0eSA4MCJdLFsicCIsInRodW1iIiwiNTkweDU5MFx1MDAzZSJdXQ?sha=791a2c1586a5db1a\" alt=\"\" \/><\/p>\n<div class=\"gallery-i-caption\"><\/div>\n<\/div>\n<div class=\"gallery-i\"><img src=\"https:\/\/cdn.oxu.az\/uploads\/W1siZiIsIjIwMjIvMDMvMTYvMTAvMTcvNTMvYzNlNjM5ZDAtYjRkNS00ODhkLTliNmEtODBlMjE2N2NkMmY1LzE2NDc0MDk5NTBfZS5qcGciXSxbInAiLCJlbmNvZGUiLCJqcGciLCItcXVhbGl0eSA4MCJdLFsicCIsInRodW1iIiwiNTkweDU5MFx1MDAzZSJdXQ?sha=81aad2a476402bab\" alt=\"\" \/><\/p>\n<div class=\"gallery-i-caption\"><\/div>\n<\/div>\n<div class=\"gallery-i\"><img src=\"https:\/\/cdn.oxu.az\/uploads\/W1siZiIsIjIwMjIvMDMvMTYvMTAvMTcvNTMvZDcwNGIzZmEtODFhNS00M2E0LTlmYmItZWYxNDhhYjdhZmM3LzE2NDc0MDk5NTlfdy5qcGciXSxbInAiLCJlbmNvZGUiLCJqcGciLCItcXVhbGl0eSA4MCJdLFsicCIsInRodW1iIiwiNTkweDU5MFx1MDAzZSJdXQ?sha=81db274da6e2d9e7\" alt=\"\" \/><\/p>\n<div class=\"gallery-i-caption\"><\/div>\n<\/div>\n<div class=\"gallery-i\"><img src=\"https:\/\/cdn.oxu.az\/uploads\/W1siZiIsIjIwMjIvMDMvMTYvMTAvMTcvNTMvOTgxY2QwNTEtMGIwMS00ZDYwLTlmN2ItMmVjZjRjMzU4ZmUyLzE2NDc0MDk5NjJfdC5qcGciXSxbInAiLCJlbmNvZGUiLCJqcGciLCItcXVhbGl0eSA4MCJdLFsicCIsInRodW1iIiwiNTkweDU5MFx1MDAzZSJdXQ?sha=cdbe73bae96fff1f\" alt=\"\" \/><\/p>\n<div class=\"gallery-i-caption\"><\/div>\n<\/div>\n<div class=\"gallery-i\"><img src=\"https:\/\/cdn.oxu.az\/uploads\/W1siZiIsIjIwMjIvMDMvMTYvMTAvMTcvNTMvYmU1NDRlODYtZTQ3Ny00ZmQxLTk2ODktMjNlMzgyMDdhZjYyLzE2NDc0MDk4ODFfci5qcGciXSxbInAiLCJlbmNvZGUiLCJqcGciLCItcXVhbGl0eSA4MCJdLFsicCIsInRodW1iIiwiNTkweDU5MFx1MDAzZSJdXQ?sha=20471fee4a9a0b0a\" alt=\"\" \/><\/p>\n<div class=\"gallery-i-caption\"><\/div>\n<\/div>\n<div class=\"gallery-i\"><img src=\"https:\/\/cdn.oxu.az\/uploads\/W1siZiIsIjIwMjIvMDMvMTYvMTAvMTcvNTMvNTBiMDE5YjktNjc2NS00MjU1LWI2ZDYtZmY2MDU3MTdmNjUxLzE2NDc0MDk5NzlfeS5qcGciXSxbInAiLCJlbmNvZGUiLCJqcGciLCItcXVhbGl0eSA4MCJdLFsicCIsInRodW1iIiwiNTkweDU5MFx1MDAzZSJdXQ?sha=daca2cc9d470f1a5\" alt=\"\" \/><\/div>\n<\/div>\n","protected":false},"excerpt":{"rendered":"<p>Ukraynadak\u0131 v\u0259ziyy\u0259tl\u0259 \u0259laq\u0259dar Az\u0259rbaycana\u00a0t\u0259xliy\u0259 olunanlardan biri d\u0259 44 g\u00fcnl\u00fck V\u0259t\u0259n m\u00fcharib\u0259si \u015f\u0259hidinin ail\u0259 \u00fczv\u00fc Z\u0259rif\u0259 Muxtarovad\u0131r. Ukraynadak\u0131 hadis\u0259l\u0259r fonunda a\u011f\u0131r g\u00fcnl\u0259ri gerid\u0259 qoyan Z\u0259rif\u0259 xan\u0131m \u00f6lk\u0259y\u0259 qay\u0131d\u0131\u015f\u0131 il\u0259 ba\u011fl\u0131\u00a0Modern.az-a dan\u0131\u015f\u0131b. O, Ukraynaya m\u00fcharib\u0259d\u0259n 5 g\u00fcn \u0259vv\u0259l h\u0259yat yolda\u015f\u0131 il\u0259 birg\u0259 getdiyini bildirib: \u201cM\u00fcharib\u0259 ba\u015flayanda xilas olaca\u011f\u0131m\u0131za inanm\u0131rd\u0131q. Bizi\u00a0h\u0259rbi hiss\u0259y\u0259 yerl\u0259\u015fdirdil\u0259r. \u00c7\u00f6ll\u0259rd\u0259 donub \u00f6l\u00fcrd\u00fck. Moldovada bizi\u00a0isti yer\u0259 yerl\u0259\u015fdirdil\u0259r, yem\u0259kl\u0259 t\u0259min etdil\u0259r\u201d. Haz\u0131rda G\u0259nc\u0259d\u0259 \u00f6z evind\u0259 oldu\u011funu bildir\u0259n Z\u0259rif\u0259 xan\u0131m m\u00fcharib\u0259nin qan-qadas\u0131n\u0131 \u00e7ox yax\u015f\u0131 bildiyini deyib: \u201cQayn\u0131m\u0131n o\u011flu S\u0259rxan Muxtarov\u00a0V\u0259t\u0259n m\u00fcharib\u0259sind\u0259 \u015f\u0259hid olub. Biz bir evd\u0259 ya\u015fay\u0131r\u0131q. S\u0259rxan\u0131n anas\u0131 \u00c7imnaz xan\u0131mla bir&hellip;<\/p>\n","protected":false},"author":2,"featured_media":452301,"comment_status":"closed","ping_status":"closed","sticky":false,"template":"","format":"standard","meta":{"om_disable_all_campaigns":false,"_monsterinsights_skip_tracking":false,"_monsterinsights_sitenote_active":false,"_monsterinsights_sitenote_note":"","_monsterinsights_sitenote_category":0},"categories":[1],"tags":[],"aioseo_notices":[],"gutentor_comment":0,"rttpg_featured_image_url":{"full":["https:\/\/arantv.az\/wp-content\/uploads\/2022\/03\/FotoJet-2022-03-16T101720.732.jpg",620,413,false],"landscape":["https:\/\/arantv.az\/wp-content\/uploads\/2022\/03\/FotoJet-2022-03-16T101720.732.jpg",620,413,false],"portraits":["https:\/\/arantv.az\/wp-content\/uploads\/2022\/03\/FotoJet-2022-03-16T101720.732.jpg",620,413,false],"thumbnail":["https:\/\/arantv.az\/wp-content\/uploads\/2022\/03\/FotoJet-2022-03-16T101720.732-500x280.jpg",500,280,true],"medium":["https:\/\/arantv.az\/wp-content\/uploads\/2022\/03\/FotoJet-2022-03-16T101720.732-548x365.jpg",548,365,true],"large":["https:\/\/arantv.az\/wp-content\/uploads\/2022\/03\/FotoJet-2022-03-16T101720.732.jpg",620,413,false],"1536x1536":["https:\/\/arantv.az\/wp-content\/uploads\/2022\/03\/FotoJet-2022-03-16T101720.732.jpg",620,413,false],"2048x2048":["https:\/\/arantv.az\/wp-content\/uploads\/2022\/03\/FotoJet-2022-03-16T101720.732.jpg",620,413,false],"post-thumbnail":["https:\/\/arantv.az\/wp-content\/uploads\/2022\/03\/FotoJet-2022-03-16T101720.732-240x172.jpg",240,172,true],"advps-thumb-one":["https:\/\/arantv.az\/wp-content\/uploads\/2022\/03\/FotoJet-2022-03-16T101720.732.jpg",620,413,false]},"rttpg_author":{"display_name":"V\u00fcsal Rafiqo\u011flu","author_link":"https:\/\/arantv.az\/?author=2"},"rttpg_comment":0,"rttpg_category":"<a href=\"https:\/\/arantv.az\/?cat=1\" rel=\"category\">C\u0259miyy\u0259t<\/a>","rttpg_excerpt":"Ukraynadak\u0131 v\u0259ziyy\u0259tl\u0259 \u0259laq\u0259dar Az\u0259rbaycana\u00a0t\u0259xliy\u0259 olunanlardan biri d\u0259 44 g\u00fcnl\u00fck V\u0259t\u0259n m\u00fcharib\u0259si \u015f\u0259hidinin ail\u0259 \u00fczv\u00fc Z\u0259rif\u0259 Muxtarovad\u0131r. Ukraynadak\u0131 hadis\u0259l\u0259r fonunda a\u011f\u0131r g\u00fcnl\u0259ri gerid\u0259 qoyan Z\u0259rif\u0259 xan\u0131m \u00f6lk\u0259y\u0259 qay\u0131d\u0131\u015f\u0131 il\u0259 ba\u011fl\u0131\u00a0Modern.az-a dan\u0131\u015f\u0131b. O, Ukraynaya m\u00fcharib\u0259d\u0259n 5 g\u00fcn \u0259vv\u0259l h\u0259yat yolda\u015f\u0131 il\u0259 birg\u0259 getdiyini bildirib: \u201cM\u00fcharib\u0259 ba\u015flayanda xilas olaca\u011f\u0131m\u0131za inanm\u0131rd\u0131q. Bizi\u00a0h\u0259rbi hiss\u0259y\u0259 yerl\u0259\u015fdirdil\u0259r. \u00c7\u00f6ll\u0259rd\u0259 donub \u00f6l\u00fcrd\u00fck. Moldovada bizi\u00a0isti&hellip;","_links":{"self":[{"href":"https:\/\/arantv.az\/index.php?rest_route=\/wp\/v2\/posts\/452300"}],"collection":[{"href":"https:\/\/arantv.az\/index.php?rest_route=\/wp\/v2\/posts"}],"about":[{"href":"https:\/\/arantv.az\/index.php?rest_route=\/wp\/v2\/types\/post"}],"author":[{"embeddable":true,"href":"https:\/\/arantv.az\/index.php?rest_route=\/wp\/v2\/users\/2"}],"replies":[{"embeddable":true,"href":"https:\/\/arantv.az\/index.php?rest_route=%2Fwp%2Fv2%2Fcomments&post=452300"}],"version-history":[{"count":0,"href":"https:\/\/arantv.az\/index.php?rest_route=\/wp\/v2\/posts\/452300\/revisions"}],"wp:featuredmedia":[{"embeddable":true,"href":"https:\/\/arantv.az\/index.php?rest_route=\/wp\/v2\/media\/452301"}],"wp:attachment":[{"href":"https:\/\/arantv.az\/index.php?rest_route=%2Fwp%2Fv2%2Fmedia&parent=452300"}],"wp:term":[{"taxonomy":"category","embeddable":true,"href":"https:\/\/arantv.az\/index.php?rest_route=%2Fwp%2Fv2%2Fcategories&post=452300"},{"taxonomy":"post_tag","embeddable":true,"href":"https:\/\/arantv.az\/index.php?rest_route=%2Fwp%2Fv2%2Ftags&post=452300"}],"curies":[{"name":"wp","href":"https:\/\/api.w.org\/{rel}","templated":true}]}}