{"id":452318,"date":"2022-03-16T12:28:57","date_gmt":"2022-03-16T09:28:57","guid":{"rendered":"http:\/\/arantv.az\/?p=452318"},"modified":"2022-03-16T12:28:57","modified_gmt":"2022-03-16T09:28:57","slug":"torpaq-%c9%99limd%c9%99-bahar-ur%c9%99yimd%c9%99-yarmarkasinda-n%c9%99l%c9%99r-bas-verir-reportaj-foto","status":"publish","type":"post","link":"https:\/\/arantv.az\/?p=452318","title":{"rendered":"\u201cTorpaq \u0259limd\u0259, bahar \u00fcr\u0259yimd\u0259\u201d yarmarkas\u0131nda n\u0259l\u0259r ba\u015f verir? &#8211; REPORTAJ &#8211; FOTO"},"content":{"rendered":"<div id=\"mvp-content-main\" class=\"left relative\">\n<p><strong>Yurdumuza bahar g\u0259lir! Boz, \u00e7iskin, k\u00fcl\u0259kli hava bir q\u0259d\u0259r \u0259hval-ruhiyy\u0259mizi d\u0259yi\u015fs\u0259 d\u0259, Novruzun r\u0259ngar\u0259ngliyi ruhumuzu \u015f\u0259nl\u0259ndirir. Novruz bayram\u0131 \u015fimal yar\u0131mk\u00fcr\u0259sind\u0259 yaz\u0131n g\u0259li\u015fi il\u0259 eyni g\u00fcnd\u0259 qeyd olunur. 21 mart tarixind\u0259 gec\u0259 il\u0259 g\u00fcnd\u00fcz\u00fcn b\u0259rab\u0259rl\u0259\u015fdiyi bu g\u00fcnd\u0259 q\u0259dim zamanlardan bir s\u0131ra xalqlar, h\u0259m\u00e7inin az\u0259rbaycanl\u0131lar da yaz\u0131n g\u0259li\u015fini, t\u0259bi\u0259tin oyan\u0131\u015f\u0131n\u0131 yeni ilin ba\u015flan\u011f\u0131c\u0131 kimi qeyd ed\u0259r\u0259k \u015f\u0259nlikl\u0259r ke\u00e7irirdil\u0259r. Bu \u015f\u0259nlikl\u0259r Az\u0259rbaycanda h\u0259r il f\u0259rqli-f\u0259rqli m\u0259kanlarda tarixi ad\u0259t-\u0259n\u0259n\u0259l\u0259r\u0259 sadiq qal\u0131naraq ke\u00e7irilir. Novruzu biz\u0259 b\u0259lk\u0259 d\u0259 bu q\u0259d\u0259r do\u011fma ed\u0259n m\u0259hz onun q\u0259dimliyi v\u0259 xalq\u0131m\u0131z\u0131n z\u0259ngin tarixini bir daha xat\u0131rlatmas\u0131d\u0131r.\u00a0<\/strong><\/p>\n<p><strong>\u018fn\u0259n\u0259vi olaraq h\u0259r il Az\u0259rbaycan\u0131n bir \u00e7ox b\u00f6lg\u0259l\u0259rind\u0259 Novruz bayram\u0131 il\u0259 \u0259laq\u0259dar \u015f\u0259nlikl\u0259r, bayram yarmarkalar\u0131 ke\u00e7irilir.\u00a0<\/strong><\/p>\n<p><strong><a href=\"https:\/\/publika.az\/az\/news\/sosial\/Publika.az\">Publika.az<\/a>\u00a0<\/strong><strong>\u201cTorpaq \u0259limd\u0259, bahar \u00fcr\u0259yimd\u0259\u201d<\/strong>\u00a0xeyriyy\u0259 yarmarkas\u0131ndan haz\u0131rlad\u0131\u011f\u0131 reportaj\u0131 t\u0259qdim edir.<\/p>\n<p><img class=\"fr-fic fr-dib fr-fil\" src=\"https:\/\/publika.az\/files\/upload\/68ec83f0fa541228e583a86195d034333c4e6b2b.jpg\" \/><\/p>\n<p>Mart\u0131n 1-d\u0259 \u201cNargis\u201d Fondunun t\u0259\u015fkilat\u00e7\u0131l\u0131\u011f\u0131 il\u0259 \u201cTorpaq \u0259limd\u0259, bahar \u00fcr\u0259yimd\u0259\u201d xeyriyy\u0259 yarmarkas\u0131 Bak\u0131 sakinl\u0259ri v\u0259 qonaqlar\u0131 \u00fc\u00e7\u00fcn qap\u0131lar\u0131n\u0131 a\u00e7\u0131b.<\/p>\n<div class=\"AdviadNativeVideo\"><\/div>\n<div class=\"AdviadNativeVideo\"><\/div>\n<p>Bu yarmarka ilk d\u0259f\u0259 2019-cu ild\u0259 Novruz bayram\u0131 \u0259r\u0259f\u0259sind\u0259 \u201cNargis\u201d Fondu t\u0259r\u0259find\u0259n \u201cTorpaq \u0259limd\u0259, bahar \u00fcr\u0259yimd\u0259\u201d ad\u0131 il\u0259 t\u0259\u015fkil olunub v\u0259 paytaxt\u0131n m\u0259rk\u0259zin\u0259 \u0259sl bayram sevinci g\u0259tirib. 2020-ci ild\u0259 d\u00fcnyan\u0131 b\u00fcr\u00fcm\u00fc\u015f koronavirus pandemiyas\u0131 s\u0259b\u0259bil\u0259 yarmarkan\u0131n ke\u00e7irilm\u0259si t\u0259xir\u0259 sal\u0131nmas\u0131na baxmayaraq, qeydiyyata al\u0131nm\u0131\u015f k\u00f6rp\u0259l\u0259r Fond t\u0259r\u0259find\u0259n m\u00fcalic\u0259 v\u0259 \u0259m\u0259liyyata g\u00f6nd\u0259rilib.<\/p>\n<div class=\"AdviadNativeVideo\"><\/div>\n<p><img class=\"fr-fic fr-dib fr-fil\" src=\"https:\/\/publika.az\/files\/upload\/9b35574eb24531a1c239009b9222a3ad63bed492.jpg\" \/><\/p>\n<p>Xeyriyy\u0259 yarmarkas\u0131n\u0131n qonaqlar\u0131 ekskl\u00fcziv suvenirl\u0259r, h\u0259diyy\u0259l\u0259r \u0259ld\u0259 ed\u0259, qeyri-adi, dadl\u0131 t\u0259amlar dada, isti i\u00e7kil\u0259rl\u0259 soyuq havada isin\u0259, sevdikl\u0259ri il\u0259 birlikd\u0259 oyunlar oynaya v\u0259 \u0259sl Novruz ab-havas\u0131n\u0131 birlikd\u0259 k\u0259\u015ff ed\u0259 bil\u0259rl\u0259r.<\/p>\n<div class=\"AdviadNativeVideo\"><\/div>\n<p><img class=\"fr-fic fr-dib fr-fil\" src=\"https:\/\/publika.az\/files\/upload\/90c705feb3329beb2985b76defdff5608acd95c4.jpg\" \/><\/p>\n<p>H\u0259r il oldu\u011fu kimi, yarmarka sponsorlar\u0131n\u0131n maliyy\u0259 d\u0259st\u0259yi v\u0259 yarmarkada qurulan evl\u0259rin kiray\u0259sind\u0259n toplanan b\u00fct\u00fcn v\u0259sait m\u00fcxt\u0259lif x\u0259st\u0259likl\u0259rd\u0259n \u0259ziyy\u0259t \u00e7\u0259k\u0259n u\u015faqlar\u0131n m\u00fcalic\u0259 v\u0259 \u0259m\u0259liyyat x\u0259rcl\u0259rinin qar\u015f\u0131lanmas\u0131na s\u0259rf edil\u0259c\u0259k. Yarmarkan\u0131n n\u0259tic\u0259l\u0259ri v\u0259 \u0259trafl\u0131 maliyy\u0259 hesabat\u0131 yarmarka bitdikd\u0259n sonra ictimaiyy\u0259t\u0259 t\u0259qdim olunacaq.<\/p>\n<div class=\"AdviadNativeVideo\"><\/div>\n<p><img class=\"fr-fic fr-dib fr-fil\" src=\"https:\/\/publika.az\/files\/upload\/c70838c357982432d9d09e18942343498d52ecbf.jpg\" \/><\/p>\n<p>Biz d\u0259 \u00f6z n\u00f6vb\u0259mizd\u0259 yarmarkadak\u0131 v\u0259ziyy\u0259tl\u0259 tan\u0131\u015f olmaq \u00fc\u00e7\u00fcn yolumuzu paytaxt\u0131n Nizami k\u00fc\u00e7\u0259sind\u0259n sald\u0131q. H\u0259r il insanlar\u0131n kifay\u0259t q\u0259d\u0259r mara\u011f\u0131n\u0131 c\u0259lb ed\u0259n bu maraql\u0131 m\u0259kanda bu il bir o q\u0259d\u0259r d\u0259 insan diqq\u0259ti c\u0259lb etmirdi. Yarmarkada qurulan evl\u0259rd\u0259 f\u0259aliyy\u0259t g\u00f6st\u0259r\u0259n kiray\u0259\u00e7il\u0259r qeyd edirl\u0259r ki, burada insanlar h\u0259ft\u0259 i\u00e7i v\u0259 erk\u0259n saatlarda ax\u015fama nisb\u0259t\u0259n daha az olur.<\/p>\n<div class=\"AdviadNativeVideo\"><\/div>\n<p><img class=\"fr-fic fr-dib fr-fil\" src=\"https:\/\/publika.az\/files\/upload\/5a85c8f9b01bb2c78f42b6e1416e91034391ea70.jpg\" \/><\/p>\n<p>\u00dcz tutdu\u011fumuz m\u0259kanda f\u0259aliyy\u0259t g\u00f6st\u0259r\u0259n ma\u011faza sahibl\u0259rinin v\u0259 v\u0259t\u0259nda\u015flar\u0131n yarmarka bar\u0259sind\u0259 fikirl\u0259rini \u00f6yr\u0259ndik.<\/p>\n<div class=\"AdviadNativeVideo\"><\/div>\n<p><img class=\"fr-fic fr-dib fr-fil\" src=\"https:\/\/publika.az\/files\/upload\/97ccab0bd498c4ff400b4e8f73dc9a4ba5d08345.jpg\" \/><\/p>\n<p><strong>\u0130rad\u0259 Ramazanova<\/strong>\u00a0deyir ki, yarmarkaya maraq Yeni ill\u0259 m\u00fcqayis\u0259d\u0259 azd\u0131r: \u201cYeni ild\u0259 insanlar daha \u00e7ox yarmarkaya \u00fcz tutur, daha \u00e7ox \u0259yl\u0259nir. Bunun \u00a0s\u0259b\u0259bi havalar\u0131n qeyri-stabil ke\u00e7m\u0259si, ya da qiym\u0259tl\u0259rl\u0259 \u0259laq\u0259dar ola bil\u0259r. Ba\u015fqa bir m\u0259s\u0259l\u0259 is\u0259 yarmarkan\u0131n a\u00e7\u0131l\u0131\u015f vaxt\u0131 il\u0259 \u0259laq\u0259dard\u0131r. \u00c7\u00fcnki h\u0259r il yarmarka f\u0259aliyy\u0259t\u0259 15 martda ba\u015flay\u0131rd\u0131, bu il is\u0259 mart ay\u0131n\u0131n 1-d\u0259n. Ola bil\u0259r ki, v\u0259t\u0259nda\u015flar\u0131n bir \u00e7oxu bundan x\u0259b\u0259rdar deyil. Buna g\u00f6r\u0259 d\u0259 yarmarkaya maraq az olmaqla b\u0259rab\u0259r, al\u0131c\u0131l\u0131q qabiliyy\u0259ti d\u0259 a\u015fa\u011f\u0131d\u0131r\u201d.<\/p>\n<div class=\"AdviadNativeVideo\"><\/div>\n<p>Daha \u00e7ox \u00e7ay, kofe kimi i\u00e7kil\u0259rin sat\u0131\u015f\u0131 il\u0259 m\u0259\u015f\u011ful olan v\u0259 \u0130randan g\u0259ldiyini dey\u0259n S\u0259id is\u0259 qeyd edir ki, m\u00fc\u015ft\u0259ril\u0259rin mara\u011f\u0131 kifay\u0259t q\u0259d\u0259rdir: \u201c\u0130sti i\u00e7kil\u0259r satd\u0131\u011f\u0131ma g\u00f6r\u0259 m\u0259nim bazar\u0131mda dig\u0259rl\u0259rin\u0259 nisb\u0259td\u0259 dur\u011funluq m\u00fc\u015fahid\u0259 olunmur\u201d.<br \/>\n<img class=\"fr-fic fr-dib fr-fil\" src=\"https:\/\/publika.az\/files\/upload\/f5109fee5a3cb0d6b678c11c01d678f01598c312.jpg\" \/><strong>Aynur \u018flizad\u0259<\/strong>\u00a0bildirir ki, tir\u0259 maraq h\u0259m Yeni ild\u0259, h\u0259m d\u0259 Novruz yarmarkas\u0131nda \u00e7ox olub: \u201c\u0130nsanlar \u0259sas\u0259n ax\u015famlar burada yar\u0131\u015f\u0131b, f\u0259rqli h\u0259diyy\u0259l\u0259r qazanma\u011f\u0131 sevirl\u0259r. T\u0259bii ki, yar\u0131\u015f olan yerd\u0259 onun izl\u0259yicil\u0259ri \u00a0d\u0259 \u00e7ox olur. Ona g\u00f6r\u0259 d\u0259 tir\u0259 maraq d\u0259yi\u015fm\u0259z olaraq qal\u0131r\u201d.<\/p>\n<p><img class=\"fr-fic fr-dib fr-fil\" src=\"https:\/\/publika.az\/files\/upload\/b1451c6d573cb3407301dcfb37f8b857a025e008.jpg\" \/><\/p>\n<div class=\"AdviadNativeVideo\"><\/div>\n<p><strong>Bak\u0131 sakini Aqil Ad\u0131g\u00f6z\u0259lli<\/strong>\u00a0yarmarkadak\u0131 ab-havadan raz\u0131d\u0131r: \u201cNovruzun, bahar\u0131n g\u0259li\u015fini burada hiss etm\u0259k olur. Son 2 il xalq\u0131m\u0131z \u00fc\u00e7\u00fcn \u00e7\u0259tin ke\u00e7ib. Pandemiya v\u0259 V\u0259t\u0259n m\u00fcharib\u0259si insanlar\u0131 psixoloji c\u0259h\u0259td\u0259n yorub. Ona g\u00f6r\u0259 d\u0259 insanlar\u0131n bu c\u00fcr m\u0259kanlarda vaxt ke\u00e7irm\u0259y\u0259 ehtiyac\u0131 var. Arzu edir\u0259m ki, \u00fcz\u00fcm\u00fcz\u0259 g\u0259l\u0259n ill\u0259r daha xo\u015fb\u0259xt ill\u0259r kimi bizi qar\u015f\u0131las\u0131n v\u0259 yadda\u015f\u0131m\u0131za da o c\u00fcr h\u0259kk olunsun. H\u0259r k\u0259si bayram m\u00fcnasib\u0259til\u0259 t\u0259brik edir\u0259m\u201d.<\/p>\n<p><img class=\"fr-fic fr-dib fr-fil\" src=\"https:\/\/publika.az\/files\/upload\/2498c31389faa1aefff4915ab4383d86338efddd.jpg\" \/><\/p>\n<div class=\"AdviadNativeVideo\"><\/div>\n<p>Qeyd ed\u0259k ki, 2 illik fasil\u0259d\u0259n sonra t\u0259\u015fkil olunan \u201cTorpaq \u0259limd\u0259, bahar \u00fcr\u0259yimd\u0259\u201d indiy\u0259d\u0259k \u201cNargis\u201d Fondu t\u0259r\u0259find\u0259n t\u0259\u015fkil olunmu\u015f \u0259n b\u00f6y\u00fck xeyriyy\u0259 yarmarkas\u0131d\u0131r. Bel\u0259 ki, yarmarka \u0259razisind\u0259 63 b\u00f6y\u00fck ev, 21 balaca ev, 3 restoran, oyun zonas\u0131, \u201cyaz evi\u201d, Novruz bayram\u0131na aid v\u0259 dig\u0259r m\u00fcxt\u0259lif tematikal\u0131 konstruksiyalar qura\u015fd\u0131r\u0131l\u0131b.<\/p>\n<p><img class=\"fr-fic fr-dib fr-fil\" src=\"https:\/\/publika.az\/files\/upload\/ce69de02bdca9785fa15ac8eebbac2ec8cd598fc.jpg\" \/><\/p>\n<div class=\"AdviadNativeVideo\"><\/div>\n<p>Yarmarka aprelin 10-d\u0259k h\u0259r g\u00fcn 11:00-dan 23:00-d\u0259k f\u0259aliyy\u0259t g\u00f6st\u0259r\u0259c\u0259k.<\/p>\n<p><img class=\"fr-fic fr-dib fr-fil\" src=\"https:\/\/publika.az\/files\/upload\/809c21e9dd3919e95da48b7ded77e0ae1fa43cfb.jpg\" \/><\/p>\n<div class=\"AdviadNativeVideo\"><\/div>\n<p>&nbsp;<\/p>\n<\/div>\n<div id=\"mvp-content-bot\" class=\"left\">\n<section class=\"mvp-post-gallery-wrap left relative\">\n<div class=\"mvp-post-gallery-top left relative flexslider\">\n<ul class=\"mvp-post-gallery-top-list slides\">\n<li class=\"flex-active-slide\"><img class=\"attachment-mvp-post-thumb size-mvp-post-thumb\" draggable=\"false\" src=\"https:\/\/publika.az\/files\/media\/2022\/03\/15\/6bc2e23968788eadfe985ada67d85f5b.jpg\" alt=\"\" \/>\n<div class=\"mvp-post-gallery-text\"><\/div>\n<\/li>\n<\/ul>\n<ul class=\"flex-direction-nav\">\n<li class=\"flex-nav-next\"><\/li>\n<\/ul>\n<\/div>\n<div class=\"mvp-post-gallery-bot left relative flexslider\">\n<div class=\"flex-viewport\">\n<ul class=\"mvp-post-gallery-bot-list slides thumbs\">\n<li class=\"flex-active-slide\"><img loading=\"lazy\" class=\"attachment-mvp-small-thumb size-mvp-small-thumb\" draggable=\"false\" src=\"https:\/\/publika.az\/files\/media\/2022\/03\/15\/6bc2e23968788eadfe985ada67d85f5b.jpg\" alt=\"\" width=\"80\" height=\"80\" \/><\/li>\n<li><img loading=\"lazy\" class=\"attachment-mvp-small-thumb size-mvp-small-thumb\" draggable=\"false\" src=\"https:\/\/publika.az\/files\/media\/2022\/03\/15\/b810857c7a873714b643b5e6cb70c5db.jpg\" alt=\"\" width=\"80\" height=\"80\" \/><\/li>\n<li><img loading=\"lazy\" class=\"attachment-mvp-small-thumb size-mvp-small-thumb\" draggable=\"false\" src=\"https:\/\/publika.az\/files\/media\/2022\/03\/15\/6c6af49cbcea22e14c01463920fb2e5e.jpg\" alt=\"\" width=\"80\" height=\"80\" \/><\/li>\n<li><img loading=\"lazy\" class=\"attachment-mvp-small-thumb size-mvp-small-thumb\" draggable=\"false\" src=\"https:\/\/publika.az\/files\/media\/2022\/03\/15\/91dd2838e41dca2dc9f7206eb9ce0197.jpg\" alt=\"\" width=\"80\" height=\"80\" \/><\/li>\n<li><img loading=\"lazy\" class=\"attachment-mvp-small-thumb size-mvp-small-thumb\" draggable=\"false\" src=\"https:\/\/publika.az\/files\/media\/2022\/03\/15\/18382e2938a5b51fd1300c5a48fca7b7.jpg\" alt=\"\" width=\"80\" height=\"80\" \/><\/li>\n<li><img loading=\"lazy\" class=\"attachment-mvp-small-thumb size-mvp-small-thumb\" draggable=\"false\" src=\"https:\/\/publika.az\/files\/media\/2022\/03\/15\/a3f3228d7166dd823a5ccf08aed8195d.jpg\" alt=\"\" width=\"80\" height=\"80\" \/><\/li>\n<li><img loading=\"lazy\" class=\"attachment-mvp-small-thumb size-mvp-small-thumb\" draggable=\"false\" src=\"https:\/\/publika.az\/files\/media\/2022\/03\/15\/4fa336d6c32d0bd82111ffb583f4acc2.jpg\" alt=\"\" width=\"80\" height=\"80\" \/><\/li>\n<li><img loading=\"lazy\" class=\"attachment-mvp-small-thumb size-mvp-small-thumb\" draggable=\"false\" src=\"https:\/\/publika.az\/files\/media\/2022\/03\/15\/c6be9483a4214120f2b0437919501ef6.jpg\" alt=\"\" width=\"80\" height=\"80\" \/><\/li>\n<li><img loading=\"lazy\" class=\"attachment-mvp-small-thumb size-mvp-small-thumb\" draggable=\"false\" src=\"https:\/\/publika.az\/files\/media\/2022\/03\/15\/b702cb7d04a466b4d38705290cb05226.jpg\" alt=\"\" width=\"80\" height=\"80\" \/><\/li>\n<li><img loading=\"lazy\" class=\"attachment-mvp-small-thumb size-mvp-small-thumb\" draggable=\"false\" src=\"https:\/\/publika.az\/files\/media\/2022\/03\/15\/a50969c5f3c1d6df4feaedd6b024c677.jpg\" alt=\"\" width=\"80\" height=\"80\" \/><\/li>\n<\/ul>\n<\/div>\n<\/div>\n<\/section>\n<div class=\"mvp-post-tags\"><\/div>\n<\/div>\n","protected":false},"excerpt":{"rendered":"<p>Yurdumuza bahar g\u0259lir! Boz, \u00e7iskin, k\u00fcl\u0259kli hava bir q\u0259d\u0259r \u0259hval-ruhiyy\u0259mizi d\u0259yi\u015fs\u0259 d\u0259, Novruzun r\u0259ngar\u0259ngliyi ruhumuzu \u015f\u0259nl\u0259ndirir. Novruz bayram\u0131 \u015fimal yar\u0131mk\u00fcr\u0259sind\u0259 yaz\u0131n g\u0259li\u015fi il\u0259 eyni g\u00fcnd\u0259 qeyd olunur. 21 mart tarixind\u0259 gec\u0259 il\u0259 g\u00fcnd\u00fcz\u00fcn b\u0259rab\u0259rl\u0259\u015fdiyi bu g\u00fcnd\u0259 q\u0259dim zamanlardan bir s\u0131ra xalqlar, h\u0259m\u00e7inin az\u0259rbaycanl\u0131lar da yaz\u0131n g\u0259li\u015fini, t\u0259bi\u0259tin oyan\u0131\u015f\u0131n\u0131 yeni ilin ba\u015flan\u011f\u0131c\u0131 kimi qeyd ed\u0259r\u0259k \u015f\u0259nlikl\u0259r ke\u00e7irirdil\u0259r. Bu \u015f\u0259nlikl\u0259r Az\u0259rbaycanda h\u0259r il f\u0259rqli-f\u0259rqli m\u0259kanlarda tarixi ad\u0259t-\u0259n\u0259n\u0259l\u0259r\u0259 sadiq qal\u0131naraq ke\u00e7irilir. Novruzu biz\u0259 b\u0259lk\u0259 d\u0259 bu q\u0259d\u0259r do\u011fma ed\u0259n m\u0259hz onun q\u0259dimliyi v\u0259 xalq\u0131m\u0131z\u0131n z\u0259ngin tarixini bir daha xat\u0131rlatmas\u0131d\u0131r.\u00a0 \u018fn\u0259n\u0259vi olaraq h\u0259r il&hellip;<\/p>\n","protected":false},"author":2,"featured_media":452319,"comment_status":"closed","ping_status":"closed","sticky":false,"template":"","format":"standard","meta":{"om_disable_all_campaigns":false,"_monsterinsights_skip_tracking":false,"_monsterinsights_sitenote_active":false,"_monsterinsights_sitenote_note":"","_monsterinsights_sitenote_category":0},"categories":[1],"tags":[],"aioseo_notices":[],"gutentor_comment":0,"rttpg_featured_image_url":{"full":["https:\/\/arantv.az\/wp-content\/uploads\/2022\/03\/1640ec1a5ee95646d8cb2a338b798bd2.jpg",899,600,false],"landscape":["https:\/\/arantv.az\/wp-content\/uploads\/2022\/03\/1640ec1a5ee95646d8cb2a338b798bd2.jpg",899,600,false],"portraits":["https:\/\/arantv.az\/wp-content\/uploads\/2022\/03\/1640ec1a5ee95646d8cb2a338b798bd2.jpg",899,600,false],"thumbnail":["https:\/\/arantv.az\/wp-content\/uploads\/2022\/03\/1640ec1a5ee95646d8cb2a338b798bd2-500x280.jpg",500,280,true],"medium":["https:\/\/arantv.az\/wp-content\/uploads\/2022\/03\/1640ec1a5ee95646d8cb2a338b798bd2-547x365.jpg",547,365,true],"large":["https:\/\/arantv.az\/wp-content\/uploads\/2022\/03\/1640ec1a5ee95646d8cb2a338b798bd2-840x561.jpg",640,427,true],"1536x1536":["https:\/\/arantv.az\/wp-content\/uploads\/2022\/03\/1640ec1a5ee95646d8cb2a338b798bd2.jpg",899,600,false],"2048x2048":["https:\/\/arantv.az\/wp-content\/uploads\/2022\/03\/1640ec1a5ee95646d8cb2a338b798bd2.jpg",899,600,false],"post-thumbnail":["https:\/\/arantv.az\/wp-content\/uploads\/2022\/03\/1640ec1a5ee95646d8cb2a338b798bd2-240x172.jpg",240,172,true],"advps-thumb-one":["https:\/\/arantv.az\/wp-content\/uploads\/2022\/03\/1640ec1a5ee95646d8cb2a338b798bd2.jpg",899,600,false]},"rttpg_author":{"display_name":"V\u00fcsal Rafiqo\u011flu","author_link":"https:\/\/arantv.az\/?author=2"},"rttpg_comment":0,"rttpg_category":"<a href=\"https:\/\/arantv.az\/?cat=1\" rel=\"category\">C\u0259miyy\u0259t<\/a>","rttpg_excerpt":"Yurdumuza bahar g\u0259lir! Boz, \u00e7iskin, k\u00fcl\u0259kli hava bir q\u0259d\u0259r \u0259hval-ruhiyy\u0259mizi d\u0259yi\u015fs\u0259 d\u0259, Novruzun r\u0259ngar\u0259ngliyi ruhumuzu \u015f\u0259nl\u0259ndirir. Novruz bayram\u0131 \u015fimal yar\u0131mk\u00fcr\u0259sind\u0259 yaz\u0131n g\u0259li\u015fi il\u0259 eyni g\u00fcnd\u0259 qeyd olunur. 21 mart tarixind\u0259 gec\u0259 il\u0259 g\u00fcnd\u00fcz\u00fcn b\u0259rab\u0259rl\u0259\u015fdiyi bu g\u00fcnd\u0259 q\u0259dim zamanlardan bir s\u0131ra xalqlar, h\u0259m\u00e7inin az\u0259rbaycanl\u0131lar da yaz\u0131n g\u0259li\u015fini, t\u0259bi\u0259tin oyan\u0131\u015f\u0131n\u0131 yeni ilin ba\u015flan\u011f\u0131c\u0131 kimi qeyd ed\u0259r\u0259k \u015f\u0259nlikl\u0259r&hellip;","_links":{"self":[{"href":"https:\/\/arantv.az\/index.php?rest_route=\/wp\/v2\/posts\/452318"}],"collection":[{"href":"https:\/\/arantv.az\/index.php?rest_route=\/wp\/v2\/posts"}],"about":[{"href":"https:\/\/arantv.az\/index.php?rest_route=\/wp\/v2\/types\/post"}],"author":[{"embeddable":true,"href":"https:\/\/arantv.az\/index.php?rest_route=\/wp\/v2\/users\/2"}],"replies":[{"embeddable":true,"href":"https:\/\/arantv.az\/index.php?rest_route=%2Fwp%2Fv2%2Fcomments&post=452318"}],"version-history":[{"count":0,"href":"https:\/\/arantv.az\/index.php?rest_route=\/wp\/v2\/posts\/452318\/revisions"}],"wp:featuredmedia":[{"embeddable":true,"href":"https:\/\/arantv.az\/index.php?rest_route=\/wp\/v2\/media\/452319"}],"wp:attachment":[{"href":"https:\/\/arantv.az\/index.php?rest_route=%2Fwp%2Fv2%2Fmedia&parent=452318"}],"wp:term":[{"taxonomy":"category","embeddable":true,"href":"https:\/\/arantv.az\/index.php?rest_route=%2Fwp%2Fv2%2Fcategories&post=452318"},{"taxonomy":"post_tag","embeddable":true,"href":"https:\/\/arantv.az\/index.php?rest_route=%2Fwp%2Fv2%2Ftags&post=452318"}],"curies":[{"name":"wp","href":"https:\/\/api.w.org\/{rel}","templated":true}]}}