{"id":452334,"date":"2022-03-16T12:43:13","date_gmt":"2022-03-16T09:43:13","guid":{"rendered":"http:\/\/arantv.az\/?p=452334"},"modified":"2022-03-16T12:43:13","modified_gmt":"2022-03-16T09:43:13","slug":"novruz-bayrami-b%c9%99s%c9%99ri-d%c9%99y%c9%99rl%c9%99rin-dasiyicisidir","status":"publish","type":"post","link":"https:\/\/arantv.az\/?p=452334","title":{"rendered":"Novruz bayram\u0131 b\u0259\u015f\u0259ri d\u0259y\u0259rl\u0259rin da\u015f\u0131y\u0131c\u0131s\u0131d\u0131r"},"content":{"rendered":"<p>Az\u0259rbaycan xalq\u0131n\u0131n \u00fcmummilli lideri Heyd\u0259r \u018fliyev Novruz bayram\u0131 haqq\u0131nda bel\u0259 deyib: \u201cNovruz h\u0259r bir az\u0259rbaycanl\u0131n\u0131n q\u0259lbinin bayram\u0131d\u0131r. H\u0259r bir insan\u0131n, ail\u0259nin bayram\u0131d\u0131r. Bizim m\u00fcst\u0259qil Az\u0259rbaycan Respublikas\u0131n\u0131n bayram\u0131d\u0131r. Novruz dostluq, mehribanl\u0131q, m\u0259rh\u0259m\u0259t, m\u0259d\u0259niyy\u0259t bayram\u0131d\u0131r. Xalq\u0131n q\u0259hr\u0259manl\u0131\u011f\u0131n\u0131, r\u0259\u015fad\u0259tini, \u015f\u00fcca\u0259tini n\u00fcmayi\u015f etdir\u0259n bayramd\u0131r. Novruz xalq\u0131m\u0131z\u0131 bir-biril\u0259 h\u0259mi\u015f\u0259 daha s\u0131x birl\u0259\u015fdirib, insanlar\u0131m\u0131z aras\u0131nda mehribanl\u0131q \u0259laq\u0259l\u0259ri yarad\u0131b, insanlar\u0131 bir-birin\u0259 dost edibdir&#8221;. Ulu \u00d6nd\u0259r c\u0259mi bir ne\u00e7\u0259 c\u00fcml\u0259 il\u0259 Novruz bayram\u0131n\u0131n mahiyy\u0259tini, f\u0259ls\u0259f\u0259sini v\u0259 da\u015f\u0131d\u0131\u011f\u0131 \u00fcmumb\u0259\u015f\u0259ri d\u0259y\u0259rl\u0259ri nec\u0259 d\u0259 d\u0259qiqlikl\u0259 ifad\u0259 edib. Art\u0131q ikinci ildir ki, Az\u0259rbaycan xalq\u0131 bu q\u0259dim bayram\u0131 \u0259vv\u0259ll\u0259r b\u0259lk\u0259 d\u0259 he\u00e7 zaman m\u00fc\u015fahid\u0259 olunmam\u0131\u015f ruh y\u00fcks\u0259kliyi il\u0259 qeyd edir. \u0130ki il bundan \u00f6nc\u0259 r\u0259\u015fad\u0259tli Az\u0259rbaycan Ordusu M\u00fcz\u0259ff\u0259r Ali Ba\u015f Komandan c\u0259nab \u0130lham \u018fliyevin r\u0259hb\u0259rliyi il\u0259 V\u0259t\u0259n m\u00fcharib\u0259sini tarixi Q\u0259l\u0259b\u0259 il\u0259 ba\u015fa vuraraq m\u0259nfur erm\u0259ni q\u0259sbkarlar\u0131n\u0131n torpaqlar\u0131m\u0131zdan qovdu, 30 il i\u015f\u011fal alt\u0131nda olan torpaqlar\u0131m\u0131z\u0131 azad etdi. Bununla da Ulu \u00d6nd\u0259r Heyd\u0259r \u018fliyevin h\u0259l\u0259 uzaq 1998-ci ild\u0259 s\u00f6yl\u0259diyi tarixi fikirl\u0259r realla\u015fm\u0131\u015f oldu: \u201cG\u00fcn o g\u00fcn olacaq ki, Novruz bayram\u0131n\u0131 bir d\u0259f\u0259 \u015eu\u015fada, o biri il La\u00e7\u0131nda, o biri il K\u0259lb\u0259c\u0259rd\u0259, A\u011fdamda, F\u00fczulid\u0259, C\u0259bray\u0131lda, Z\u0259ngilanda, Qubadl\u0131da ke\u00e7ir\u0259c\u0259yik. \u018fmin\u0259m ki, bel\u0259 d\u0259 olacaqd\u0131r. M\u0259n buna inan\u0131ram v\u0259 bu inamla ya\u015fay\u0131ram, bu inamla i\u015fl\u0259yir\u0259m v\u0259 bu inamla da Az\u0259rbaycan xalq\u0131na r\u0259hb\u0259rlik edir\u0259m.\u201d Bu m\u00f6ht\u0259\u015f\u0259m Z\u0259f\u0259r b\u00fct\u00fcn Az\u0259rbaycana \u0259b\u0259di bahar g\u0259tirdi.<\/p>\n<p>Novruz bayram\u0131n\u0131n h\u0259qiq\u0259t\u0259n d\u0259 \u00fcmumb\u0259\u015f\u0259ri d\u0259y\u0259r\u0259 malik oldu\u011funu t\u0259sdiql\u0259y\u0259n daha bir fakt da bu bayram\u0131n UNESCO t\u0259r\u0259find\u0259n Qeyri-Maddi M\u0259d\u0259ni \u0130rs \u00fczr\u0259 Reprezentativ siyah\u0131s\u0131na daxil edilm\u0259sidir. \u018flb\u0259tt\u0259 ki, \u00f6lk\u0259mizin m\u0259d\u0259niyy\u0259t tarixind\u0259 m\u00fch\u00fcm \u0259h\u0259miyy\u0259t k\u0259sb ed\u0259n bu hadis\u0259 Az\u0259rbaycan Respublikas\u0131n\u0131n Birinci vitse-prezidenti, Heyd\u0259r \u018fliyev Fondunun prezidenti, UNESCO-nun v\u0259 ISESCO-nun xo\u015fm\u0259raml\u0131 s\u0259firi Mehriban xan\u0131m \u018fliyevan\u0131n t\u0259\u015f\u0259bb\u00fcs\u00fc v\u0259 ciddi s\u0259yl\u0259ri, bu istiqam\u0259td\u0259 apard\u0131\u011f\u0131 g\u0259rgin f\u0259aliyy\u0259ti n\u0259tic\u0259sind\u0259 ba\u015f verib. Qeyd etm\u0259k laz\u0131md\u0131r ki, Mehriban xan\u0131m \u018fliyevan\u0131n m\u0259d\u0259niyy\u0259t, elm v\u0259 t\u0259hsil, idman, yarad\u0131c\u0131l\u0131q istiqam\u0259tl\u0259ri \u00fczr\u0259 beyn\u0259lxalq t\u0259\u015fkilatlarla \u0259m\u0259kda\u015fl\u0131q sah\u0259sind\u0259 b\u00f6y\u00fck xidm\u0259tl\u0259ri t\u0259qdir\u0259layiqdir. \u00d6lk\u0259nin birinci xan\u0131m\u0131n\u0131n 2004-c\u00fc ild\u0259n ba\u015flayan UNESCO-nun xo\u015fm\u0259raml\u0131 s\u0259firi kimi f\u0259aliyy\u0259ti m\u00fcdd\u0259tind\u0259 g\u00f6r\u00fcl\u0259n i\u015fl\u0259r, \u00dcmumd\u00fcnya \u0130rs, Qeyri-maddi m\u0259d\u0259ni irsin reprezentativ siyah\u0131s\u0131na daxil edil\u0259n, qoruma alt\u0131na al\u0131nan m\u0259d\u0259ni irs n\u00fcmun\u0259l\u0259rimiz, onun bu i\u015f\u0259 h\u0259ssas m\u00fcnasib\u0259tinin parlaq ifad\u0259sidir. 28 sentyabr &#8211; 2 oktyabr 2009-cu ild\u0259 Birl\u0259\u015fmi\u015f \u018fr\u0259b \u018fmirlikl\u0259rinin Abu-Dabi \u015f\u0259h\u0259rind\u0259 ke\u00e7irilmi\u015f UNESCO-nun Qeyri-Maddi M\u0259d\u0259ni \u0130rs \u00fczr\u0259 H\u00f6k\u00fcm\u0259tl\u0259raras\u0131 Komit\u0259sinin 4-c\u00fc Sessiyas\u0131 \u00e7\u0259r\u00e7iv\u0259sind\u0259 q\u0259bul edilmi\u015f q\u0259rara \u0259sas\u0259n, Az\u0259rbaycan, Hindistan, \u0130ran, Q\u0131r\u011f\u0131z\u0131stan, Pakistan, T\u00fcrkiy\u0259, \u00d6zb\u0259kistan v\u0259 ba\u015fqa \u00f6lk\u0259l\u0259rin xalqlar\u0131n\u0131n x\u00fcsusi t\u0259nt\u0259n\u0259 il\u0259 qeyd etdikl\u0259ri Novruz \u00e7oxmill\u0259tli nominasiya kimi UNESCO-nun Qeyri-Maddi M\u0259d\u0259ni \u0130rsin Reprezentativ siyah\u0131s\u0131na sal\u0131n\u0131b. T\u0259kc\u0259 onu ke\u00e7ir\u0259n t\u00fcrk xalqlar\u0131n\u0131n deyil, \u00fcmumilikd\u0259 b\u0259\u015f\u0259riyy\u0259tin m\u0259n\u0259vi d\u0259y\u0259ri hesab edil\u0259n, \u0130slamdan \u0259vv\u0259lki tarixi d\u00f6vr\u0259 t\u0259sad\u00fcf olunan Novruz bayram\u0131 Az\u0259rbaycanla yana\u015f\u0131 b\u00fct\u00fcn \u015e\u0259rqd\u0259 qeyd olunur. 23 fevral 2010-cu ild\u0259 BMT Ba\u015f Assambleyas\u0131n\u0131n 64-c\u00fc sessiyas\u0131n\u0131n iclas\u0131nda mart\u0131n 21-i &#8220;Beyn\u0259lxalq Novruz G\u00fcn\u00fc\u201d elan olunub. 28 noyabr &#8211; 2 dekabr 2016-c\u0131 il tarixl\u0259rind\u0259 Efiopiyan\u0131n \u018fddis-\u018fb\u0259b\u0259 \u015f\u0259h\u0259rind\u0259 ke\u00e7irilmi\u015f UNESCO-nun Qeyri-Maddi M\u0259d\u0259ni \u0130rs \u00fczr\u0259 H\u00f6kum\u0259tl\u0259raras\u0131 Komit\u0259sinin 11-ci sessiyas\u0131nda \u0130raq, Qazax\u0131stan, Tacikistan, T\u00fcrkm\u0259nistan v\u0259 \u018ffqan\u0131stan da Novruz bayram\u0131 nominasiyas\u0131na qo\u015fulub. Bu, bir daha s\u00fcbut etdi ki, Az\u0259rbaycan\u0131n beyn\u0259lxalq t\u0259\u015f\u0259bb\u00fcsl\u0259rini d\u0259st\u0259kl\u0259y\u0259n \u00f6lk\u0259l\u0259rin say\u0131 daim art\u0131r.<\/p>\n<p>Az\u0259rbaycan xalq\u0131n\u0131n milli ad\u0259t-\u0259n\u0259n\u0259sin\u0259 g\u00f6r\u0259 dostluq, h\u0259mr\u0259ylik v\u0259 y\u00fcks\u0259k m\u0259n\u0259viyyat bayram\u0131 olan Novruzda k\u00fcs\u00fcl\u00fcl\u0259r bar\u0131\u015fmal\u0131, qohumlar bir-birini ziyar\u0259t edib, bayram s\u00fcfr\u0259l\u0259ri a\u00e7mal\u0131d\u0131rlar. \u0130nsanlar bahar\u0131n g\u0259li\u015fi il\u0259 torpa\u011f\u0131n \u0259kib-bec\u0259rilm\u0259sin\u0259 ba\u015flay\u0131r, ba\u011fban meyv\u0259 a\u011faclar\u0131n\u0131 buday\u0131r. 21 mart 2000-ci il tarixind\u0259 Az\u0259rbaycan xalq\u0131n\u0131 Novruz bayram\u0131 m\u00fcnasib\u0259til\u0259 t\u0259brik ed\u0259rk\u0259n Ulu \u00d6nd\u0259r Heyd\u0259r \u018fliyev \u00f6z \u00e7\u0131x\u0131\u015f\u0131nda demi\u015fdi: \u201cNovruz bayram\u0131n\u0131n biz\u0259 b\u0259x\u015f etdiyi \u0259n g\u00f6z\u0259l nem\u0259t ondan ibar\u0259tdir ki, q\u0259dim zamanlardan bu bayramda insanlar kin-k\u00fcdur\u0259ti unudur, k\u00fcs\u00fcl\u00fcl\u0259r bar\u0131\u015f\u0131r, ziddiyy\u0259tl\u0259r aradan g\u00f6t\u00fcr\u00fcl\u00fcr. Dem\u0259k, bu, dostluq, h\u0259mr\u0259ylik, y\u00fcks\u0259k m\u0259n\u0259viyyat bayram\u0131d\u0131r\u201d. Novruz bayram\u0131 m\u00fcnasib\u0259til\u0259 Az\u0259rbaycan Respublikas\u0131n\u0131n Prezidenti c\u0259nab \u0130lham \u018fliyev il\u0259 \u00f6lk\u0259mizd\u0259 f\u0259aliyy\u0259t g\u00f6st\u0259r\u0259n siyasi partiyan\u0131n r\u0259hb\u0259rl\u0259ri aras\u0131nda qar\u015f\u0131l\u0131ql\u0131 bayramla\u015fma \u00f6lk\u0259d\u0259 yeni, m\u00fct\u0259r\u0259qqi siyasi m\u0259d\u0259niyy\u0259tin t\u0259\u015f\u0259kk\u00fcl\u00fcn\u00fc g\u00f6st\u0259rir.<\/p>\n<p>Z\u0259ngin tarixi v\u0259 r\u0259ngar\u0259ng folkloru \u00f6z\u00fcnd\u0259 ehtiva ed\u0259n Novruz f\u0259ls\u0259f\u0259si t\u0259bi\u0259tin d\u00f6rd \u00fcns\u00fcr\u00fc il\u0259 &#8211; Su, Od, Yel, Torpaq il\u0259 ba\u011fl\u0131d\u0131r.\u201cPapaq atmaq\u201d, \u201cqulaq fal\u0131\u201d, \u201ctonqaldan tullanmaq\u201d, \u201c\u00fcz\u00fck fal\u0131\u201d, \u201cs\u0259m\u0259ni \u0259km\u0259k\u201d, \u201cyumurta d\u00f6y\u00fc\u015fd\u00fcrm\u0259k\u201d v\u0259 Novruz bayram\u0131 il\u0259 \u0259laq\u0259l\u0259ndiril\u0259n dig\u0259r m\u0259\u015fhur ad\u0259tl\u0259r Az\u0259rbaycan xalq\u0131n\u0131n tarixini, onun z\u0259ngin folklorunu v\u0259 f\u0259ls\u0259f\u0259sini \u00f6z\u00fcnd\u0259 ehtiva edir. Novruz \u0259n\u0259n\u0259l\u0259ri inc\u0259s\u0259n\u0259timiz\u0259 d\u0259 siray\u0259t etmi\u015fdir. Bel\u0259 ki, xalq\u0131m\u0131z\u0131n s\u0259n\u0259tkarlar\u0131 Novruz bayram\u0131 haqq\u0131nda mahn\u0131lar yazm\u0131\u015f, filml\u0259r \u00e7\u0259kmi\u015fl\u0259r. \u00dczeyir Hac\u0131b\u0259yov, Fikr\u0259t \u018fmirov, Oqtay Z\u00fclf\u00fcqarov, R\u0259hil\u0259 H\u0259s\u0259nova kimi g\u00f6rk\u0259mli b\u0259st\u0259karlar m\u00fcxt\u0259lif mahn\u0131lar yazm\u0131\u015flar. H\u0259m\u00e7inin, Novruz haqq\u0131nda \u201cNovruzun \u00e7\u0259l\u0259ngi\u201d v\u0259 \u201cOcaq\u201d kimi Az\u0259rbaycan filml\u0259ri d\u0259 \u00e7\u0259kilib. Novruz b\u00fct\u00fcn \u00f6lk\u0259d\u0259 a\u015f\u0131qlar\u0131n, xan\u0259nd\u0259l\u0259rin, xalq m\u00fc\u011f\u0259nnil\u0259rin, p\u0259hl\u0259vanlar\u0131n, k\u0259ndirbazlar\u0131n i\u015ftirak\u0131 il\u0259 \u015f\u0259nlikl\u0259r ke\u00e7iril\u0259n k\u00fctl\u0259vi bayramd\u0131r. H\u0259qiq\u0259t\u0259n d\u0259 Az\u0259rbaycana bu bayram \u00e7ox yara\u015f\u0131r.<\/p>\n<p>F\u00fcrs\u0259td\u0259n istifad\u0259 edib b\u00fct\u00fcn xalq\u0131m\u0131z\u0131 Novruz bayram\u0131 m\u00fcnasib\u0259til\u0259 t\u0259brik edir\u0259m, do\u011fma Az\u0259rbaycan\u0131m\u0131za yeni-yeni parlaq q\u0259l\u0259b\u0259l\u0259r arzulay\u0131ram.<\/p>\n<p><strong>R\u00fcst\u0259m Na\u011f\u0131yev,<\/strong><br \/>\n<em>YAP G\u0259d\u0259b\u0259y rayon t\u0259\u015fkilat\u0131n\u0131n s\u0259dri<\/em><\/p>\n","protected":false},"excerpt":{"rendered":"<p>Az\u0259rbaycan xalq\u0131n\u0131n \u00fcmummilli lideri Heyd\u0259r \u018fliyev Novruz bayram\u0131 haqq\u0131nda bel\u0259 deyib: \u201cNovruz h\u0259r bir az\u0259rbaycanl\u0131n\u0131n q\u0259lbinin bayram\u0131d\u0131r. H\u0259r bir insan\u0131n, ail\u0259nin bayram\u0131d\u0131r. Bizim m\u00fcst\u0259qil Az\u0259rbaycan Respublikas\u0131n\u0131n bayram\u0131d\u0131r. Novruz dostluq, mehribanl\u0131q, m\u0259rh\u0259m\u0259t, m\u0259d\u0259niyy\u0259t bayram\u0131d\u0131r. Xalq\u0131n q\u0259hr\u0259manl\u0131\u011f\u0131n\u0131, r\u0259\u015fad\u0259tini, \u015f\u00fcca\u0259tini n\u00fcmayi\u015f etdir\u0259n bayramd\u0131r. Novruz xalq\u0131m\u0131z\u0131 bir-biril\u0259 h\u0259mi\u015f\u0259 daha s\u0131x birl\u0259\u015fdirib, insanlar\u0131m\u0131z aras\u0131nda mehribanl\u0131q \u0259laq\u0259l\u0259ri yarad\u0131b, insanlar\u0131 bir-birin\u0259 dost edibdir&#8221;. Ulu \u00d6nd\u0259r c\u0259mi bir ne\u00e7\u0259 c\u00fcml\u0259 il\u0259 Novruz bayram\u0131n\u0131n mahiyy\u0259tini, f\u0259ls\u0259f\u0259sini v\u0259 da\u015f\u0131d\u0131\u011f\u0131 \u00fcmumb\u0259\u015f\u0259ri d\u0259y\u0259rl\u0259ri nec\u0259 d\u0259 d\u0259qiqlikl\u0259 ifad\u0259 edib. Art\u0131q ikinci ildir ki, Az\u0259rbaycan xalq\u0131 bu q\u0259dim bayram\u0131 \u0259vv\u0259ll\u0259r b\u0259lk\u0259 d\u0259 he\u00e7 zaman&hellip;<\/p>\n","protected":false},"author":2,"featured_media":452335,"comment_status":"closed","ping_status":"closed","sticky":false,"template":"","format":"standard","meta":{"om_disable_all_campaigns":false,"_monsterinsights_skip_tracking":false,"_monsterinsights_sitenote_active":false,"_monsterinsights_sitenote_note":"","_monsterinsights_sitenote_category":0},"categories":[2],"tags":[],"aioseo_notices":[],"gutentor_comment":0,"rttpg_featured_image_url":{"full":["https:\/\/arantv.az\/wp-content\/uploads\/2022\/03\/c16882e0164742015032251493810473790.jpg",975,540,false],"landscape":["https:\/\/arantv.az\/wp-content\/uploads\/2022\/03\/c16882e0164742015032251493810473790.jpg",975,540,false],"portraits":["https:\/\/arantv.az\/wp-content\/uploads\/2022\/03\/c16882e0164742015032251493810473790.jpg",975,540,false],"thumbnail":["https:\/\/arantv.az\/wp-content\/uploads\/2022\/03\/c16882e0164742015032251493810473790-500x280.jpg",500,280,true],"medium":["https:\/\/arantv.az\/wp-content\/uploads\/2022\/03\/c16882e0164742015032251493810473790-660x365.jpg",660,365,true],"large":["https:\/\/arantv.az\/wp-content\/uploads\/2022\/03\/c16882e0164742015032251493810473790-840x465.jpg",640,354,true],"1536x1536":["https:\/\/arantv.az\/wp-content\/uploads\/2022\/03\/c16882e0164742015032251493810473790.jpg",975,540,false],"2048x2048":["https:\/\/arantv.az\/wp-content\/uploads\/2022\/03\/c16882e0164742015032251493810473790.jpg",975,540,false],"post-thumbnail":["https:\/\/arantv.az\/wp-content\/uploads\/2022\/03\/c16882e0164742015032251493810473790-240x172.jpg",240,172,true],"advps-thumb-one":["https:\/\/arantv.az\/wp-content\/uploads\/2022\/03\/c16882e0164742015032251493810473790.jpg",975,540,false]},"rttpg_author":{"display_name":"V\u00fcsal Rafiqo\u011flu","author_link":"https:\/\/arantv.az\/?author=2"},"rttpg_comment":0,"rttpg_category":"<a href=\"https:\/\/arantv.az\/?cat=2\" rel=\"category\">Region X\u0259b\u0259rl\u0259ri<\/a>","rttpg_excerpt":"Az\u0259rbaycan xalq\u0131n\u0131n \u00fcmummilli lideri Heyd\u0259r \u018fliyev Novruz bayram\u0131 haqq\u0131nda bel\u0259 deyib: \u201cNovruz h\u0259r bir az\u0259rbaycanl\u0131n\u0131n q\u0259lbinin bayram\u0131d\u0131r. H\u0259r bir insan\u0131n, ail\u0259nin bayram\u0131d\u0131r. Bizim m\u00fcst\u0259qil Az\u0259rbaycan Respublikas\u0131n\u0131n bayram\u0131d\u0131r. Novruz dostluq, mehribanl\u0131q, m\u0259rh\u0259m\u0259t, m\u0259d\u0259niyy\u0259t bayram\u0131d\u0131r. Xalq\u0131n q\u0259hr\u0259manl\u0131\u011f\u0131n\u0131, r\u0259\u015fad\u0259tini, \u015f\u00fcca\u0259tini n\u00fcmayi\u015f etdir\u0259n bayramd\u0131r. Novruz xalq\u0131m\u0131z\u0131 bir-biril\u0259 h\u0259mi\u015f\u0259 daha s\u0131x birl\u0259\u015fdirib, insanlar\u0131m\u0131z aras\u0131nda mehribanl\u0131q \u0259laq\u0259l\u0259ri yarad\u0131b, insanlar\u0131 bir-birin\u0259 dost&hellip;","_links":{"self":[{"href":"https:\/\/arantv.az\/index.php?rest_route=\/wp\/v2\/posts\/452334"}],"collection":[{"href":"https:\/\/arantv.az\/index.php?rest_route=\/wp\/v2\/posts"}],"about":[{"href":"https:\/\/arantv.az\/index.php?rest_route=\/wp\/v2\/types\/post"}],"author":[{"embeddable":true,"href":"https:\/\/arantv.az\/index.php?rest_route=\/wp\/v2\/users\/2"}],"replies":[{"embeddable":true,"href":"https:\/\/arantv.az\/index.php?rest_route=%2Fwp%2Fv2%2Fcomments&post=452334"}],"version-history":[{"count":0,"href":"https:\/\/arantv.az\/index.php?rest_route=\/wp\/v2\/posts\/452334\/revisions"}],"wp:featuredmedia":[{"embeddable":true,"href":"https:\/\/arantv.az\/index.php?rest_route=\/wp\/v2\/media\/452335"}],"wp:attachment":[{"href":"https:\/\/arantv.az\/index.php?rest_route=%2Fwp%2Fv2%2Fmedia&parent=452334"}],"wp:term":[{"taxonomy":"category","embeddable":true,"href":"https:\/\/arantv.az\/index.php?rest_route=%2Fwp%2Fv2%2Fcategories&post=452334"},{"taxonomy":"post_tag","embeddable":true,"href":"https:\/\/arantv.az\/index.php?rest_route=%2Fwp%2Fv2%2Ftags&post=452334"}],"curies":[{"name":"wp","href":"https:\/\/api.w.org\/{rel}","templated":true}]}}