{"id":452343,"date":"2022-03-16T12:50:39","date_gmt":"2022-03-16T09:50:39","guid":{"rendered":"http:\/\/arantv.az\/?p=452343"},"modified":"2022-03-16T12:50:39","modified_gmt":"2022-03-16T09:50:39","slug":"q%c9%99bir-ustun%c9%99-s%c9%99m%c9%99ni-paxlava-aparmaq-islamda-b%c9%99y%c9%99nilir-aciqlama","status":"publish","type":"post","link":"https:\/\/arantv.az\/?p=452343","title":{"rendered":"Q\u0259bir \u00fcst\u00fcn\u0259 s\u0259m\u0259ni, paxlava aparmaq \u0130slamda b\u0259y\u0259nilir? &#8211; A\u00c7IQLAMA"},"content":{"rendered":"<p>\u0130ll\u0259rdir ki, bayramlarda, x\u00fcsus\u0259n d\u0259 Novruz bayram\u0131nda, d\u00fcnyadan k\u00f6\u00e7\u0259n do\u011fmalar\u0131n\u0131n q\u0259brini ziyar\u0259t\u0259 ged\u0259nl\u0259r \u00f6zl\u0259ri il\u0259 s\u0259m\u0259ni, \u015firniyyat apar\u0131b, q\u0259bir da\u015f\u0131n\u0131n \u00fcst\u00fcn\u0259 qoyurlar. Bu, art\u0131q bir n\u00f6v ad\u0259t\u0259 \u00e7evrilib. B\u0259s \u0130slam dininin bu m\u0259s\u0259l\u0259y\u0259 m\u00fcnasib\u0259ti nec\u0259dir?<\/p>\n<p>M\u00f6vzu il\u0259 ba\u011fl\u0131 Sonxeber.az-a Qafqaz M\u00fcs\u0259lmanlar\u0131 \u0130dar\u0259si s\u0259drinin m\u00fcavini Fuad Nurullayev a\u00e7\u0131qlama verib.<\/p>\n<p>O bildirib ki, dind\u0259 bel\u0259 \u0259m\u0259ll\u0259r m\u0259sl\u0259h\u0259t g\u00f6r\u00fclm\u00fcr:<\/p>\n<p>&#8220;\u0130nsanlar aras\u0131nda &#8220;qara bayram&#8221; anlay\u0131\u015f\u0131 da var. Bel\u0259 ki, bayram \u0259r\u0259f\u0259sind\u0259 r\u0259hm\u0259t\u0259 ged\u0259n ail\u0259 \u00fczvl\u0259rini yad etm\u0259k \u00fc\u00e7\u00fcn qohumlar topla\u015faraq q\u0259bir \u00fcst\u00fcn\u0259 gedirl\u0259r. B\u0259z\u0259nil\u0259ri bu zaman bayram \u00fc\u00e7\u00fcn bi\u015firdikl\u0259rind\u0259n \u00f6zl\u0259ri il\u0259 apar\u0131rlar.<\/p>\n<p>Yem\u0259kl\u0259r, bayram s\u00fcfr\u0259sin\u0259 bi\u015firil\u0259n \u015firniyyatlar evd\u0259 yem\u0259k \u00fc\u00e7\u00fcnd\u00fcr. Onlar\u0131n q\u0259bir \u00fcst\u00fcn\u0259 apar\u0131lmas\u0131, ora qoyulmas\u0131, b\u0259z\u0259dilm\u0259si dinimizd\u0259 b\u0259y\u0259nilmir. B\u0259zi insanlar bunu ets\u0259l\u0259r d\u0259, bu, yaln\u0131\u015fd\u0131r, etm\u0259sinl\u0259r.<\/p>\n<p>Niy\u0259 ax\u0131 s\u0259m\u0259nini m\u0259zar da\u015f\u0131n\u0131n \u00fcst\u00fcn\u0259 qoymal\u0131d\u0131rlar?! Yax\u015f\u0131, ba\u015fa d\u00fc\u015fd\u00fcm, otdur v\u0259 qu\u015flar yey\u0259c\u0259k. Amma \u015f\u0259k\u0259rburan\u0131, paxlavan\u0131 heyvanlar \u00fc\u00e7\u00fcn bi\u015firmirl\u0259r ax\u0131! Bunu insanlar \u00fc\u00e7\u00fcn bi\u015firirl\u0259r.<\/p>\n<p>Buna baxmayaraq, h\u0259l\u0259 d\u0259 b\u0259zi insanlar var ki, ifrat ad\u0259tl\u0259r a\u011f\u0131llar\u0131nda qal\u0131b v\u0259 onlar\u0131 davam etdirirl\u0259r.<\/p>\n<p>B\u0259zil\u0259ri dey\u0259 bil\u0259rl\u0259r ki, burada m\u0259qs\u0259d q\u0259bir \u00fcst\u00fcn\u0259 qoymaq deyil, ora g\u0259l\u0259n insanlara ehsan olaraq paylamaqd\u0131r. Halbuki \u0259slind\u0259 bu ehsan ora g\u0259l\u0259n qohumlara yox, imkans\u0131zlara paylansa, daha g\u00f6z\u0259l olar.<\/p>\n<p>Bir s\u00f6zl\u0259, q\u0259bir \u00fcst\u00fcn\u0259 bayraml\u0131q sovqatlar\u0131n\u0131n qoyulmas\u0131 dinimizd\u0259 yoxdur v\u0259 b\u0259y\u0259nilmir.<\/p>\n<p>\u0130slamda &#8220;\u00d6l\u0259n \u015f\u0259xsin q\u0259brinin \u00fcst\u00fcnd\u0259 \u00e7\u0131raq yand\u0131r\u0131n&#8221; deyilir. Lakin bu dem\u0259k deyil ki, biz ora elektrik c\u0259r\u0259yan\u0131 \u00e7\u0259km\u0259liyik v\u0259 ya \u015fam yand\u0131rmal\u0131y\u0131q. Dinimiz\u0259 g\u00f6r\u0259, insanlar \u0259m\u0259ll\u0259ri il\u0259 m\u0259zarlar\u0131 nurland\u0131rmal\u0131d\u0131rlar. Ora ged\u0259n zaman d\u00fcnyadan k\u00f6\u00e7\u0259nl\u0259r\u0259 salavat g\u00f6nd\u0259rm\u0259kl\u0259 onlar\u0131n ruhunu yad etm\u0259k, Allaha xatir bir ay\u0259, sur\u0259 oxuyub savab\u0131n\u0131 \u00f6l\u0259n\u0259 h\u0259diyy\u0259 etm\u0259k g\u00f6z\u0259ldir.<\/p>\n<p>D\u00fcnyadan k\u00f6\u00e7\u0259n \u015f\u0259xsin ruhunun \u015fad olmas\u0131n\u0131 ist\u0259y\u0259nl\u0259r bunun \u00fc\u00e7\u00fcn n\u0259 is\u0259 bi\u015firirl\u0259rs\u0259, h\u0259min \u015firniyyat v\u0259 \u0259rza\u011f\u0131 s\u00fcfr\u0259sin\u0259 he\u00e7 n\u0259 qoya bilm\u0259y\u0259n, balalar\u0131 ac olan, ehtyacl\u0131 ail\u0259l\u0259r\u0259 ehsan etm\u0259l\u0259ri b\u00f6y\u00fck savab olard\u0131. Amma onlara bunu &#8220;ata-baba&#8221;ya xatir yox, bayram t\u0259briki kimi g\u0259tirdikl\u0259rini desinl\u0259r. Kims\u0259siz qocalar, x\u0259st\u0259l\u0259r var ki, g\u00f6zl\u0259ri yoldad\u0131r. Onlar\u0131 ziyar\u0259t etsinl\u0259r. Bayram\u0131n g\u00f6z\u0259lliyi payla\u015fmaqda, b\u00f6l\u00fc\u015fm\u0259kd\u0259, bir-birl\u0259rini axtr\u0131b yad etm\u0259kd\u0259dir. Bayram buna dey\u0259rl\u0259r!<\/p>\n<p>Hz. \u018flid\u0259n soru\u015furlar ki, bayram hans\u0131 g\u00fcnd\u00fcr? Deyir ki, insan\u0131n g\u00fcnah etm\u0259diyi g\u00fcn onun bayram\u0131d\u0131r&#8221;.<\/p>\n","protected":false},"excerpt":{"rendered":"<p>\u0130ll\u0259rdir ki, bayramlarda, x\u00fcsus\u0259n d\u0259 Novruz bayram\u0131nda, d\u00fcnyadan k\u00f6\u00e7\u0259n do\u011fmalar\u0131n\u0131n q\u0259brini ziyar\u0259t\u0259 ged\u0259nl\u0259r \u00f6zl\u0259ri il\u0259 s\u0259m\u0259ni, \u015firniyyat apar\u0131b, q\u0259bir da\u015f\u0131n\u0131n \u00fcst\u00fcn\u0259 qoyurlar. Bu, art\u0131q bir n\u00f6v ad\u0259t\u0259 \u00e7evrilib. B\u0259s \u0130slam dininin bu m\u0259s\u0259l\u0259y\u0259 m\u00fcnasib\u0259ti nec\u0259dir? M\u00f6vzu il\u0259 ba\u011fl\u0131 Sonxeber.az-a Qafqaz M\u00fcs\u0259lmanlar\u0131 \u0130dar\u0259si s\u0259drinin m\u00fcavini Fuad Nurullayev a\u00e7\u0131qlama verib. O bildirib ki, dind\u0259 bel\u0259 \u0259m\u0259ll\u0259r m\u0259sl\u0259h\u0259t g\u00f6r\u00fclm\u00fcr: &#8220;\u0130nsanlar aras\u0131nda &#8220;qara bayram&#8221; anlay\u0131\u015f\u0131 da var. Bel\u0259 ki, bayram \u0259r\u0259f\u0259sind\u0259 r\u0259hm\u0259t\u0259 ged\u0259n ail\u0259 \u00fczvl\u0259rini yad etm\u0259k \u00fc\u00e7\u00fcn qohumlar topla\u015faraq q\u0259bir \u00fcst\u00fcn\u0259 gedirl\u0259r. B\u0259z\u0259nil\u0259ri bu zaman bayram \u00fc\u00e7\u00fcn bi\u015firdikl\u0259rind\u0259n \u00f6zl\u0259ri il\u0259 apar\u0131rlar. Yem\u0259kl\u0259r, bayram&hellip;<\/p>\n","protected":false},"author":2,"featured_media":452344,"comment_status":"closed","ping_status":"closed","sticky":false,"template":"","format":"standard","meta":{"om_disable_all_campaigns":false,"_monsterinsights_skip_tracking":false,"_monsterinsights_sitenote_active":false,"_monsterinsights_sitenote_note":"","_monsterinsights_sitenote_category":0},"categories":[1],"tags":[],"aioseo_notices":[],"gutentor_comment":0,"rttpg_featured_image_url":{"full":["https:\/\/arantv.az\/wp-content\/uploads\/2022\/03\/qebr_41647424169.jpg",549,412,false],"landscape":["https:\/\/arantv.az\/wp-content\/uploads\/2022\/03\/qebr_41647424169.jpg",549,412,false],"portraits":["https:\/\/arantv.az\/wp-content\/uploads\/2022\/03\/qebr_41647424169.jpg",549,412,false],"thumbnail":["https:\/\/arantv.az\/wp-content\/uploads\/2022\/03\/qebr_41647424169-500x280.jpg",500,280,true],"medium":["https:\/\/arantv.az\/wp-content\/uploads\/2022\/03\/qebr_41647424169-486x365.jpg",486,365,true],"large":["https:\/\/arantv.az\/wp-content\/uploads\/2022\/03\/qebr_41647424169.jpg",549,412,false],"1536x1536":["https:\/\/arantv.az\/wp-content\/uploads\/2022\/03\/qebr_41647424169.jpg",549,412,false],"2048x2048":["https:\/\/arantv.az\/wp-content\/uploads\/2022\/03\/qebr_41647424169.jpg",549,412,false],"post-thumbnail":["https:\/\/arantv.az\/wp-content\/uploads\/2022\/03\/qebr_41647424169-240x172.jpg",240,172,true],"advps-thumb-one":["https:\/\/arantv.az\/wp-content\/uploads\/2022\/03\/qebr_41647424169.jpg",549,412,false]},"rttpg_author":{"display_name":"V\u00fcsal Rafiqo\u011flu","author_link":"https:\/\/arantv.az\/?author=2"},"rttpg_comment":0,"rttpg_category":"<a href=\"https:\/\/arantv.az\/?cat=1\" rel=\"category\">C\u0259miyy\u0259t<\/a>","rttpg_excerpt":"\u0130ll\u0259rdir ki, bayramlarda, x\u00fcsus\u0259n d\u0259 Novruz bayram\u0131nda, d\u00fcnyadan k\u00f6\u00e7\u0259n do\u011fmalar\u0131n\u0131n q\u0259brini ziyar\u0259t\u0259 ged\u0259nl\u0259r \u00f6zl\u0259ri il\u0259 s\u0259m\u0259ni, \u015firniyyat apar\u0131b, q\u0259bir da\u015f\u0131n\u0131n \u00fcst\u00fcn\u0259 qoyurlar. Bu, art\u0131q bir n\u00f6v ad\u0259t\u0259 \u00e7evrilib. B\u0259s \u0130slam dininin bu m\u0259s\u0259l\u0259y\u0259 m\u00fcnasib\u0259ti nec\u0259dir? M\u00f6vzu il\u0259 ba\u011fl\u0131 Sonxeber.az-a Qafqaz M\u00fcs\u0259lmanlar\u0131 \u0130dar\u0259si s\u0259drinin m\u00fcavini Fuad Nurullayev a\u00e7\u0131qlama verib. O bildirib ki, dind\u0259 bel\u0259 \u0259m\u0259ll\u0259r m\u0259sl\u0259h\u0259t&hellip;","_links":{"self":[{"href":"https:\/\/arantv.az\/index.php?rest_route=\/wp\/v2\/posts\/452343"}],"collection":[{"href":"https:\/\/arantv.az\/index.php?rest_route=\/wp\/v2\/posts"}],"about":[{"href":"https:\/\/arantv.az\/index.php?rest_route=\/wp\/v2\/types\/post"}],"author":[{"embeddable":true,"href":"https:\/\/arantv.az\/index.php?rest_route=\/wp\/v2\/users\/2"}],"replies":[{"embeddable":true,"href":"https:\/\/arantv.az\/index.php?rest_route=%2Fwp%2Fv2%2Fcomments&post=452343"}],"version-history":[{"count":0,"href":"https:\/\/arantv.az\/index.php?rest_route=\/wp\/v2\/posts\/452343\/revisions"}],"wp:featuredmedia":[{"embeddable":true,"href":"https:\/\/arantv.az\/index.php?rest_route=\/wp\/v2\/media\/452344"}],"wp:attachment":[{"href":"https:\/\/arantv.az\/index.php?rest_route=%2Fwp%2Fv2%2Fmedia&parent=452343"}],"wp:term":[{"taxonomy":"category","embeddable":true,"href":"https:\/\/arantv.az\/index.php?rest_route=%2Fwp%2Fv2%2Fcategories&post=452343"},{"taxonomy":"post_tag","embeddable":true,"href":"https:\/\/arantv.az\/index.php?rest_route=%2Fwp%2Fv2%2Ftags&post=452343"}],"curies":[{"name":"wp","href":"https:\/\/api.w.org\/{rel}","templated":true}]}}