{"id":452347,"date":"2022-03-16T13:08:15","date_gmt":"2022-03-16T10:08:15","guid":{"rendered":"http:\/\/arantv.az\/?p=452347"},"modified":"2022-03-16T13:08:15","modified_gmt":"2022-03-16T10:08:15","slug":"susa-ili-il%c9%99-%c9%99laq%c9%99dar-heyk%c9%99lt%c9%99rasliq-musabiq%c9%99si-mukafat-fondu-30-min-manat","status":"publish","type":"post","link":"https:\/\/arantv.az\/?p=452347","title":{"rendered":"\u201c\u015eu\u015fa \u0130li\u201d il\u0259 \u0259laq\u0259dar heyk\u0259lt\u0259ra\u015fl\u0131q m\u00fcsabiq\u0259si: M\u00fckafat fondu &#8211; 30 min manat"},"content":{"rendered":"<p>Prezident \u0130lham \u018fliyevin 5 yanvar 2022-ci il tarixli 3096 n\u00f6mr\u0259li S\u0259r\u0259ncam\u0131 il\u0259 2022-ci il \u201c\u015eu\u015fa \u0130li\u201d elan edilm\u0259si il\u0259 ba\u011fl\u0131 M\u0259d\u0259niyy\u0259t Nazirliyi t\u0259r\u0259find\u0259n heyk\u0259lt\u0259ra\u015fl\u0131q m\u00fcsabiq\u0259si t\u0259\u015fkil olunub.<\/p>\n<p>Nazirlikd\u0259n veril\u0259n x\u0259b\u0259r\u0259 g\u00f6r\u0259, m\u00fcsabiq\u0259nin t\u0259\u015fkilind\u0259 \u0259sas m\u0259qs\u0259d Az\u0259rbaycan inc\u0259s\u0259n\u0259tinin v\u0259 m\u0259d\u0259niyy\u0259tinin m\u0259rk\u0259zi kimi q\u0259dim tarix\u0259 malik Qaraba\u011f\u0131n ba\u015f tac\u0131, Prezident \u0130lham \u018fliyev t\u0259r\u0259find\u0259n Az\u0259rbaycan\u0131n m\u0259d\u0259niyy\u0259t paytaxt\u0131 elan edil\u0259n \u015eu\u015fa \u015f\u0259h\u0259rinin z\u0259ngin m\u0259d\u0259ni irsinin t\u0259bli\u011fi, h\u0259m\u00e7inin bu irsi \u00f6z\u00fcnd\u0259 t\u0259c\u0259ss\u00fcm etdir\u0259n heyk\u0259lt\u0259ra\u015fl\u0131q abid\u0259l\u0259rinin qorunmas\u0131d\u0131r.<\/p>\n<div class=\"AdviadNativeVideo\"><\/div>\n<p>Haz\u0131rda \u015eu\u015fa \u015f\u0259h\u0259rinin tarixi g\u00f6rk\u0259minin b\u0259rpas\u0131, \u0259vv\u0259lki \u015f\u00f6hr\u0259tinin \u00f6z\u00fcn\u0259 qaytar\u0131lmas\u0131 v\u0259 \u0259n\u0259n\u0259vi dol\u011fun m\u0259d\u0259ni h\u0259yat\u0131na qovu\u015fmas\u0131, el\u0259c\u0259 d\u0259 Az\u0259rbaycan\u0131n \u00e7ox\u0259srlik z\u0259ngin m\u0259d\u0259niyy\u0259tinin, memarl\u0131q v\u0259 \u015f\u0259h\u0259rsalma s\u0259n\u0259tinin parlaq incisi kimi beyn\u0259lxalq al\u0259md\u0259 t\u0259bli\u011fini t\u0259min etm\u0259k m\u0259qs\u0259dil\u0259 m\u00fcvafiq i\u015fl\u0259r apar\u0131lmaqdad\u0131r.<\/p>\n<p>M\u00fcsabiq\u0259nin \u015f\u0259rtl\u0259rin\u0259 g\u00f6r\u0259, heyk\u0259lt\u0259ra\u015flar t\u0259r\u0259find\u0259n \u015eu\u015fa \u015f\u0259h\u0259rinin q\u0259dim tarixi, m\u0259d\u0259niyy\u0259ti v\u0259 dahi \u015f\u0259xsiyy\u0259tl\u0259rin\u0259 aid heyk\u0259lt\u0259ra\u015fl\u0131q n\u00fcmun\u0259l\u0259rinin tunc, m\u0259rm\u0259r v\u0259 b\u00fcr\u00fcnc materialdan heyk\u0259l haz\u0131rlanaraq M\u0259d\u0259niyy\u0259t Nazirliyin\u0259 t\u0259qdim edilm\u0259lidir. T\u0259qdim olunan heyk\u0259lt\u0259ra\u015fl\u0131q n\u00fcmun\u0259l\u0259rinin minimal 50 sm. olmaqla 1 metr h\u00fcnd\u00fcrl\u00fcy\u00fcn\u0259d\u0259k haz\u0131rlanmas\u0131 \u0259sas \u015f\u0259rtl\u0259rd\u0259n biridir.<\/p>\n<p>M\u00fckafatlar:<br \/>\nBirinci yer (1 n\u0259f\u0259r) \u2013 I d\u0259r\u0259c\u0259li diplom v\u0259 8000 manat<br \/>\n\u0130kinci yer (2 n\u0259f\u0259r) \u2013 II d\u0259r\u0259c\u0259li diplom v\u0259 4000 manat<br \/>\n\u00dc\u00e7\u00fcnc\u00fc yer (3 n\u0259f\u0259r) \u2013 III d\u0259r\u0259c\u0259li diplom v\u0259 3000 manat<br \/>\nH\u0259v\u0259sl\u0259ndirici m\u00fckafat (10 n\u0259f\u0259r) \u2013 500 manat<\/p>\n<p>M\u00fcsabiq\u0259 15 mart &#8211; 15 iyun tarixl\u0259rind\u0259 ke\u00e7iril\u0259c\u0259k.<\/p>\n<p>\u018ftrafl\u0131 m\u0259lumat \u00fc\u00e7\u00fcn\u00a0gallery@culture.gov.az\u00a0elektron po\u00e7t \u00fcnvan\u0131na m\u00fcraci\u0259t etm\u0259k m\u00fcmk\u00fcnd\u00fcr.<\/p>\n","protected":false},"excerpt":{"rendered":"<p>Prezident \u0130lham \u018fliyevin 5 yanvar 2022-ci il tarixli 3096 n\u00f6mr\u0259li S\u0259r\u0259ncam\u0131 il\u0259 2022-ci il \u201c\u015eu\u015fa \u0130li\u201d elan edilm\u0259si il\u0259 ba\u011fl\u0131 M\u0259d\u0259niyy\u0259t Nazirliyi t\u0259r\u0259find\u0259n heyk\u0259lt\u0259ra\u015fl\u0131q m\u00fcsabiq\u0259si t\u0259\u015fkil olunub. Nazirlikd\u0259n veril\u0259n x\u0259b\u0259r\u0259 g\u00f6r\u0259, m\u00fcsabiq\u0259nin t\u0259\u015fkilind\u0259 \u0259sas m\u0259qs\u0259d Az\u0259rbaycan inc\u0259s\u0259n\u0259tinin v\u0259 m\u0259d\u0259niyy\u0259tinin m\u0259rk\u0259zi kimi q\u0259dim tarix\u0259 malik Qaraba\u011f\u0131n ba\u015f tac\u0131, Prezident \u0130lham \u018fliyev t\u0259r\u0259find\u0259n Az\u0259rbaycan\u0131n m\u0259d\u0259niyy\u0259t paytaxt\u0131 elan edil\u0259n \u015eu\u015fa \u015f\u0259h\u0259rinin z\u0259ngin m\u0259d\u0259ni irsinin t\u0259bli\u011fi, h\u0259m\u00e7inin bu irsi \u00f6z\u00fcnd\u0259 t\u0259c\u0259ss\u00fcm etdir\u0259n heyk\u0259lt\u0259ra\u015fl\u0131q abid\u0259l\u0259rinin qorunmas\u0131d\u0131r. Haz\u0131rda \u015eu\u015fa \u015f\u0259h\u0259rinin tarixi g\u00f6rk\u0259minin b\u0259rpas\u0131, \u0259vv\u0259lki \u015f\u00f6hr\u0259tinin \u00f6z\u00fcn\u0259 qaytar\u0131lmas\u0131 v\u0259 \u0259n\u0259n\u0259vi dol\u011fun m\u0259d\u0259ni h\u0259yat\u0131na qovu\u015fmas\u0131, el\u0259c\u0259 d\u0259 Az\u0259rbaycan\u0131n&hellip;<\/p>\n","protected":false},"author":2,"featured_media":444104,"comment_status":"closed","ping_status":"closed","sticky":false,"template":"","format":"standard","meta":{"om_disable_all_campaigns":false,"_monsterinsights_skip_tracking":false,"_monsterinsights_sitenote_active":false,"_monsterinsights_sitenote_note":"","_monsterinsights_sitenote_category":0},"categories":[1],"tags":[],"aioseo_notices":[],"gutentor_comment":0,"rttpg_featured_image_url":{"full":["https:\/\/arantv.az\/wp-content\/uploads\/2022\/02\/susa-xari-bulbul.jpg",450,300,false],"landscape":["https:\/\/arantv.az\/wp-content\/uploads\/2022\/02\/susa-xari-bulbul.jpg",450,300,false],"portraits":["https:\/\/arantv.az\/wp-content\/uploads\/2022\/02\/susa-xari-bulbul.jpg",450,300,false],"thumbnail":["https:\/\/arantv.az\/wp-content\/uploads\/2022\/02\/susa-xari-bulbul-450x280.jpg",450,280,true],"medium":["https:\/\/arantv.az\/wp-content\/uploads\/2022\/02\/susa-xari-bulbul.jpg",450,300,false],"large":["https:\/\/arantv.az\/wp-content\/uploads\/2022\/02\/susa-xari-bulbul.jpg",450,300,false],"1536x1536":["https:\/\/arantv.az\/wp-content\/uploads\/2022\/02\/susa-xari-bulbul.jpg",450,300,false],"2048x2048":["https:\/\/arantv.az\/wp-content\/uploads\/2022\/02\/susa-xari-bulbul.jpg",450,300,false],"post-thumbnail":["https:\/\/arantv.az\/wp-content\/uploads\/2022\/02\/susa-xari-bulbul-240x172.jpg",240,172,true],"advps-thumb-one":["https:\/\/arantv.az\/wp-content\/uploads\/2022\/02\/susa-xari-bulbul.jpg",450,300,false]},"rttpg_author":{"display_name":"V\u00fcsal Rafiqo\u011flu","author_link":"https:\/\/arantv.az\/?author=2"},"rttpg_comment":0,"rttpg_category":"<a href=\"https:\/\/arantv.az\/?cat=1\" rel=\"category\">C\u0259miyy\u0259t<\/a>","rttpg_excerpt":"Prezident \u0130lham \u018fliyevin 5 yanvar 2022-ci il tarixli 3096 n\u00f6mr\u0259li S\u0259r\u0259ncam\u0131 il\u0259 2022-ci il \u201c\u015eu\u015fa \u0130li\u201d elan edilm\u0259si il\u0259 ba\u011fl\u0131 M\u0259d\u0259niyy\u0259t Nazirliyi t\u0259r\u0259find\u0259n heyk\u0259lt\u0259ra\u015fl\u0131q m\u00fcsabiq\u0259si t\u0259\u015fkil olunub. Nazirlikd\u0259n veril\u0259n x\u0259b\u0259r\u0259 g\u00f6r\u0259, m\u00fcsabiq\u0259nin t\u0259\u015fkilind\u0259 \u0259sas m\u0259qs\u0259d Az\u0259rbaycan inc\u0259s\u0259n\u0259tinin v\u0259 m\u0259d\u0259niyy\u0259tinin m\u0259rk\u0259zi kimi q\u0259dim tarix\u0259 malik Qaraba\u011f\u0131n ba\u015f tac\u0131, Prezident \u0130lham \u018fliyev t\u0259r\u0259find\u0259n Az\u0259rbaycan\u0131n m\u0259d\u0259niyy\u0259t paytaxt\u0131 elan&hellip;","_links":{"self":[{"href":"https:\/\/arantv.az\/index.php?rest_route=\/wp\/v2\/posts\/452347"}],"collection":[{"href":"https:\/\/arantv.az\/index.php?rest_route=\/wp\/v2\/posts"}],"about":[{"href":"https:\/\/arantv.az\/index.php?rest_route=\/wp\/v2\/types\/post"}],"author":[{"embeddable":true,"href":"https:\/\/arantv.az\/index.php?rest_route=\/wp\/v2\/users\/2"}],"replies":[{"embeddable":true,"href":"https:\/\/arantv.az\/index.php?rest_route=%2Fwp%2Fv2%2Fcomments&post=452347"}],"version-history":[{"count":0,"href":"https:\/\/arantv.az\/index.php?rest_route=\/wp\/v2\/posts\/452347\/revisions"}],"wp:featuredmedia":[{"embeddable":true,"href":"https:\/\/arantv.az\/index.php?rest_route=\/wp\/v2\/media\/444104"}],"wp:attachment":[{"href":"https:\/\/arantv.az\/index.php?rest_route=%2Fwp%2Fv2%2Fmedia&parent=452347"}],"wp:term":[{"taxonomy":"category","embeddable":true,"href":"https:\/\/arantv.az\/index.php?rest_route=%2Fwp%2Fv2%2Fcategories&post=452347"},{"taxonomy":"post_tag","embeddable":true,"href":"https:\/\/arantv.az\/index.php?rest_route=%2Fwp%2Fv2%2Ftags&post=452347"}],"curies":[{"name":"wp","href":"https:\/\/api.w.org\/{rel}","templated":true}]}}