{"id":452355,"date":"2022-03-16T13:22:17","date_gmt":"2022-03-16T10:22:17","guid":{"rendered":"http:\/\/arantv.az\/?p=452355"},"modified":"2022-03-16T13:22:17","modified_gmt":"2022-03-16T10:22:17","slug":"fuzuli-musayev%c9%99-t%c9%99r%c9%99qqi-medali-t%c9%99qdim-olundu-foto-video","status":"publish","type":"post","link":"https:\/\/arantv.az\/?p=452355","title":{"rendered":"F\u00fczuli Musayev\u0259 \u201cT\u0259r\u0259qqi\u201d medal\u0131 t\u0259qdim olundu &#8211; FOTO\/V\u0130DEO"},"content":{"rendered":"<p>F\u00fczuli Musayev \u201cT\u0259r\u0259qqi\u201d medal\u0131 il\u0259 m\u00fckafatland\u0131r\u0131l\u0131b.<\/p>\n<p><strong>ARANTV.AZ <\/strong>x\u0259b\u0259r verir ki, 15 mart 2022-ci il tarixind\u0259 Az\u0259rbaycan D\u00f6vl\u0259t B\u0259d\u0259n T\u0259rbiy\u0259si v\u0259 \u0130dman Akademiyas\u0131n\u0131n iclas zal\u0131nda Tokio-2020 Yay Olimpiya v\u0259 Paralimpiya oyunlar\u0131nda u\u011fur qazanan idman\u00e7\u0131\u00a0v\u0259 m\u0259\u015fq\u00e7il\u0259rin\u00a0Prezident\u00a0s\u0259r\u0259ncamlar\u0131na \u0259sas\u0259n\u00a0m\u00fckafatland\u0131r\u0131lma m\u0259rasimi ke\u00e7irilib.<\/p>\n<div class=\"AdviadNativeVideo\"><\/div>\n<p>T\u0259ltifetm\u0259 m\u0259rasimind\u0259 g\u0259ncl\u0259r v\u0259 idman naziri F\u0259rid Qay\u0131bov\u00a0idman\u00e7\u0131 v\u0259 m\u0259\u015fq\u00e7il\u0259r\u0259 m\u00fcvafiq d\u00f6vl\u0259t m\u00fckafatlar\u0131n\u0131n medal v\u0259 v\u0259siq\u0259l\u0259rini t\u0259qdim edib.<\/p>\n<p>T\u0259ltif olunanlar aras\u0131nda karate idman n\u00f6v\u00fcnd\u0259 Az\u0259rbaycan\u0131n \u0259lb\u0259yaxa d\u00f6y\u00fc\u015f v\u0259 silahs\u0131z \u00f6z\u00fcn\u00fc m\u00fcdafi\u0259 \u00fczr\u0259 ilk SSR\u0130 \u00e7empionu v\u0259 SSR\u0130 idman ustas\u0131, iki qat d\u00fcnya \u00e7empionu, Avropa \u00e7empionu, \u201c\u018fm\u0259kdar B\u0259d\u0259n T\u0259rbiy\u0259si v\u0259 \u0130dman Xadimi\u201d, \u201c\u018fm\u0259kdar \u0130dman ustas\u0131\u201d\u00a0f\u0259xri adlar\u0131n\u0131n v\u0259 8-ci dan qara k\u0259m\u0259r sahibi, Az\u0259rbaycan Karate Federasiyalar\u0131 Assosiasiyas\u0131n\u0131n 1-ci vitse-prezidenti v\u0259 F\u00f6vq\u0259lad\u0259 Hallar Nazirliyinin \u0130dman Sa\u011flaml\u0131q klubunun r\u0259isi polkovnik F\u00fczuli Musayevd\u0259 olub.<\/p>\n<p>F\u00fczuli Musayev Az\u0259rbaycan idman\u0131nda g\u00f6st\u0259rdiyi pe\u015f\u0259kar\u00a0f\u0259aliyy\u0259tin\u0259, idman\u0131n inki\u015faf\u0131ndak\u0131 s\u0259y v\u0259 xidm\u0259tl\u0259rin\u0259, \u00f6lk\u0259mizin idman\u00e7\u0131lar\u0131n\u0131n karate idman\u0131 \u00fczr\u0259 beyn\u0259lxalq yar\u0131\u015flarda layiqinc\u0259 t\u0259msil edilm\u0259sin\u0259, \u00f6z\u00fcn\u00fcn y\u00fcks\u0259k n\u0259tic\u0259l\u0259ri v\u0259 dig\u0259r nailiyy\u0259tl\u0259rin\u0259 g\u00f6r\u0259 \u00f6lk\u0259 r\u0259hb\u0259rliyi t\u0259r\u0259find\u0259n d\u0259f\u0259l\u0259rl\u0259 layiqinc\u0259 qiym\u0259tl\u0259ndirilib. O,\u00a0Prezidentin 2015-ci ild\u0259 \u201cF\u0259xri diplomu\u201d il\u0259 d\u0259 t\u0259ltif edilib.<\/p>\n<p>F\u00fczuli Musayev hal-haz\u0131rda F\u00f6vq\u0259lad\u0259 Hallar Nazirliyinin \u0130dman Sa\u011flaml\u0131q klubunun r\u0259isi kimi \u0259m\u0259kda\u015flar\u0131n fiziki haz\u0131rl\u0131\u011f\u0131 v\u0259 pe\u015f\u0259karl\u0131\u011f\u0131n\u0131n art\u0131r\u0131lmas\u0131, k\u00fctl\u0259vi idman\u0131n inki\u015faf\u0131, idman\u00e7\u0131lar\u0131n yeti\u015fdirilm\u0259si sah\u0259sind\u0259 f\u0259aliyy\u0259tini davam etdirir.<\/p>\n<div><iframe loading=\"lazy\" src=\"https:\/\/player.baku.tv\/embed\/51676\" width=\"560\" height=\"315\" frameborder=\"0\" allowfullscreen=\"allowfullscreen\" data-mce-fragment=\"1\"><\/iframe><\/div>\n<p>&nbsp;<\/p>\n<div class=\"gallery\">\n<div class=\"gallery-i\"><img src=\"https:\/\/cdn.oxu.az\/uploads\/W1siZiIsIjIwMjIvMDMvMTYvMTMvMjIvMjQvNDQ2YzVlMzUtYTU3Mi00NDFhLWI4ZjAtNWM2MGM4MGUwZTBiL3Bob3RvNTMwMDg4NDI2MzkzMzE2MjkzNiAoMSkuanBnIl0sWyJwIiwiZW5jb2RlIiwianBnIiwiLXF1YWxpdHkgODAiXSxbInAiLCJ0aHVtYiIsIjU5MHg1OTBcdTAwM2UiXV0?sha=66edb2a9712c758d\" alt=\"\" \/><\/p>\n<div class=\"gallery-i-caption\"><\/div>\n<\/div>\n<div class=\"gallery-i\"><img src=\"https:\/\/cdn.oxu.az\/uploads\/W1siZiIsIjIwMjIvMDMvMTYvMTMvMjIvMjQvZjhhZGI1MTYtNTZmNi00NzhhLTkyZTktNzkxMTk1NTRlMDBkL3Bob3RvNTMwMDg4NDI2MzkzMzE2MjkzNS5qcGciXSxbInAiLCJlbmNvZGUiLCJqcGciLCItcXVhbGl0eSA4MCJdLFsicCIsInRodW1iIiwiNTkweDU5MFx1MDAzZSJdXQ?sha=81e91bcecd14ec02\" alt=\"\" \/><\/div>\n<\/div>\n","protected":false},"excerpt":{"rendered":"<p>F\u00fczuli Musayev \u201cT\u0259r\u0259qqi\u201d medal\u0131 il\u0259 m\u00fckafatland\u0131r\u0131l\u0131b. ARANTV.AZ x\u0259b\u0259r verir ki, 15 mart 2022-ci il tarixind\u0259 Az\u0259rbaycan D\u00f6vl\u0259t B\u0259d\u0259n T\u0259rbiy\u0259si v\u0259 \u0130dman Akademiyas\u0131n\u0131n iclas zal\u0131nda Tokio-2020 Yay Olimpiya v\u0259 Paralimpiya oyunlar\u0131nda u\u011fur qazanan idman\u00e7\u0131\u00a0v\u0259 m\u0259\u015fq\u00e7il\u0259rin\u00a0Prezident\u00a0s\u0259r\u0259ncamlar\u0131na \u0259sas\u0259n\u00a0m\u00fckafatland\u0131r\u0131lma m\u0259rasimi ke\u00e7irilib. T\u0259ltifetm\u0259 m\u0259rasimind\u0259 g\u0259ncl\u0259r v\u0259 idman naziri F\u0259rid Qay\u0131bov\u00a0idman\u00e7\u0131 v\u0259 m\u0259\u015fq\u00e7il\u0259r\u0259 m\u00fcvafiq d\u00f6vl\u0259t m\u00fckafatlar\u0131n\u0131n medal v\u0259 v\u0259siq\u0259l\u0259rini t\u0259qdim edib. T\u0259ltif olunanlar aras\u0131nda karate idman n\u00f6v\u00fcnd\u0259 Az\u0259rbaycan\u0131n \u0259lb\u0259yaxa d\u00f6y\u00fc\u015f v\u0259 silahs\u0131z \u00f6z\u00fcn\u00fc m\u00fcdafi\u0259 \u00fczr\u0259 ilk SSR\u0130 \u00e7empionu v\u0259 SSR\u0130 idman ustas\u0131, iki qat d\u00fcnya \u00e7empionu, Avropa \u00e7empionu, \u201c\u018fm\u0259kdar B\u0259d\u0259n T\u0259rbiy\u0259si v\u0259 \u0130dman Xadimi\u201d, \u201c\u018fm\u0259kdar \u0130dman&hellip;<\/p>\n","protected":false},"author":2,"featured_media":452356,"comment_status":"closed","ping_status":"closed","sticky":false,"template":"","format":"standard","meta":{"om_disable_all_campaigns":false,"_monsterinsights_skip_tracking":false,"_monsterinsights_sitenote_active":false,"_monsterinsights_sitenote_note":"","_monsterinsights_sitenote_category":0},"categories":[4],"tags":[],"aioseo_notices":[],"gutentor_comment":0,"rttpg_featured_image_url":{"full":["https:\/\/arantv.az\/wp-content\/uploads\/2022\/03\/FotoJet-2022-03-16T132142.947.jpg",620,413,false],"landscape":["https:\/\/arantv.az\/wp-content\/uploads\/2022\/03\/FotoJet-2022-03-16T132142.947.jpg",620,413,false],"portraits":["https:\/\/arantv.az\/wp-content\/uploads\/2022\/03\/FotoJet-2022-03-16T132142.947.jpg",620,413,false],"thumbnail":["https:\/\/arantv.az\/wp-content\/uploads\/2022\/03\/FotoJet-2022-03-16T132142.947-500x280.jpg",500,280,true],"medium":["https:\/\/arantv.az\/wp-content\/uploads\/2022\/03\/FotoJet-2022-03-16T132142.947-548x365.jpg",548,365,true],"large":["https:\/\/arantv.az\/wp-content\/uploads\/2022\/03\/FotoJet-2022-03-16T132142.947.jpg",620,413,false],"1536x1536":["https:\/\/arantv.az\/wp-content\/uploads\/2022\/03\/FotoJet-2022-03-16T132142.947.jpg",620,413,false],"2048x2048":["https:\/\/arantv.az\/wp-content\/uploads\/2022\/03\/FotoJet-2022-03-16T132142.947.jpg",620,413,false],"post-thumbnail":["https:\/\/arantv.az\/wp-content\/uploads\/2022\/03\/FotoJet-2022-03-16T132142.947-240x172.jpg",240,172,true],"advps-thumb-one":["https:\/\/arantv.az\/wp-content\/uploads\/2022\/03\/FotoJet-2022-03-16T132142.947.jpg",620,413,false]},"rttpg_author":{"display_name":"V\u00fcsal Rafiqo\u011flu","author_link":"https:\/\/arantv.az\/?author=2"},"rttpg_comment":0,"rttpg_category":"<a href=\"https:\/\/arantv.az\/?cat=4\" rel=\"category\">Siyas\u0259t<\/a>","rttpg_excerpt":"F\u00fczuli Musayev \u201cT\u0259r\u0259qqi\u201d medal\u0131 il\u0259 m\u00fckafatland\u0131r\u0131l\u0131b. ARANTV.AZ x\u0259b\u0259r verir ki, 15 mart 2022-ci il tarixind\u0259 Az\u0259rbaycan D\u00f6vl\u0259t B\u0259d\u0259n T\u0259rbiy\u0259si v\u0259 \u0130dman Akademiyas\u0131n\u0131n iclas zal\u0131nda Tokio-2020 Yay Olimpiya v\u0259 Paralimpiya oyunlar\u0131nda u\u011fur qazanan idman\u00e7\u0131\u00a0v\u0259 m\u0259\u015fq\u00e7il\u0259rin\u00a0Prezident\u00a0s\u0259r\u0259ncamlar\u0131na \u0259sas\u0259n\u00a0m\u00fckafatland\u0131r\u0131lma m\u0259rasimi ke\u00e7irilib. T\u0259ltifetm\u0259 m\u0259rasimind\u0259 g\u0259ncl\u0259r v\u0259 idman naziri F\u0259rid Qay\u0131bov\u00a0idman\u00e7\u0131 v\u0259 m\u0259\u015fq\u00e7il\u0259r\u0259 m\u00fcvafiq d\u00f6vl\u0259t m\u00fckafatlar\u0131n\u0131n medal v\u0259 v\u0259siq\u0259l\u0259rini t\u0259qdim edib.&hellip;","_links":{"self":[{"href":"https:\/\/arantv.az\/index.php?rest_route=\/wp\/v2\/posts\/452355"}],"collection":[{"href":"https:\/\/arantv.az\/index.php?rest_route=\/wp\/v2\/posts"}],"about":[{"href":"https:\/\/arantv.az\/index.php?rest_route=\/wp\/v2\/types\/post"}],"author":[{"embeddable":true,"href":"https:\/\/arantv.az\/index.php?rest_route=\/wp\/v2\/users\/2"}],"replies":[{"embeddable":true,"href":"https:\/\/arantv.az\/index.php?rest_route=%2Fwp%2Fv2%2Fcomments&post=452355"}],"version-history":[{"count":0,"href":"https:\/\/arantv.az\/index.php?rest_route=\/wp\/v2\/posts\/452355\/revisions"}],"wp:featuredmedia":[{"embeddable":true,"href":"https:\/\/arantv.az\/index.php?rest_route=\/wp\/v2\/media\/452356"}],"wp:attachment":[{"href":"https:\/\/arantv.az\/index.php?rest_route=%2Fwp%2Fv2%2Fmedia&parent=452355"}],"wp:term":[{"taxonomy":"category","embeddable":true,"href":"https:\/\/arantv.az\/index.php?rest_route=%2Fwp%2Fv2%2Fcategories&post=452355"},{"taxonomy":"post_tag","embeddable":true,"href":"https:\/\/arantv.az\/index.php?rest_route=%2Fwp%2Fv2%2Ftags&post=452355"}],"curies":[{"name":"wp","href":"https:\/\/api.w.org\/{rel}","templated":true}]}}