{"id":452360,"date":"2022-03-16T13:25:52","date_gmt":"2022-03-16T10:25:52","guid":{"rendered":"http:\/\/arantv.az\/?p=452360"},"modified":"2022-03-16T13:25:52","modified_gmt":"2022-03-16T10:25:52","slug":"milli-m%c9%99clisin-deputati-mandatindan-imtina-etdi","status":"publish","type":"post","link":"https:\/\/arantv.az\/?p=452360","title":{"rendered":"Milli M\u0259clisin deputat\u0131 mandat\u0131ndan imtina etdi"},"content":{"rendered":"<p><strong>Milli M\u0259clisin deputat\u0131 \u015eahin Seyidzad\u0259 mandat\u0131ndan imtina etm\u0259si il\u0259 ba\u011fl\u0131 \u0259riz\u0259 yaz\u0131b.<\/strong><\/p>\n<p>Bu bar\u0259d\u0259\u00a0APA\u00a0Milli M\u0259clisd\u0259n m\u0259lumat \u0259ld\u0259 edib.<\/p>\n<p>Qeyd ed\u0259k ki, Prezident \u0130lham \u018fliyevin 3 mart tarixind\u0259 imzalad\u0131\u011f\u0131 s\u0259r\u0259ncamla \u015e. Seyidzad\u0259 &#8220;\u0130\u00e7\u0259ri\u015f\u0259h\u0259r&#8221; D\u00f6vl\u0259t Tarix-Memarl\u0131q Qoru\u011fu \u0130dar\u0259sinin \u0130dar\u0259 Hey\u0259tinin s\u0259dri t\u0259yin edilib.<\/p>\n<p>Konstitusiyan\u0131n 89-cu madd\u0259sinin 89-cu madd\u0259sinin I hiss\u0259sinin 4-c\u00fc b\u0259ndin\u0259 \u0259sas\u0259n, Milli M\u0259clisin \u00fczv\u00fc d\u00f6vl\u0259t orqanlar\u0131nda v\u0259zif\u0259 tutduqda mandat\u0131ndan m\u0259hrum edilir.<\/p>\n<p>Se\u00e7ki M\u0259c\u0259ll\u0259sinin 176.2-ci madd\u0259sin\u0259 \u0259sas\u0259n, hallarla \u0259laq\u0259dar M\u0259rk\u0259zi Se\u00e7ki Komissiyas\u0131na \u0259riz\u0259 (r\u0259smi m\u0259lumat) daxil olduqda, M\u0259rk\u0259zi Se\u00e7ki Komissiyas\u0131 \u0259riz\u0259d\u0259 (r\u0259smi m\u0259lumatda) g\u00f6st\u0259ril\u0259n faktlar\u0131 2 aydan gec olmayan m\u00fcdd\u0259td\u0259 ara\u015fd\u0131r\u0131r, q\u0259rar q\u0259bul edir. Q\u0259rar\u0131n M\u0259rk\u0259zi Se\u00e7ki Komissiyas\u0131 t\u0259r\u0259find\u0259n q\u0259bul edilm\u0259si g\u00fcn\u00fcnd\u0259n birmandatl\u0131 se\u00e7ki dair\u0259si \u00fczr\u0259 se\u00e7ilmi\u015f deputat mandat\u0131ndan m\u0259hrum edilmi\u015f say\u0131l\u0131r.<\/p>\n<p>Ancaq qanunvericilik publik h\u00fcquqi \u015f\u0259xsl\u0259rin idar\u0259edici qurumlar\u0131na t\u0259yinatla ba\u011fl\u0131 deputat\u0131n mandat\u0131 m\u0259s\u0259l\u0259sini t\u0259nziml\u0259mir.<\/p>\n","protected":false},"excerpt":{"rendered":"<p>Milli M\u0259clisin deputat\u0131 \u015eahin Seyidzad\u0259 mandat\u0131ndan imtina etm\u0259si il\u0259 ba\u011fl\u0131 \u0259riz\u0259 yaz\u0131b. Bu bar\u0259d\u0259\u00a0APA\u00a0Milli M\u0259clisd\u0259n m\u0259lumat \u0259ld\u0259 edib. Qeyd ed\u0259k ki, Prezident \u0130lham \u018fliyevin 3 mart tarixind\u0259 imzalad\u0131\u011f\u0131 s\u0259r\u0259ncamla \u015e. Seyidzad\u0259 &#8220;\u0130\u00e7\u0259ri\u015f\u0259h\u0259r&#8221; D\u00f6vl\u0259t Tarix-Memarl\u0131q Qoru\u011fu \u0130dar\u0259sinin \u0130dar\u0259 Hey\u0259tinin s\u0259dri t\u0259yin edilib. Konstitusiyan\u0131n 89-cu madd\u0259sinin 89-cu madd\u0259sinin I hiss\u0259sinin 4-c\u00fc b\u0259ndin\u0259 \u0259sas\u0259n, Milli M\u0259clisin \u00fczv\u00fc d\u00f6vl\u0259t orqanlar\u0131nda v\u0259zif\u0259 tutduqda mandat\u0131ndan m\u0259hrum edilir. Se\u00e7ki M\u0259c\u0259ll\u0259sinin 176.2-ci madd\u0259sin\u0259 \u0259sas\u0259n, hallarla \u0259laq\u0259dar M\u0259rk\u0259zi Se\u00e7ki Komissiyas\u0131na \u0259riz\u0259 (r\u0259smi m\u0259lumat) daxil olduqda, M\u0259rk\u0259zi Se\u00e7ki Komissiyas\u0131 \u0259riz\u0259d\u0259 (r\u0259smi m\u0259lumatda) g\u00f6st\u0259ril\u0259n faktlar\u0131 2 aydan gec olmayan m\u00fcdd\u0259td\u0259 ara\u015fd\u0131r\u0131r,&hellip;<\/p>\n","protected":false},"author":2,"featured_media":452361,"comment_status":"closed","ping_status":"closed","sticky":false,"template":"","format":"standard","meta":{"om_disable_all_campaigns":false,"_monsterinsights_skip_tracking":false,"_monsterinsights_sitenote_active":false,"_monsterinsights_sitenote_note":"","_monsterinsights_sitenote_category":0},"categories":[4],"tags":[],"aioseo_notices":[],"gutentor_comment":0,"rttpg_featured_image_url":{"full":["https:\/\/arantv.az\/wp-content\/uploads\/2022\/03\/1027663.jpg",800,600,false],"landscape":["https:\/\/arantv.az\/wp-content\/uploads\/2022\/03\/1027663.jpg",800,600,false],"portraits":["https:\/\/arantv.az\/wp-content\/uploads\/2022\/03\/1027663.jpg",800,600,false],"thumbnail":["https:\/\/arantv.az\/wp-content\/uploads\/2022\/03\/1027663-500x280.jpg",500,280,true],"medium":["https:\/\/arantv.az\/wp-content\/uploads\/2022\/03\/1027663-487x365.jpg",487,365,true],"large":["https:\/\/arantv.az\/wp-content\/uploads\/2022\/03\/1027663.jpg",640,480,false],"1536x1536":["https:\/\/arantv.az\/wp-content\/uploads\/2022\/03\/1027663.jpg",800,600,false],"2048x2048":["https:\/\/arantv.az\/wp-content\/uploads\/2022\/03\/1027663.jpg",800,600,false],"post-thumbnail":["https:\/\/arantv.az\/wp-content\/uploads\/2022\/03\/1027663-240x172.jpg",240,172,true],"advps-thumb-one":["https:\/\/arantv.az\/wp-content\/uploads\/2022\/03\/1027663.jpg",800,600,false]},"rttpg_author":{"display_name":"V\u00fcsal Rafiqo\u011flu","author_link":"https:\/\/arantv.az\/?author=2"},"rttpg_comment":0,"rttpg_category":"<a href=\"https:\/\/arantv.az\/?cat=4\" rel=\"category\">Siyas\u0259t<\/a>","rttpg_excerpt":"Milli M\u0259clisin deputat\u0131 \u015eahin Seyidzad\u0259 mandat\u0131ndan imtina etm\u0259si il\u0259 ba\u011fl\u0131 \u0259riz\u0259 yaz\u0131b. Bu bar\u0259d\u0259\u00a0APA\u00a0Milli M\u0259clisd\u0259n m\u0259lumat \u0259ld\u0259 edib. Qeyd ed\u0259k ki, Prezident \u0130lham \u018fliyevin 3 mart tarixind\u0259 imzalad\u0131\u011f\u0131 s\u0259r\u0259ncamla \u015e. Seyidzad\u0259 &#8220;\u0130\u00e7\u0259ri\u015f\u0259h\u0259r&#8221; D\u00f6vl\u0259t Tarix-Memarl\u0131q Qoru\u011fu \u0130dar\u0259sinin \u0130dar\u0259 Hey\u0259tinin s\u0259dri t\u0259yin edilib. Konstitusiyan\u0131n 89-cu madd\u0259sinin 89-cu madd\u0259sinin I hiss\u0259sinin 4-c\u00fc b\u0259ndin\u0259 \u0259sas\u0259n, Milli M\u0259clisin \u00fczv\u00fc d\u00f6vl\u0259t&hellip;","_links":{"self":[{"href":"https:\/\/arantv.az\/index.php?rest_route=\/wp\/v2\/posts\/452360"}],"collection":[{"href":"https:\/\/arantv.az\/index.php?rest_route=\/wp\/v2\/posts"}],"about":[{"href":"https:\/\/arantv.az\/index.php?rest_route=\/wp\/v2\/types\/post"}],"author":[{"embeddable":true,"href":"https:\/\/arantv.az\/index.php?rest_route=\/wp\/v2\/users\/2"}],"replies":[{"embeddable":true,"href":"https:\/\/arantv.az\/index.php?rest_route=%2Fwp%2Fv2%2Fcomments&post=452360"}],"version-history":[{"count":0,"href":"https:\/\/arantv.az\/index.php?rest_route=\/wp\/v2\/posts\/452360\/revisions"}],"wp:featuredmedia":[{"embeddable":true,"href":"https:\/\/arantv.az\/index.php?rest_route=\/wp\/v2\/media\/452361"}],"wp:attachment":[{"href":"https:\/\/arantv.az\/index.php?rest_route=%2Fwp%2Fv2%2Fmedia&parent=452360"}],"wp:term":[{"taxonomy":"category","embeddable":true,"href":"https:\/\/arantv.az\/index.php?rest_route=%2Fwp%2Fv2%2Fcategories&post=452360"},{"taxonomy":"post_tag","embeddable":true,"href":"https:\/\/arantv.az\/index.php?rest_route=%2Fwp%2Fv2%2Ftags&post=452360"}],"curies":[{"name":"wp","href":"https:\/\/api.w.org\/{rel}","templated":true}]}}