{"id":452366,"date":"2022-03-16T13:44:36","date_gmt":"2022-03-16T10:44:36","guid":{"rendered":"http:\/\/arantv.az\/?p=452366"},"modified":"2022-03-16T13:44:36","modified_gmt":"2022-03-16T10:44:36","slug":"x%c9%99z%c9%99rd%c9%99-kul%c9%99k-enerjisi-potensialini-oyr%c9%99nm%c9%99k-ucun-yol-x%c9%99rit%c9%99si-hazirlanir","status":"publish","type":"post","link":"https:\/\/arantv.az\/?p=452366","title":{"rendered":"X\u0259z\u0259rd\u0259 k\u00fcl\u0259k enerjisi potensial\u0131n\u0131 \u00f6yr\u0259nm\u0259k \u00fc\u00e7\u00fcn yol x\u0259rit\u0259si haz\u0131rlan\u0131r"},"content":{"rendered":"<p><strong>Beyn\u0259lxalq Maliyy\u0259 Korporasiyas\u0131 (IFC) il\u0259 \u0259m\u0259kda\u015fl\u0131q \u00e7\u0259r\u00e7iv\u0259sind\u0259 Az\u0259rbaycan\u0131n d\u0259nizd\u0259 k\u00fcl\u0259k enerjisi potensial\u0131n\u0131n t\u0259dqiq olunmas\u0131 \u00fc\u00e7\u00fcn yol x\u0259rit\u0259si haz\u0131rlan\u0131r.<\/strong><\/p>\n<p><strong>ARANTV.AZ\u00a0<\/strong> <a href=\"https:\/\/az.trend.az\/\" target=\"_blank\" rel=\"noopener\">Trend<\/a>-\u0259 istinad\u0259n bildirir ki,\u00a0bunu Energetika Nazirliyi yan\u0131nda B\u0259rpa Olunan Enerji M\u0259nb\u0259l\u0259ri D\u00f6vl\u0259t Agentliyinin direktoru T\u0259briz \u018fmmayev Qarada\u011fda media-tur zaman\u0131 deyib.<\/p>\n<p>Onun s\u00f6zl\u0259rin\u0259 g\u00f6r\u0259, bu istiqam\u0259td\u0259 \u0259m\u0259kda\u015fl\u0131qla ba\u011fl\u0131 bir s\u0131ra \u00f6z\u0259l \u015firk\u0259tl\u0259rl\u0259 sazi\u015fl\u0259rin imzalanmas\u0131 istiqam\u0259tind\u0259 i\u015fl\u0259r g\u00f6r\u00fcl\u00fcr.<\/p>\n<p>Agentlik direktoru \u0259lav\u0259 edib ki, \u00f6t\u0259n g\u00fcn Bak\u0131da B\u018f\u018f-nin &#8220;Masdar&#8221; \u015firk\u0259ti il\u0259 imzalanm\u0131\u015f memorandum \u00e7\u0259r\u00e7iv\u0259sind\u0259 elektrik enerjisi istehsal\u0131 v\u0259 ixrac\u0131, el\u0259c\u0259 d\u0259 d\u0259nizd\u0259 k\u00fcl\u0259k enerjisinin g\u0259l\u0259c\u0259k inki\u015faf\u0131 istiqam\u0259tind\u0259 t\u0259diqat i\u015fl\u0259rinin apar\u0131lmas\u0131 planla\u015fd\u0131r\u0131l\u0131r.<\/p>\n","protected":false},"excerpt":{"rendered":"<p>Beyn\u0259lxalq Maliyy\u0259 Korporasiyas\u0131 (IFC) il\u0259 \u0259m\u0259kda\u015fl\u0131q \u00e7\u0259r\u00e7iv\u0259sind\u0259 Az\u0259rbaycan\u0131n d\u0259nizd\u0259 k\u00fcl\u0259k enerjisi potensial\u0131n\u0131n t\u0259dqiq olunmas\u0131 \u00fc\u00e7\u00fcn yol x\u0259rit\u0259si haz\u0131rlan\u0131r. ARANTV.AZ\u00a0 Trend-\u0259 istinad\u0259n bildirir ki,\u00a0bunu Energetika Nazirliyi yan\u0131nda B\u0259rpa Olunan Enerji M\u0259nb\u0259l\u0259ri D\u00f6vl\u0259t Agentliyinin direktoru T\u0259briz \u018fmmayev Qarada\u011fda media-tur zaman\u0131 deyib. Onun s\u00f6zl\u0259rin\u0259 g\u00f6r\u0259, bu istiqam\u0259td\u0259 \u0259m\u0259kda\u015fl\u0131qla ba\u011fl\u0131 bir s\u0131ra \u00f6z\u0259l \u015firk\u0259tl\u0259rl\u0259 sazi\u015fl\u0259rin imzalanmas\u0131 istiqam\u0259tind\u0259 i\u015fl\u0259r g\u00f6r\u00fcl\u00fcr. Agentlik direktoru \u0259lav\u0259 edib ki, \u00f6t\u0259n g\u00fcn Bak\u0131da B\u018f\u018f-nin &#8220;Masdar&#8221; \u015firk\u0259ti il\u0259 imzalanm\u0131\u015f memorandum \u00e7\u0259r\u00e7iv\u0259sind\u0259 elektrik enerjisi istehsal\u0131 v\u0259 ixrac\u0131, el\u0259c\u0259 d\u0259 d\u0259nizd\u0259 k\u00fcl\u0259k enerjisinin g\u0259l\u0259c\u0259k inki\u015faf\u0131 istiqam\u0259tind\u0259 t\u0259diqat i\u015fl\u0259rinin apar\u0131lmas\u0131 planla\u015fd\u0131r\u0131l\u0131r.<\/p>\n","protected":false},"author":2,"featured_media":452367,"comment_status":"closed","ping_status":"closed","sticky":false,"template":"","format":"standard","meta":{"om_disable_all_campaigns":false,"_monsterinsights_skip_tracking":false,"_monsterinsights_sitenote_active":false,"_monsterinsights_sitenote_note":"","_monsterinsights_sitenote_category":0},"categories":[19],"tags":[],"aioseo_notices":[],"gutentor_comment":0,"rttpg_featured_image_url":{"full":["https:\/\/arantv.az\/wp-content\/uploads\/2022\/03\/1027688.jpg",800,600,false],"landscape":["https:\/\/arantv.az\/wp-content\/uploads\/2022\/03\/1027688.jpg",800,600,false],"portraits":["https:\/\/arantv.az\/wp-content\/uploads\/2022\/03\/1027688.jpg",800,600,false],"thumbnail":["https:\/\/arantv.az\/wp-content\/uploads\/2022\/03\/1027688-500x280.jpg",500,280,true],"medium":["https:\/\/arantv.az\/wp-content\/uploads\/2022\/03\/1027688-487x365.jpg",487,365,true],"large":["https:\/\/arantv.az\/wp-content\/uploads\/2022\/03\/1027688.jpg",640,480,false],"1536x1536":["https:\/\/arantv.az\/wp-content\/uploads\/2022\/03\/1027688.jpg",800,600,false],"2048x2048":["https:\/\/arantv.az\/wp-content\/uploads\/2022\/03\/1027688.jpg",800,600,false],"post-thumbnail":["https:\/\/arantv.az\/wp-content\/uploads\/2022\/03\/1027688-240x172.jpg",240,172,true],"advps-thumb-one":["https:\/\/arantv.az\/wp-content\/uploads\/2022\/03\/1027688.jpg",800,600,false]},"rttpg_author":{"display_name":"V\u00fcsal Rafiqo\u011flu","author_link":"https:\/\/arantv.az\/?author=2"},"rttpg_comment":0,"rttpg_category":"<a href=\"https:\/\/arantv.az\/?cat=19\" rel=\"category\">G\u00fcnd\u0259m<\/a>","rttpg_excerpt":"Beyn\u0259lxalq Maliyy\u0259 Korporasiyas\u0131 (IFC) il\u0259 \u0259m\u0259kda\u015fl\u0131q \u00e7\u0259r\u00e7iv\u0259sind\u0259 Az\u0259rbaycan\u0131n d\u0259nizd\u0259 k\u00fcl\u0259k enerjisi potensial\u0131n\u0131n t\u0259dqiq olunmas\u0131 \u00fc\u00e7\u00fcn yol x\u0259rit\u0259si haz\u0131rlan\u0131r. ARANTV.AZ\u00a0 Trend-\u0259 istinad\u0259n bildirir ki,\u00a0bunu Energetika Nazirliyi yan\u0131nda B\u0259rpa Olunan Enerji M\u0259nb\u0259l\u0259ri D\u00f6vl\u0259t Agentliyinin direktoru T\u0259briz \u018fmmayev Qarada\u011fda media-tur zaman\u0131 deyib. Onun s\u00f6zl\u0259rin\u0259 g\u00f6r\u0259, bu istiqam\u0259td\u0259 \u0259m\u0259kda\u015fl\u0131qla ba\u011fl\u0131 bir s\u0131ra \u00f6z\u0259l \u015firk\u0259tl\u0259rl\u0259 sazi\u015fl\u0259rin imzalanmas\u0131 istiqam\u0259tind\u0259 i\u015fl\u0259r g\u00f6r\u00fcl\u00fcr.&hellip;","_links":{"self":[{"href":"https:\/\/arantv.az\/index.php?rest_route=\/wp\/v2\/posts\/452366"}],"collection":[{"href":"https:\/\/arantv.az\/index.php?rest_route=\/wp\/v2\/posts"}],"about":[{"href":"https:\/\/arantv.az\/index.php?rest_route=\/wp\/v2\/types\/post"}],"author":[{"embeddable":true,"href":"https:\/\/arantv.az\/index.php?rest_route=\/wp\/v2\/users\/2"}],"replies":[{"embeddable":true,"href":"https:\/\/arantv.az\/index.php?rest_route=%2Fwp%2Fv2%2Fcomments&post=452366"}],"version-history":[{"count":0,"href":"https:\/\/arantv.az\/index.php?rest_route=\/wp\/v2\/posts\/452366\/revisions"}],"wp:featuredmedia":[{"embeddable":true,"href":"https:\/\/arantv.az\/index.php?rest_route=\/wp\/v2\/media\/452367"}],"wp:attachment":[{"href":"https:\/\/arantv.az\/index.php?rest_route=%2Fwp%2Fv2%2Fmedia&parent=452366"}],"wp:term":[{"taxonomy":"category","embeddable":true,"href":"https:\/\/arantv.az\/index.php?rest_route=%2Fwp%2Fv2%2Fcategories&post=452366"},{"taxonomy":"post_tag","embeddable":true,"href":"https:\/\/arantv.az\/index.php?rest_route=%2Fwp%2Fv2%2Ftags&post=452366"}],"curies":[{"name":"wp","href":"https:\/\/api.w.org\/{rel}","templated":true}]}}