{"id":452372,"date":"2022-03-16T13:59:21","date_gmt":"2022-03-16T10:59:21","guid":{"rendered":"http:\/\/arantv.az\/?p=452372"},"modified":"2022-03-16T13:59:21","modified_gmt":"2022-03-16T10:59:21","slug":"novruzda-az%c9%99rbaycana-minl%c9%99rl%c9%99-turist-g%c9%99l%c9%99c%c9%99k-hotell%c9%99r-indid%c9%99n-dolub-qiym%c9%99tl%c9%99r-%c9%99l-yandirir","status":"publish","type":"post","link":"https:\/\/arantv.az\/?p=452372","title":{"rendered":"Novruzda Az\u0259rbaycana minl\u0259rl\u0259 turist g\u0259l\u0259c\u0259k, hotell\u0259r indid\u0259n dolub &#8211; Qiym\u0259tl\u0259r \u201c\u0259l yand\u0131r\u0131r\u201d"},"content":{"rendered":"<p>\u201cYanvar-fevral aylar\u0131 \u0259r\u0259f\u0259sind\u0259 225 min, mart\u0131n ilk 15 g\u00fcn\u00fcn\u00fc d\u0259 n\u0259z\u0259r alsaq, art\u0131q 250 min\u0259 yax\u0131n turist \u00f6lk\u0259miz\u0259 g\u0259lib. Novruz bayram\u0131 \u0259r\u0259f\u0259sind\u0259 bu say art\u0131q 300 min\u0259 yax\u0131nla\u015facaq\u201d.<\/p>\n<p>Bunu Bakupost.az-a a\u00e7\u0131qlamas\u0131nda Az\u0259rbaycan Turizm Assosiasiyas\u0131n\u0131n (AzTA) \u0130dar\u0259 Hey\u0259tinin s\u0259dri \u018fhm\u0259d Qurbanov Novruz bayram\u0131 \u0259r\u0259f\u0259sind\u0259 \u00f6lk\u0259d\u0259 turizmin v\u0259ziyy\u0259ti haqq\u0131nda dan\u0131\u015fark\u0259n deyib.<\/p>\n<div class=\"AdviadNativeVideo\"><\/div>\n<p>Bildirib ki, karantin qaydalar\u0131n\u0131n yum\u015fald\u0131lmas\u0131 daha \u00e7ox turistin g\u0259lm\u0259sin\u0259 \u015f\u0259rait yarad\u0131r:<\/p>\n<p>\u201c\u0130a\u015f\u0259 obyektl\u0259rind\u0259 saat limitl\u0259rinin aradan qald\u0131r\u0131lmas\u0131 vaxt\u0131nda verilmi\u015f q\u0259rard\u0131r v\u0259 \u00f6lk\u0259y\u0259 daha \u00e7ox turist c\u0259lbind\u0259 m\u00fcsb\u0259t rol oynayacaq\u201d.<\/p>\n<p>\u018f.Qurbanov bayram \u0259r\u0259f\u0259sind\u0259 \u00f6lk\u0259d\u0259ki hotell\u0259rin qiym\u0259tl\u0259rin\u0259 d\u0259 diqq\u0259t \u00e7\u0259kib:<\/p>\n<p>\u201cBayramlarda hotell\u0259rd\u0259 s\u0131xl\u0131q oldu\u011fu \u00fc\u00e7\u00fcn qiym\u0259tl\u0259rd\u0259 art\u0131m m\u00fc\u015fahid\u0259 edirik. H\u0259r zaman sahibkarlarla dan\u0131\u015f\u0131qlar zaman\u0131 qeyd edirik ki, hotell\u0259rd\u0259 \u015fi\u015firdilmi\u015f qiym\u0259tl\u0259r\u0259 yol verm\u0259k olmaz. \u018fsas\u0259n karantin d\u00f6vr\u00fcn\u00fcn yum\u015fald\u0131lm\u0131\u015f d\u00f6n\u0259mini ya\u015fay\u0131r\u0131qsa, \u015fi\u015firdilmi\u015f qiym\u0259tl\u0259r yerli v\u0259 xarici turistl\u0259ri yaln\u0131z qa\u00e7\u0131ra bil\u0259r. Amma bunun da qar\u015f\u0131s\u0131n\u0131 almaq \u00fc\u00e7\u00fcn real r\u0259qab\u0259t m\u00fchiti olmal\u0131 v\u0259 hotell\u0259rin say\u0131 art\u0131r\u0131lmal\u0131d\u0131r. N\u0259inki be\u015f ulduzlu, h\u0259tta \u00fc\u00e7, iki, bir ulduzlu hotell\u0259rin, hostell\u0259rin, qonaq evl\u0259rinin say\u0131 n\u0259 q\u0259d\u0259r \u00e7ox olarsa, turistl\u0259r d\u0259 \u00f6z ist\u0259kl\u0259rin\u0259, b\u00fcdc\u0259l\u0259rin\u0259 uy\u011fun hoteli se\u00e7ib yax\u015f\u0131 istirah\u0259t ed\u0259 bil\u0259rl\u0259r\u201d.<\/p>\n<p>Ekspert \u00f6lk\u0259y\u0259 g\u0259l\u0259n turistl\u0259rin statistikas\u0131n\u0131 da a\u00e7\u0131qlay\u0131b:<\/p>\n<p>\u201cYanvar-fevral aylar\u0131 \u0259r\u0259f\u0259sind\u0259 225 min\u0259 yax\u0131n, h\u0259tta bir az daha art\u0131q turist \u00f6lk\u0259miz\u0259 g\u0259lib. D\u00fc\u015f\u00fcn\u00fcr\u0259m ki, mart\u0131n ilk 15 g\u00fcn\u00fcn\u00fc d\u0259 n\u0259z\u0259r alsaq, art\u0131q 250 min\u0259 yax\u0131n turist \u00f6lk\u0259miz\u0259 g\u0259lib. Novruz bayram\u0131 \u0259r\u0259f\u0259sind\u0259, d\u00fc\u015f\u00fcn\u00fcr\u0259m ki, bu say art\u0131q 300 min\u0259 yax\u0131nla\u015facaq. Biz 2019-cu ild\u0259 3 milyondan art\u0131q turist q\u0259bul etmi\u015fdik. \u018fg\u0259r pandemiya olmasayd\u0131 biz bu say\u0131 h\u0259tta 2-3 d\u0259f\u0259 art\u0131rma\u011f\u0131 planlay\u0131rd\u0131q. Bu ilin ilk r\u00fcb\u00fcn\u0259 baxsaq art\u0131q, turistl\u0259rin \u00f6lk\u0259y\u0259 g\u0259lm\u0259 tempi artmaqdad\u0131r. Daha \u00e7ox turist ist\u0259yiriks\u0259, quru s\u0259rh\u0259dl\u0259rinin a\u00e7\u0131lmas\u0131na nail olmal\u0131y\u0131q\u201d.<\/p>\n<p>\u018f. Qurbanov turist ax\u0131n\u0131n\u0131 t\u0259min etm\u0259k \u00fc\u00e7\u00fcn \u00f6lk\u0259y\u0259 giri\u015f-\u00e7\u0131x\u0131\u015f \u015f\u0259rtl\u0259rinin yum\u015fald\u0131lmas\u0131n\u0131 t\u00f6vsiy\u0259 edib:<\/p>\n<p>\u201cAz\u0259rbaycan Turizm Assosiasiyas\u0131 olaraq t\u00f6vsiy\u0259 edirik ki, \u00f6lk\u0259y\u0259 giri\u015f-\u00e7\u0131x\u0131\u015f \u015f\u0259rtl\u0259rini bir az daha yumu\u015falts\u0131nlar. Haz\u0131rda \u00f6lk\u0259y\u0259 giri\u015fd\u0259 h\u0259m \u201cCOVID pasportu\u201d, h\u0259m PCR testi t\u0259l\u0259b olunur. Bunun ikisind\u0259n biri\u00a0olarsa, d\u00fc\u015f\u00fcn\u00fcr\u0259m ki, daha \u00e7ox turist ax\u0131n\u0131 olar.<\/p>\n<p>Yay aylar\u0131nda s\u0259rh\u0259dl\u0259r\u00a0a\u00e7\u0131larsa, \u00f6lk\u0259y\u0259 turist ax\u0131n\u0131 daha da s\u00fcr\u0259tl\u0259n\u0259c\u0259k v\u0259 turizmd\u0259 daha da canlanma ya\u015fanacaq\u201d.<\/p>\n<p>Daha sonra Yerli turistl\u0259rd\u0259n dan\u0131\u015fan \u018f.Qurbanov bunlar\u0131 \u0259lav\u0259 edib:<\/p>\n<p>\u201cXarici turistl\u0259rd\u0259n \u0259lav\u0259 yerli turistl\u0259r d\u0259 rayonlara s\u0259f\u0259r edir. Qiym\u0259tl\u0259r m\u00fc\u0259yy\u0259n d\u0259r\u0259c\u0259d\u0259 onlar \u00fc\u00e7\u00fcn q\u0259na\u0259tb\u0259x\u015f olmur. Amma bu il bayram \u0259r\u0259f\u0259sind\u0259 hotell\u0259rin maksimum dolmas\u0131 onu dem\u0259y\u0259 \u0259sas verir ki, daxili turizm daha \u00e7ox canlan\u0131r. Haz\u0131rk\u0131 v\u0259ziyy\u0259td\u0259 80-d\u0259n art\u0131q \u00f6lk\u0259 il\u0259 s\u0259rh\u0259dl\u0259rin a\u00e7\u0131q olmas\u0131na baxmayaraq, \u00e7ox sevindirici hald\u0131r ki, yerli turistl\u0259rimiz \u00f6lk\u0259mizd\u0259 istirah\u0259ti daha vacib say\u0131rlar\u201d.<\/p>\n","protected":false},"excerpt":{"rendered":"<p>\u201cYanvar-fevral aylar\u0131 \u0259r\u0259f\u0259sind\u0259 225 min, mart\u0131n ilk 15 g\u00fcn\u00fcn\u00fc d\u0259 n\u0259z\u0259r alsaq, art\u0131q 250 min\u0259 yax\u0131n turist \u00f6lk\u0259miz\u0259 g\u0259lib. Novruz bayram\u0131 \u0259r\u0259f\u0259sind\u0259 bu say art\u0131q 300 min\u0259 yax\u0131nla\u015facaq\u201d. Bunu Bakupost.az-a a\u00e7\u0131qlamas\u0131nda Az\u0259rbaycan Turizm Assosiasiyas\u0131n\u0131n (AzTA) \u0130dar\u0259 Hey\u0259tinin s\u0259dri \u018fhm\u0259d Qurbanov Novruz bayram\u0131 \u0259r\u0259f\u0259sind\u0259 \u00f6lk\u0259d\u0259 turizmin v\u0259ziyy\u0259ti haqq\u0131nda dan\u0131\u015fark\u0259n deyib. Bildirib ki, karantin qaydalar\u0131n\u0131n yum\u015fald\u0131lmas\u0131 daha \u00e7ox turistin g\u0259lm\u0259sin\u0259 \u015f\u0259rait yarad\u0131r: \u201c\u0130a\u015f\u0259 obyektl\u0259rind\u0259 saat limitl\u0259rinin aradan qald\u0131r\u0131lmas\u0131 vaxt\u0131nda verilmi\u015f q\u0259rard\u0131r v\u0259 \u00f6lk\u0259y\u0259 daha \u00e7ox turist c\u0259lbind\u0259 m\u00fcsb\u0259t rol oynayacaq\u201d. \u018f.Qurbanov bayram \u0259r\u0259f\u0259sind\u0259 \u00f6lk\u0259d\u0259ki hotell\u0259rin qiym\u0259tl\u0259rin\u0259 d\u0259 diqq\u0259t \u00e7\u0259kib: \u201cBayramlarda hotell\u0259rd\u0259 s\u0131xl\u0131q&hellip;<\/p>\n","protected":false},"author":2,"featured_media":452373,"comment_status":"closed","ping_status":"closed","sticky":false,"template":"","format":"standard","meta":{"om_disable_all_campaigns":false,"_monsterinsights_skip_tracking":false,"_monsterinsights_sitenote_active":false,"_monsterinsights_sitenote_note":"","_monsterinsights_sitenote_category":0},"categories":[1],"tags":[],"aioseo_notices":[],"gutentor_comment":0,"rttpg_featured_image_url":{"full":["https:\/\/arantv.az\/wp-content\/uploads\/2022\/03\/bl.jpg",620,413,false],"landscape":["https:\/\/arantv.az\/wp-content\/uploads\/2022\/03\/bl.jpg",620,413,false],"portraits":["https:\/\/arantv.az\/wp-content\/uploads\/2022\/03\/bl.jpg",620,413,false],"thumbnail":["https:\/\/arantv.az\/wp-content\/uploads\/2022\/03\/bl-500x280.jpg",500,280,true],"medium":["https:\/\/arantv.az\/wp-content\/uploads\/2022\/03\/bl-548x365.jpg",548,365,true],"large":["https:\/\/arantv.az\/wp-content\/uploads\/2022\/03\/bl.jpg",620,413,false],"1536x1536":["https:\/\/arantv.az\/wp-content\/uploads\/2022\/03\/bl.jpg",620,413,false],"2048x2048":["https:\/\/arantv.az\/wp-content\/uploads\/2022\/03\/bl.jpg",620,413,false],"post-thumbnail":["https:\/\/arantv.az\/wp-content\/uploads\/2022\/03\/bl-240x172.jpg",240,172,true],"advps-thumb-one":["https:\/\/arantv.az\/wp-content\/uploads\/2022\/03\/bl.jpg",620,413,false]},"rttpg_author":{"display_name":"V\u00fcsal Rafiqo\u011flu","author_link":"https:\/\/arantv.az\/?author=2"},"rttpg_comment":0,"rttpg_category":"<a href=\"https:\/\/arantv.az\/?cat=1\" rel=\"category\">C\u0259miyy\u0259t<\/a>","rttpg_excerpt":"\u201cYanvar-fevral aylar\u0131 \u0259r\u0259f\u0259sind\u0259 225 min, mart\u0131n ilk 15 g\u00fcn\u00fcn\u00fc d\u0259 n\u0259z\u0259r alsaq, art\u0131q 250 min\u0259 yax\u0131n turist \u00f6lk\u0259miz\u0259 g\u0259lib. Novruz bayram\u0131 \u0259r\u0259f\u0259sind\u0259 bu say art\u0131q 300 min\u0259 yax\u0131nla\u015facaq\u201d. Bunu Bakupost.az-a a\u00e7\u0131qlamas\u0131nda Az\u0259rbaycan Turizm Assosiasiyas\u0131n\u0131n (AzTA) \u0130dar\u0259 Hey\u0259tinin s\u0259dri \u018fhm\u0259d Qurbanov Novruz bayram\u0131 \u0259r\u0259f\u0259sind\u0259 \u00f6lk\u0259d\u0259 turizmin v\u0259ziyy\u0259ti haqq\u0131nda dan\u0131\u015fark\u0259n deyib. Bildirib ki, karantin qaydalar\u0131n\u0131n yum\u015fald\u0131lmas\u0131 daha&hellip;","_links":{"self":[{"href":"https:\/\/arantv.az\/index.php?rest_route=\/wp\/v2\/posts\/452372"}],"collection":[{"href":"https:\/\/arantv.az\/index.php?rest_route=\/wp\/v2\/posts"}],"about":[{"href":"https:\/\/arantv.az\/index.php?rest_route=\/wp\/v2\/types\/post"}],"author":[{"embeddable":true,"href":"https:\/\/arantv.az\/index.php?rest_route=\/wp\/v2\/users\/2"}],"replies":[{"embeddable":true,"href":"https:\/\/arantv.az\/index.php?rest_route=%2Fwp%2Fv2%2Fcomments&post=452372"}],"version-history":[{"count":0,"href":"https:\/\/arantv.az\/index.php?rest_route=\/wp\/v2\/posts\/452372\/revisions"}],"wp:featuredmedia":[{"embeddable":true,"href":"https:\/\/arantv.az\/index.php?rest_route=\/wp\/v2\/media\/452373"}],"wp:attachment":[{"href":"https:\/\/arantv.az\/index.php?rest_route=%2Fwp%2Fv2%2Fmedia&parent=452372"}],"wp:term":[{"taxonomy":"category","embeddable":true,"href":"https:\/\/arantv.az\/index.php?rest_route=%2Fwp%2Fv2%2Fcategories&post=452372"},{"taxonomy":"post_tag","embeddable":true,"href":"https:\/\/arantv.az\/index.php?rest_route=%2Fwp%2Fv2%2Ftags&post=452372"}],"curies":[{"name":"wp","href":"https:\/\/api.w.org\/{rel}","templated":true}]}}