{"id":452376,"date":"2022-03-16T18:04:22","date_gmt":"2022-03-16T15:04:22","guid":{"rendered":"http:\/\/arantv.az\/?p=452376"},"modified":"2022-03-16T18:04:22","modified_gmt":"2022-03-16T15:04:22","slug":"nizami-g%c9%99nc%c9%99vi-beyn%c9%99lxalq-m%c9%99rk%c9%99zinin-uzvl%c9%99ri-prezident-ilham-%c9%99liyev%c9%99-muraci%c9%99t-etdi","status":"publish","type":"post","link":"https:\/\/arantv.az\/?p=452376","title":{"rendered":"Nizami G\u0259nc\u0259vi Beyn\u0259lxalq M\u0259rk\u0259zinin \u00fczvl\u0259ri Prezident \u0130lham \u018fliyev\u0259 m\u00fcraci\u0259t etdi"},"content":{"rendered":"<p>Bak\u0131 Ukraynadak\u0131 v\u0259ziyy\u0259tin nizamlanmas\u0131nda m\u00fch\u00fcm rol oynaya bil\u0259r.<\/p>\n<p><strong>ARANTV.AZ\u00a0<\/strong> x\u0259b\u0259r verir ki, bu bar\u0259d\u0259 Nizami G\u0259nc\u0259vi Beyn\u0259lxalq M\u0259rk\u0259zinin h\u0259ms\u0259drl\u0259ri v\u0259 idar\u0259 hey\u0259ti \u00fczvl\u0259rinin Az\u0259rbaycan Prezidenti \u0130lham \u018fliyev\u0259 \u00fcnvanlad\u0131\u011f\u0131 m\u0259ktubda deyilir.<\/p>\n<p>\u201cBiz Sizin Az\u0259rbaycanda Rusiya v\u0259 Ukrayna n\u00fcmay\u0259nd\u0259l\u0259ri aras\u0131nda s\u00fclh dan\u0131\u015f\u0131qlar\u0131n\u0131n apar\u0131lmas\u0131 t\u0259klifinizi y\u00fcks\u0259k qiym\u0259tl\u0259ndiririk. Bak\u0131 bel\u0259 m\u00fczakir\u0259l\u0259r \u00fc\u00e7\u00fcn neytral platformad\u0131r, o, art\u0131q NATO v\u0259 Rusiya aras\u0131nda g\u00f6r\u00fc\u015fl\u0259r \u00fc\u00e7\u00fcn platforma olub. \u00dcmid edirik ki, t\u0259r\u0259fl\u0259r bu t\u0259klifi q\u0259bul ed\u0259c\u0259k v\u0259 Bak\u0131 \u0130kinci D\u00fcnya M\u00fcharib\u0259sind\u0259n sonra Avropan\u0131n \u00fczl\u0259\u015fdiyi \u0259n b\u00f6y\u00fck t\u0259hl\u00fck\u0259sizlik b\u00f6hran\u0131n\u0131n h\u0259llind\u0259 m\u00fch\u00fcm rol oynaya bil\u0259r\u201d, &#8211; m\u0259ktubda qeyd edilir.<\/p>\n<p>Nizami G\u0259nc\u0259vi Beyn\u0259lxalq M\u0259rk\u0259zinin i\u015ftirak\u00e7\u0131lar\u0131, h\u0259m\u00e7inin bu d\u0259h\u015f\u0259tli humanitar b\u00f6hran\u0131 dayand\u0131rmaq \u00fc\u00e7\u00fcn ist\u0259nil\u0259n m\u00fcmk\u00fcn dialoq kanal\u0131ndan istifad\u0259 etm\u0259y\u0259 \u00e7a\u011f\u0131r\u0131blar.<\/p>\n<p>\u201cNizami G\u0259nc\u0259vi Beyn\u0259lxalq M\u0259rk\u0259zinin \u00fczvl\u0259ri v\u0259 onun t\u0259r\u0259fda\u015flar\u0131 kimi biz Rusiya v\u0259 Ukrayna aras\u0131nda h\u0259rbi \u0259m\u0259liyyatlar\u0131n dayand\u0131r\u0131lmas\u0131 il\u0259 ba\u011fl\u0131 d\u0259rhal n\u0259tic\u0259y\u00f6n\u00fcml\u00fc dialoqun ba\u015flanmas\u0131na \u00e7a\u011f\u0131r\u0131r\u0131q\u201d, &#8211; m\u0259ktubda vur\u011fulan\u0131r.<\/p>\n","protected":false},"excerpt":{"rendered":"<p>Bak\u0131 Ukraynadak\u0131 v\u0259ziyy\u0259tin nizamlanmas\u0131nda m\u00fch\u00fcm rol oynaya bil\u0259r. ARANTV.AZ\u00a0 x\u0259b\u0259r verir ki, bu bar\u0259d\u0259 Nizami G\u0259nc\u0259vi Beyn\u0259lxalq M\u0259rk\u0259zinin h\u0259ms\u0259drl\u0259ri v\u0259 idar\u0259 hey\u0259ti \u00fczvl\u0259rinin Az\u0259rbaycan Prezidenti \u0130lham \u018fliyev\u0259 \u00fcnvanlad\u0131\u011f\u0131 m\u0259ktubda deyilir. \u201cBiz Sizin Az\u0259rbaycanda Rusiya v\u0259 Ukrayna n\u00fcmay\u0259nd\u0259l\u0259ri aras\u0131nda s\u00fclh dan\u0131\u015f\u0131qlar\u0131n\u0131n apar\u0131lmas\u0131 t\u0259klifinizi y\u00fcks\u0259k qiym\u0259tl\u0259ndiririk. Bak\u0131 bel\u0259 m\u00fczakir\u0259l\u0259r \u00fc\u00e7\u00fcn neytral platformad\u0131r, o, art\u0131q NATO v\u0259 Rusiya aras\u0131nda g\u00f6r\u00fc\u015fl\u0259r \u00fc\u00e7\u00fcn platforma olub. \u00dcmid edirik ki, t\u0259r\u0259fl\u0259r bu t\u0259klifi q\u0259bul ed\u0259c\u0259k v\u0259 Bak\u0131 \u0130kinci D\u00fcnya M\u00fcharib\u0259sind\u0259n sonra Avropan\u0131n \u00fczl\u0259\u015fdiyi \u0259n b\u00f6y\u00fck t\u0259hl\u00fck\u0259sizlik b\u00f6hran\u0131n\u0131n h\u0259llind\u0259 m\u00fch\u00fcm rol oynaya bil\u0259r\u201d, &#8211; m\u0259ktubda qeyd edilir. Nizami&hellip;<\/p>\n","protected":false},"author":2,"featured_media":452377,"comment_status":"closed","ping_status":"closed","sticky":false,"template":"","format":"standard","meta":{"om_disable_all_campaigns":false,"_monsterinsights_skip_tracking":false,"_monsterinsights_sitenote_active":false,"_monsterinsights_sitenote_note":"","_monsterinsights_sitenote_category":0},"categories":[4],"tags":[],"aioseo_notices":[],"gutentor_comment":0,"rttpg_featured_image_url":{"full":["https:\/\/arantv.az\/wp-content\/uploads\/2022\/03\/5f44a63353c24-t0shxN7_yPUZws0-5.jpg",620,458,false],"landscape":["https:\/\/arantv.az\/wp-content\/uploads\/2022\/03\/5f44a63353c24-t0shxN7_yPUZws0-5.jpg",620,458,false],"portraits":["https:\/\/arantv.az\/wp-content\/uploads\/2022\/03\/5f44a63353c24-t0shxN7_yPUZws0-5.jpg",620,458,false],"thumbnail":["https:\/\/arantv.az\/wp-content\/uploads\/2022\/03\/5f44a63353c24-t0shxN7_yPUZws0-5-500x280.jpg",500,280,true],"medium":["https:\/\/arantv.az\/wp-content\/uploads\/2022\/03\/5f44a63353c24-t0shxN7_yPUZws0-5-494x365.jpg",494,365,true],"large":["https:\/\/arantv.az\/wp-content\/uploads\/2022\/03\/5f44a63353c24-t0shxN7_yPUZws0-5.jpg",620,458,false],"1536x1536":["https:\/\/arantv.az\/wp-content\/uploads\/2022\/03\/5f44a63353c24-t0shxN7_yPUZws0-5.jpg",620,458,false],"2048x2048":["https:\/\/arantv.az\/wp-content\/uploads\/2022\/03\/5f44a63353c24-t0shxN7_yPUZws0-5.jpg",620,458,false],"post-thumbnail":["https:\/\/arantv.az\/wp-content\/uploads\/2022\/03\/5f44a63353c24-t0shxN7_yPUZws0-5-240x172.jpg",240,172,true],"advps-thumb-one":["https:\/\/arantv.az\/wp-content\/uploads\/2022\/03\/5f44a63353c24-t0shxN7_yPUZws0-5.jpg",620,458,false]},"rttpg_author":{"display_name":"V\u00fcsal Rafiqo\u011flu","author_link":"https:\/\/arantv.az\/?author=2"},"rttpg_comment":0,"rttpg_category":"<a href=\"https:\/\/arantv.az\/?cat=4\" rel=\"category\">Siyas\u0259t<\/a>","rttpg_excerpt":"Bak\u0131 Ukraynadak\u0131 v\u0259ziyy\u0259tin nizamlanmas\u0131nda m\u00fch\u00fcm rol oynaya bil\u0259r. ARANTV.AZ\u00a0 x\u0259b\u0259r verir ki, bu bar\u0259d\u0259 Nizami G\u0259nc\u0259vi Beyn\u0259lxalq M\u0259rk\u0259zinin h\u0259ms\u0259drl\u0259ri v\u0259 idar\u0259 hey\u0259ti \u00fczvl\u0259rinin Az\u0259rbaycan Prezidenti \u0130lham \u018fliyev\u0259 \u00fcnvanlad\u0131\u011f\u0131 m\u0259ktubda deyilir. \u201cBiz Sizin Az\u0259rbaycanda Rusiya v\u0259 Ukrayna n\u00fcmay\u0259nd\u0259l\u0259ri aras\u0131nda s\u00fclh dan\u0131\u015f\u0131qlar\u0131n\u0131n apar\u0131lmas\u0131 t\u0259klifinizi y\u00fcks\u0259k qiym\u0259tl\u0259ndiririk. Bak\u0131 bel\u0259 m\u00fczakir\u0259l\u0259r \u00fc\u00e7\u00fcn neytral platformad\u0131r, o, art\u0131q NATO v\u0259 Rusiya&hellip;","_links":{"self":[{"href":"https:\/\/arantv.az\/index.php?rest_route=\/wp\/v2\/posts\/452376"}],"collection":[{"href":"https:\/\/arantv.az\/index.php?rest_route=\/wp\/v2\/posts"}],"about":[{"href":"https:\/\/arantv.az\/index.php?rest_route=\/wp\/v2\/types\/post"}],"author":[{"embeddable":true,"href":"https:\/\/arantv.az\/index.php?rest_route=\/wp\/v2\/users\/2"}],"replies":[{"embeddable":true,"href":"https:\/\/arantv.az\/index.php?rest_route=%2Fwp%2Fv2%2Fcomments&post=452376"}],"version-history":[{"count":0,"href":"https:\/\/arantv.az\/index.php?rest_route=\/wp\/v2\/posts\/452376\/revisions"}],"wp:featuredmedia":[{"embeddable":true,"href":"https:\/\/arantv.az\/index.php?rest_route=\/wp\/v2\/media\/452377"}],"wp:attachment":[{"href":"https:\/\/arantv.az\/index.php?rest_route=%2Fwp%2Fv2%2Fmedia&parent=452376"}],"wp:term":[{"taxonomy":"category","embeddable":true,"href":"https:\/\/arantv.az\/index.php?rest_route=%2Fwp%2Fv2%2Fcategories&post=452376"},{"taxonomy":"post_tag","embeddable":true,"href":"https:\/\/arantv.az\/index.php?rest_route=%2Fwp%2Fv2%2Ftags&post=452376"}],"curies":[{"name":"wp","href":"https:\/\/api.w.org\/{rel}","templated":true}]}}