{"id":452382,"date":"2022-03-16T18:06:08","date_gmt":"2022-03-16T15:06:08","guid":{"rendered":"http:\/\/arantv.az\/?p=452382"},"modified":"2022-03-16T18:06:08","modified_gmt":"2022-03-16T15:06:08","slug":"sahib%c9%99-qafarova-fransa-s%c9%99firi-il%c9%99-gorusub","status":"publish","type":"post","link":"https:\/\/arantv.az\/?p=452382","title":{"rendered":"Sahib\u0259 Qafarova Fransa s\u0259firi il\u0259 g\u00f6r\u00fc\u015f\u00fcb"},"content":{"rendered":"<p>Bu g\u00fcn Milli M\u0259clisin s\u0259dri Sahib\u0259 Qafarova Fransan\u0131n \u00f6lk\u0259mizd\u0259ki s\u0259firi Zakari Qrosla g\u00f6r\u00fc\u015f\u00fcb.<\/p>\n<p>Milli M\u0259clisin M\u0259tbuat v\u0259 ictimaiyy\u0259tl\u0259 \u0259laq\u0259l\u0259r \u015f\u00f6b\u0259sind\u0259n veril\u0259n x\u0259b\u0259r\u0259 g\u00f6r\u0259, spiker bu il \u00f6lk\u0259l\u0259rimiz aras\u0131nda diplomatik m\u00fcnasib\u0259tl\u0259rin qurulmas\u0131n\u0131n 30-cu ild\u00f6n\u00fcm\u00fcn\u00fcn tamam oldu\u011funu bildir\u0259r\u0259k, ikit\u0259r\u0259fli m\u00fcnasib\u0259tl\u0259rin inki\u015faf\u0131nda y\u00fcks\u0259k s\u0259viyy\u0259li s\u0259f\u0259rl\u0259r v\u0259 g\u00f6r\u00fc\u015fl\u0259rin x\u00fcsusi rolunu qeyd edib.<\/p>\n<p>Milli M\u0259clisin s\u0259dri haz\u0131rda Az\u0259rbaycan v\u0259 Fransa aras\u0131nda siyasi, iqtisadi, humanitar v\u0259 dig\u0259r sah\u0259l\u0259rd\u0259 m\u00fcnasib\u0259tl\u0259rin m\u00f6vcud oldu\u011funu deyib.<\/p>\n<p>Spiker ikit\u0259r\u0259fli m\u00fcnasib\u0259tl\u0259rin inki\u015faf\u0131nda parlamentl\u0259raras\u0131 \u0259laq\u0259l\u0259rin \u0259h\u0259miyy\u0259tind\u0259n dan\u0131\u015f\u0131b. Sahib\u0259 Qafarova 2020-ci v\u0259 2021-ci ill\u0259rd\u0259 Fransadan olan parlament n\u00fcmay\u0259nd\u0259 hey\u0259tl\u0259rinin \u00f6lk\u0259miz\u0259 s\u0259f\u0259rl\u0259r etdikl\u0259rini, bu s\u0259f\u0259rl\u0259r \u00e7\u0259r\u00e7iv\u0259sind\u0259 G\u0259nc\u0259 \u015f\u0259h\u0259rind\u0259 v\u0259 A\u011fdam rayonunda olduqlar\u0131n\u0131 xat\u0131rlad\u0131b. O deyib ki, fransal\u0131 parlamentaril\u0259rin \u00f6lk\u0259miz\u0259 m\u00fcnasib\u0259td\u0259 obyektiv olmas\u0131 v\u0259 real faktlara istinad etm\u0259si bax\u0131m\u0131ndan bel\u0259 s\u0259f\u0259rl\u0259r vacib rol oynay\u0131r.<\/p>\n<p>G\u00f6r\u00fc\u015fd\u0259 Milli M\u0259clisin s\u0259dri Avropa Parlamentinin 10 mart 2022-ci il tarixli q\u0259r\u0259zli q\u0259tnam\u0259sin\u0259 d\u0259 toxunaraq, vur\u011fulay\u0131b ki, bu q\u0259tnam\u0259 tamamil\u0259 Erm\u0259nistan\u0131n v\u0259 Avropa Parlamentind\u0259ki erm\u0259ni lobbisinin b\u0259sl\u0259diyi yalan m\u0259lumatlara \u0259saslan\u0131r, Az\u0259rbaycan torpaqlar\u0131n\u0131n 30 illik i\u015f\u011fal\u0131ndan ir\u0259li g\u0259l\u0259n reall\u0131qlar\u0131 t\u0259hrif edir. Spiker deyib ki, Avropa Parlamentinin bu q\u0259tnam\u0259si A\u0130 r\u0259hb\u0259rliyinin C\u0259nubi Qafqazda s\u00fclh\u00fcn, sabitliyin v\u0259 t\u0259hl\u00fck\u0259sizliyin qorunmas\u0131 istiqam\u0259tind\u0259 son vaxtlar g\u00f6st\u0259rdiyi s\u0259yl\u0259r\u0259 d\u0259 tamamil\u0259 ziddir.<\/p>\n<p>S\u00f6hb\u0259t zaman\u0131 spiker Az\u0259rbaycan\u0131n 2020-ci ild\u0259 44 g\u00fcnl\u00fck V\u0259t\u0259n m\u00fcharib\u0259sind\u0259 \u0259ld\u0259 etdiyi b\u00f6y\u00fck Q\u0259l\u0259b\u0259 haqq\u0131nda m\u0259lumat verib.<\/p>\n<p>S\u0259fir Zakari Qros \u00f6lk\u0259sinin Az\u0259rbaycanla m\u00fcnasib\u0259tl\u0259rin inki\u015faf\u0131na b\u00f6y\u00fck \u00f6n\u0259m verdiyini deyib. S\u0259fir iki \u00f6lk\u0259 aras\u0131ndak\u0131 dialoq v\u0259 m\u00fcnasib\u0259tl\u0259r\u0259 toxunub, iqtisadi, humanitar v\u0259 t\u0259hsil sah\u0259l\u0259rind\u0259 \u0259m\u0259kda\u015fl\u0131\u011f\u0131 qeyd edib.<\/p>\n<p>Regionda s\u00fclh v\u0259 t\u0259hl\u00fck\u0259sizliyin t\u0259min olunmas\u0131ndan dan\u0131\u015fan s\u0259fir Z.Qros n\u0259qliyyat v\u0259 kommunikasiya layih\u0259l\u0259ri, \u201c\u015e\u0259rq-Q\u0259rb\u201d n\u0259qliyyat d\u0259hlizinin \u0259h\u0259miyy\u0259tind\u0259n dan\u0131\u015f\u0131b.<\/p>\n<p>G\u00f6r\u00fc\u015fd\u0259 t\u0259r\u0259fl\u0259ri maraqland\u0131ran dig\u0259r m\u0259s\u0259l\u0259l\u0259r bar\u0259sind\u0259 d\u0259 fikir m\u00fcbadil\u0259si apar\u0131l\u0131b.<\/p>\n","protected":false},"excerpt":{"rendered":"<p>Bu g\u00fcn Milli M\u0259clisin s\u0259dri Sahib\u0259 Qafarova Fransan\u0131n \u00f6lk\u0259mizd\u0259ki s\u0259firi Zakari Qrosla g\u00f6r\u00fc\u015f\u00fcb. Milli M\u0259clisin M\u0259tbuat v\u0259 ictimaiyy\u0259tl\u0259 \u0259laq\u0259l\u0259r \u015f\u00f6b\u0259sind\u0259n veril\u0259n x\u0259b\u0259r\u0259 g\u00f6r\u0259, spiker bu il \u00f6lk\u0259l\u0259rimiz aras\u0131nda diplomatik m\u00fcnasib\u0259tl\u0259rin qurulmas\u0131n\u0131n 30-cu ild\u00f6n\u00fcm\u00fcn\u00fcn tamam oldu\u011funu bildir\u0259r\u0259k, ikit\u0259r\u0259fli m\u00fcnasib\u0259tl\u0259rin inki\u015faf\u0131nda y\u00fcks\u0259k s\u0259viyy\u0259li s\u0259f\u0259rl\u0259r v\u0259 g\u00f6r\u00fc\u015fl\u0259rin x\u00fcsusi rolunu qeyd edib. Milli M\u0259clisin s\u0259dri haz\u0131rda Az\u0259rbaycan v\u0259 Fransa aras\u0131nda siyasi, iqtisadi, humanitar v\u0259 dig\u0259r sah\u0259l\u0259rd\u0259 m\u00fcnasib\u0259tl\u0259rin m\u00f6vcud oldu\u011funu deyib. Spiker ikit\u0259r\u0259fli m\u00fcnasib\u0259tl\u0259rin inki\u015faf\u0131nda parlamentl\u0259raras\u0131 \u0259laq\u0259l\u0259rin \u0259h\u0259miyy\u0259tind\u0259n dan\u0131\u015f\u0131b. Sahib\u0259 Qafarova 2020-ci v\u0259 2021-ci ill\u0259rd\u0259 Fransadan olan parlament n\u00fcmay\u0259nd\u0259 hey\u0259tl\u0259rinin \u00f6lk\u0259miz\u0259 s\u0259f\u0259rl\u0259r etdikl\u0259rini, bu s\u0259f\u0259rl\u0259r&hellip;<\/p>\n","protected":false},"author":2,"featured_media":452383,"comment_status":"closed","ping_status":"closed","sticky":false,"template":"","format":"standard","meta":{"om_disable_all_campaigns":false,"_monsterinsights_skip_tracking":false,"_monsterinsights_sitenote_active":false,"_monsterinsights_sitenote_note":"","_monsterinsights_sitenote_category":0},"categories":[4],"tags":[],"aioseo_notices":[],"gutentor_comment":0,"rttpg_featured_image_url":{"full":["https:\/\/arantv.az\/wp-content\/uploads\/2022\/03\/FotoJet-1-11.jpg",620,413,false],"landscape":["https:\/\/arantv.az\/wp-content\/uploads\/2022\/03\/FotoJet-1-11.jpg",620,413,false],"portraits":["https:\/\/arantv.az\/wp-content\/uploads\/2022\/03\/FotoJet-1-11.jpg",620,413,false],"thumbnail":["https:\/\/arantv.az\/wp-content\/uploads\/2022\/03\/FotoJet-1-11-500x280.jpg",500,280,true],"medium":["https:\/\/arantv.az\/wp-content\/uploads\/2022\/03\/FotoJet-1-11-548x365.jpg",548,365,true],"large":["https:\/\/arantv.az\/wp-content\/uploads\/2022\/03\/FotoJet-1-11.jpg",620,413,false],"1536x1536":["https:\/\/arantv.az\/wp-content\/uploads\/2022\/03\/FotoJet-1-11.jpg",620,413,false],"2048x2048":["https:\/\/arantv.az\/wp-content\/uploads\/2022\/03\/FotoJet-1-11.jpg",620,413,false],"post-thumbnail":["https:\/\/arantv.az\/wp-content\/uploads\/2022\/03\/FotoJet-1-11-240x172.jpg",240,172,true],"advps-thumb-one":["https:\/\/arantv.az\/wp-content\/uploads\/2022\/03\/FotoJet-1-11.jpg",620,413,false]},"rttpg_author":{"display_name":"V\u00fcsal Rafiqo\u011flu","author_link":"https:\/\/arantv.az\/?author=2"},"rttpg_comment":0,"rttpg_category":"<a href=\"https:\/\/arantv.az\/?cat=4\" rel=\"category\">Siyas\u0259t<\/a>","rttpg_excerpt":"Bu g\u00fcn Milli M\u0259clisin s\u0259dri Sahib\u0259 Qafarova Fransan\u0131n \u00f6lk\u0259mizd\u0259ki s\u0259firi Zakari Qrosla g\u00f6r\u00fc\u015f\u00fcb. Milli M\u0259clisin M\u0259tbuat v\u0259 ictimaiyy\u0259tl\u0259 \u0259laq\u0259l\u0259r \u015f\u00f6b\u0259sind\u0259n veril\u0259n x\u0259b\u0259r\u0259 g\u00f6r\u0259, spiker bu il \u00f6lk\u0259l\u0259rimiz aras\u0131nda diplomatik m\u00fcnasib\u0259tl\u0259rin qurulmas\u0131n\u0131n 30-cu ild\u00f6n\u00fcm\u00fcn\u00fcn tamam oldu\u011funu bildir\u0259r\u0259k, ikit\u0259r\u0259fli m\u00fcnasib\u0259tl\u0259rin inki\u015faf\u0131nda y\u00fcks\u0259k s\u0259viyy\u0259li s\u0259f\u0259rl\u0259r v\u0259 g\u00f6r\u00fc\u015fl\u0259rin x\u00fcsusi rolunu qeyd edib. Milli M\u0259clisin s\u0259dri haz\u0131rda Az\u0259rbaycan v\u0259 Fransa&hellip;","_links":{"self":[{"href":"https:\/\/arantv.az\/index.php?rest_route=\/wp\/v2\/posts\/452382"}],"collection":[{"href":"https:\/\/arantv.az\/index.php?rest_route=\/wp\/v2\/posts"}],"about":[{"href":"https:\/\/arantv.az\/index.php?rest_route=\/wp\/v2\/types\/post"}],"author":[{"embeddable":true,"href":"https:\/\/arantv.az\/index.php?rest_route=\/wp\/v2\/users\/2"}],"replies":[{"embeddable":true,"href":"https:\/\/arantv.az\/index.php?rest_route=%2Fwp%2Fv2%2Fcomments&post=452382"}],"version-history":[{"count":0,"href":"https:\/\/arantv.az\/index.php?rest_route=\/wp\/v2\/posts\/452382\/revisions"}],"wp:featuredmedia":[{"embeddable":true,"href":"https:\/\/arantv.az\/index.php?rest_route=\/wp\/v2\/media\/452383"}],"wp:attachment":[{"href":"https:\/\/arantv.az\/index.php?rest_route=%2Fwp%2Fv2%2Fmedia&parent=452382"}],"wp:term":[{"taxonomy":"category","embeddable":true,"href":"https:\/\/arantv.az\/index.php?rest_route=%2Fwp%2Fv2%2Fcategories&post=452382"},{"taxonomy":"post_tag","embeddable":true,"href":"https:\/\/arantv.az\/index.php?rest_route=%2Fwp%2Fv2%2Ftags&post=452382"}],"curies":[{"name":"wp","href":"https:\/\/api.w.org\/{rel}","templated":true}]}}