{"id":452386,"date":"2022-03-16T18:07:31","date_gmt":"2022-03-16T15:07:31","guid":{"rendered":"http:\/\/arantv.az\/?p=452386"},"modified":"2022-03-16T18:07:31","modified_gmt":"2022-03-16T15:07:31","slug":"qubada-narkotikin-t%c9%99siri-altinda-olan-taksi-surucusu-saxlanilib-foto","status":"publish","type":"post","link":"https:\/\/arantv.az\/?p=452386","title":{"rendered":"Qubada narkotikin t\u0259siri alt\u0131nda olan taksi s\u00fcr\u00fcc\u00fcs\u00fc saxlan\u0131l\u0131b &#8211; FOTO"},"content":{"rendered":"<p>Quba\u00a0Rayon Polis \u015e\u00f6b\u0259sinin D\u00f6vl\u0259t Yol Polisi B\u00f6lm\u0259sinin \u0259m\u0259kda\u015flar\u0131\u00a0rayon \u0259razisind\u0259 narkotik vasit\u0259l\u0259rin t\u0259siri alt\u0131nda taksi s\u00fcr\u00fcc\u00fcl\u00fcy\u00fc ed\u0259n \u015f\u0259xsi saxlay\u0131blar.<\/p>\n<p>Bu bar\u0259d\u0259\u00a0Daxili \u0130\u015fl\u0259r Nazirliyinin\u00a0M\u0259tbuat Xidm\u0259tinin Quba regional qrupundan m\u0259lumat verilib.<\/p>\n<div class=\"AdviadNativeVideo\"><\/div>\n<p>Quba rayon sakini R\u00f6v\u015f\u0259n Qas\u0131mb\u0259yovun idar\u0259 etdiyi VAZ-2106 markal\u0131 avtomobil\u00a0Quba rayonu \u0259razisind\u0259 n\u0259zar\u0259t-yoxlama qaydas\u0131nda saxlan\u0131l\u0131b. H\u0259min s\u00fcr\u00fcc\u00fcn\u00fcn narkotik vasit\u0259nin t\u0259siri alt\u0131nda olmas\u0131na dair \u0259sasl\u0131 \u015f\u00fcbh\u0259l\u0259r yaran\u0131b.<\/p>\n<p>R.Qas\u0131mb\u0259yov RP\u015e-y\u0259 g\u0259tiril\u0259r\u0259k h\u0259kim m\u00fcayin\u0259sind\u0259n ke\u00e7irilib v\u0259 narkotik vasit\u0259nin t\u0259siri alt\u0131nda oldu\u011fu t\u0259sbit edilib.<\/p>\n<p>Quba rayon M\u0259hk\u0259m\u0259sinin q\u0259rar\u0131 il\u0259 h\u0259min \u015f\u0259xs 15 g\u00fcn m\u00fcdd\u0259tin\u0259 inzibati qaydada h\u0259bs edilib.<\/p>\n<p>&nbsp;<\/p>\n<div class=\"gallery\">\n<div class=\"gallery-i\"><img src=\"https:\/\/cdn.oxu.az\/uploads\/W1siZiIsIjIwMjIvMDMvMTYvMTEvNTUvNTUvNmI3MmJlNjMtMjcxOS00OGQ5LWFmMDUtZWUxMTZmYTEzMjhjL1doYXRzQXBwIEltYWdlIDIwMjItMDMtMTYgYXQgMTEuNTMuNDYgKDEpLmpwZWciXSxbInAiLCJlbmNvZGUiLCJqcGciLCItcXVhbGl0eSA4MCJdLFsicCIsInRodW1iIiwiNTkweDU5MFx1MDAzZSJdXQ?sha=4d99862d43269e9b\" alt=\"\" \/><\/div>\n<\/div>\n","protected":false},"excerpt":{"rendered":"<p>Quba\u00a0Rayon Polis \u015e\u00f6b\u0259sinin D\u00f6vl\u0259t Yol Polisi B\u00f6lm\u0259sinin \u0259m\u0259kda\u015flar\u0131\u00a0rayon \u0259razisind\u0259 narkotik vasit\u0259l\u0259rin t\u0259siri alt\u0131nda taksi s\u00fcr\u00fcc\u00fcl\u00fcy\u00fc ed\u0259n \u015f\u0259xsi saxlay\u0131blar. Bu bar\u0259d\u0259\u00a0Daxili \u0130\u015fl\u0259r Nazirliyinin\u00a0M\u0259tbuat Xidm\u0259tinin Quba regional qrupundan m\u0259lumat verilib. Quba rayon sakini R\u00f6v\u015f\u0259n Qas\u0131mb\u0259yovun idar\u0259 etdiyi VAZ-2106 markal\u0131 avtomobil\u00a0Quba rayonu \u0259razisind\u0259 n\u0259zar\u0259t-yoxlama qaydas\u0131nda saxlan\u0131l\u0131b. H\u0259min s\u00fcr\u00fcc\u00fcn\u00fcn narkotik vasit\u0259nin t\u0259siri alt\u0131nda olmas\u0131na dair \u0259sasl\u0131 \u015f\u00fcbh\u0259l\u0259r yaran\u0131b. R.Qas\u0131mb\u0259yov RP\u015e-y\u0259 g\u0259tiril\u0259r\u0259k h\u0259kim m\u00fcayin\u0259sind\u0259n ke\u00e7irilib v\u0259 narkotik vasit\u0259nin t\u0259siri alt\u0131nda oldu\u011fu t\u0259sbit edilib. Quba rayon M\u0259hk\u0259m\u0259sinin q\u0259rar\u0131 il\u0259 h\u0259min \u015f\u0259xs 15 g\u00fcn m\u00fcdd\u0259tin\u0259 inzibati qaydada h\u0259bs edilib. &nbsp;<\/p>\n","protected":false},"author":2,"featured_media":452387,"comment_status":"closed","ping_status":"closed","sticky":false,"template":"","format":"standard","meta":{"om_disable_all_campaigns":false,"_monsterinsights_skip_tracking":false,"_monsterinsights_sitenote_active":false,"_monsterinsights_sitenote_note":"","_monsterinsights_sitenote_category":0},"categories":[5],"tags":[],"aioseo_notices":[],"gutentor_comment":0,"rttpg_featured_image_url":{"full":["https:\/\/arantv.az\/wp-content\/uploads\/2022\/03\/FotoJet-2-7.jpg",620,413,false],"landscape":["https:\/\/arantv.az\/wp-content\/uploads\/2022\/03\/FotoJet-2-7.jpg",620,413,false],"portraits":["https:\/\/arantv.az\/wp-content\/uploads\/2022\/03\/FotoJet-2-7.jpg",620,413,false],"thumbnail":["https:\/\/arantv.az\/wp-content\/uploads\/2022\/03\/FotoJet-2-7-500x280.jpg",500,280,true],"medium":["https:\/\/arantv.az\/wp-content\/uploads\/2022\/03\/FotoJet-2-7-548x365.jpg",548,365,true],"large":["https:\/\/arantv.az\/wp-content\/uploads\/2022\/03\/FotoJet-2-7.jpg",620,413,false],"1536x1536":["https:\/\/arantv.az\/wp-content\/uploads\/2022\/03\/FotoJet-2-7.jpg",620,413,false],"2048x2048":["https:\/\/arantv.az\/wp-content\/uploads\/2022\/03\/FotoJet-2-7.jpg",620,413,false],"post-thumbnail":["https:\/\/arantv.az\/wp-content\/uploads\/2022\/03\/FotoJet-2-7-240x172.jpg",240,172,true],"advps-thumb-one":["https:\/\/arantv.az\/wp-content\/uploads\/2022\/03\/FotoJet-2-7.jpg",620,413,false]},"rttpg_author":{"display_name":"V\u00fcsal Rafiqo\u011flu","author_link":"https:\/\/arantv.az\/?author=2"},"rttpg_comment":0,"rttpg_category":"<a href=\"https:\/\/arantv.az\/?cat=5\" rel=\"category\">Hadis\u0259<\/a>","rttpg_excerpt":"Quba\u00a0Rayon Polis \u015e\u00f6b\u0259sinin D\u00f6vl\u0259t Yol Polisi B\u00f6lm\u0259sinin \u0259m\u0259kda\u015flar\u0131\u00a0rayon \u0259razisind\u0259 narkotik vasit\u0259l\u0259rin t\u0259siri alt\u0131nda taksi s\u00fcr\u00fcc\u00fcl\u00fcy\u00fc ed\u0259n \u015f\u0259xsi saxlay\u0131blar. Bu bar\u0259d\u0259\u00a0Daxili \u0130\u015fl\u0259r Nazirliyinin\u00a0M\u0259tbuat Xidm\u0259tinin Quba regional qrupundan m\u0259lumat verilib. Quba rayon sakini R\u00f6v\u015f\u0259n Qas\u0131mb\u0259yovun idar\u0259 etdiyi VAZ-2106 markal\u0131 avtomobil\u00a0Quba rayonu \u0259razisind\u0259 n\u0259zar\u0259t-yoxlama qaydas\u0131nda saxlan\u0131l\u0131b. H\u0259min s\u00fcr\u00fcc\u00fcn\u00fcn narkotik vasit\u0259nin t\u0259siri alt\u0131nda olmas\u0131na dair \u0259sasl\u0131 \u015f\u00fcbh\u0259l\u0259r yaran\u0131b. R.Qas\u0131mb\u0259yov&hellip;","_links":{"self":[{"href":"https:\/\/arantv.az\/index.php?rest_route=\/wp\/v2\/posts\/452386"}],"collection":[{"href":"https:\/\/arantv.az\/index.php?rest_route=\/wp\/v2\/posts"}],"about":[{"href":"https:\/\/arantv.az\/index.php?rest_route=\/wp\/v2\/types\/post"}],"author":[{"embeddable":true,"href":"https:\/\/arantv.az\/index.php?rest_route=\/wp\/v2\/users\/2"}],"replies":[{"embeddable":true,"href":"https:\/\/arantv.az\/index.php?rest_route=%2Fwp%2Fv2%2Fcomments&post=452386"}],"version-history":[{"count":0,"href":"https:\/\/arantv.az\/index.php?rest_route=\/wp\/v2\/posts\/452386\/revisions"}],"wp:featuredmedia":[{"embeddable":true,"href":"https:\/\/arantv.az\/index.php?rest_route=\/wp\/v2\/media\/452387"}],"wp:attachment":[{"href":"https:\/\/arantv.az\/index.php?rest_route=%2Fwp%2Fv2%2Fmedia&parent=452386"}],"wp:term":[{"taxonomy":"category","embeddable":true,"href":"https:\/\/arantv.az\/index.php?rest_route=%2Fwp%2Fv2%2Fcategories&post=452386"},{"taxonomy":"post_tag","embeddable":true,"href":"https:\/\/arantv.az\/index.php?rest_route=%2Fwp%2Fv2%2Ftags&post=452386"}],"curies":[{"name":"wp","href":"https:\/\/api.w.org\/{rel}","templated":true}]}}