{"id":45316,"date":"2019-03-14T09:54:16","date_gmt":"2019-03-14T06:54:16","guid":{"rendered":"http:\/\/arantv.az\/?p=45316"},"modified":"2019-03-14T09:54:16","modified_gmt":"2019-03-14T06:54:16","slug":"milli-m%c9%99clisin-insan-huquqlari-komit%c9%99sinin-iclasi-kecirilib","status":"publish","type":"post","link":"https:\/\/arantv.az\/?p=45316","title":{"rendered":"Milli M\u0259clisin insan h\u00fcquqlar\u0131 komit\u0259sinin iclas\u0131 ke\u00e7irilib"},"content":{"rendered":"<p>Mart\u0131n 13-d\u0259 Milli M\u0259clisin insan h\u00fcquqlar\u0131 komit\u0259sinin iclas\u0131 ke\u00e7irilib.<\/p>\n<p>Milli M\u0259clis s\u0259drinin m\u00fcavini, insan h\u00fcquqlar\u0131 komit\u0259sinin s\u0259dri Bahar Muradova Az\u0259rbaycan\u0131n son ill\u0259r dinamik inki\u015faf yolunda oldu\u011funu deyib. H\u0259yata ke\u00e7iril\u0259n islahatlar\u0131n insanlar\u0131n sosial v\u0259ziyy\u0259tinin daha da yax\u015f\u0131la\u015fd\u0131r\u0131lmas\u0131na y\u00f6n\u0259ldildiyini bildir\u0259n Bahar Muradova qeyd edib ki, Az\u0259rbaycan\u0131n h\u0259rt\u0259r\u0259fli inki\u015faf\u0131 n\u0259z\u0259rd\u0259 tutulan \u0259sas m\u0259qs\u0259ddir. Bu m\u0259qs\u0259d d\u0259 v\u0259t\u0259nda\u015flar\u0131n daha yax\u015f\u0131 ya\u015famas\u0131na, onlar\u0131n t\u0259hl\u00fck\u0259sizliyinin t\u0259min olunmas\u0131na istiqam\u0259tl\u0259nib.<\/p>\n<p>Sonra g\u00fcnd\u0259likd\u0259ki m\u0259s\u0259l\u0259l\u0259r\u0259 bax\u0131l\u0131b.<\/p>\n<p>G\u00fcnd\u0259likd\u0259 d\u00f6rd m\u0259s\u0259l\u0259nin oldu\u011funu qeyd ed\u0259n Milli M\u0259clis s\u0259drinin m\u00fcavini, komit\u0259 s\u0259dri Bahar Muradova bildirib ki, t\u0259qdim olunan qanun layih\u0259l\u0259ri qanunvericiliyin uy\u011funla\u015fd\u0131r\u0131lmas\u0131 xarakteri da\u015f\u0131y\u0131r. Onlardan bir qismi 2018-ci ild\u0259 q\u0259bul olunmu\u015f \u201c\u018ftraf m\u00fchit\u0259 t\u0259sirin qiym\u0259tl\u0259ndirilm\u0259si haqq\u0131nda\u201d Qanunun icras\u0131 m\u0259qs\u0259dil\u0259 haz\u0131rlan\u0131b. \u018fMTQ-nin \u0259sas m\u0259qs\u0259di bu qanunun \u018flav\u0259sind\u0259 g\u00f6st\u0259ril\u0259n f\u0259aliyy\u0259tin h\u0259yata ke\u00e7irilm\u0259si zaman\u0131 \u0259traf m\u00fchit\u0259 v\u0259 insan sa\u011flaml\u0131\u011f\u0131na m\u00fcmk\u00fcn m\u0259nfi t\u0259sirl\u0259rin a\u015fkarlanmas\u0131, onlar\u0131n aradan qald\u0131r\u0131lmas\u0131 v\u0259 ya azald\u0131lmas\u0131 \u00fc\u00e7\u00fcn t\u0259dbirl\u0259rin h\u0259yata ke\u00e7irilm\u0259sidir.<\/p>\n<p>\u0130clasda g\u00fcnd\u0259likd\u0259ki iki m\u0259s\u0259l\u0259ni \u015f\u0259rh ed\u0259n Milli M\u0259clis Aparat\u0131n\u0131n iqtisadi qanunvericilik \u015f\u00f6b\u0259sinin m\u00fcdiri M\u0259h\u0259mm\u0259d Baz\u0131qov bildirib ki, \u201cEkoloji t\u0259hl\u00fck\u0259sizlik haqq\u0131nda\u201d, \u201cSu t\u0259chizat\u0131 v\u0259 tullant\u0131 sular\u0131 haqq\u0131nda\u201d, \u201cAvtomobil yollar\u0131 haqq\u0131nda\u201d, \u201c\u018ftraf m\u00fchit\u0259 dair informasiya almaq haqq\u0131nda\u201d, \u201cAviasiya haqq\u0131nda\u201d v\u0259 \u201c\u0130nformasiya \u0259ld\u0259 etm\u0259k haqq\u0131nda\u201d qanunlarda d\u0259yi\u015fiklik edilm\u0259si bar\u0259d\u0259\u201d qanun layih\u0259si (birinci oxunu\u015f) \u201c\u018ftraf m\u00fchit\u0259 t\u0259sirin qiym\u0259tl\u0259ndirilm\u0259si haqq\u0131nda\u201d Qanunun icras\u0131 il\u0259 \u0259laq\u0259dard\u0131r. Bu qanunlara edil\u0259n d\u0259yi\u015fiklik ad\u0131 \u00e7\u0259kil\u0259n sah\u0259l\u0259r\u0259 dair strateji ekoloji qiym\u0259tl\u0259ndirm\u0259 (SEQ) s\u0259n\u0259dinin haz\u0131rlanmas\u0131n\u0131 v\u0259 h\u0259min s\u0259n\u0259din d\u00f6vl\u0259t ekoloji ekspertizas\u0131n\u0131n ke\u00e7irilm\u0259sini d\u0259 n\u0259z\u0259rd\u0259 tutur.<\/p>\n<p>M\u0259lumat verilib ki, \u201cKommersiya sirri haqq\u0131nda\u201d, \u201cBanklar haqq\u0131nda\u201d, \u201cM\u00fchasibat u\u00e7otu haqq\u0131nda\u201d, \u201c\u0130ctimai televiziya v\u0259 radio yay\u0131m\u0131 haqq\u0131nda\u201d, \u201cAz\u0259rbaycan Respublikas\u0131n\u0131n M\u0259rk\u0259zi Bank\u0131 haqq\u0131nda\u201d, \u201cQiym\u0259tli metallar v\u0259 qiym\u0259tli da\u015flar haqq\u0131nda\u201d, \u201c\u0130nformasiya \u0259ld\u0259 etm\u0259k haqq\u0131nda\u201d, \u201cDaxili audit haqq\u0131nda\u201d v\u0259 \u201cAuditorun pe\u015f\u0259 m\u0259suliyy\u0259tinin icbari s\u0131\u011fortas\u0131 haqq\u0131nda\u201d qanunlarda d\u0259yi\u015fiklik edilm\u0259si bar\u0259d\u0259\u201d qanun layih\u0259si is\u0259 \u201cM\u00fchasibat u\u00e7otu haqq\u0131nda\u201d qanunda d\u0259yi\u015fiklik edilm\u0259si bar\u0259d\u0259\u201d 2018-ci il 4 may tarixli Qanunun icras\u0131 m\u0259qs\u0259dil\u0259 haz\u0131rlan\u0131b. H\u0259min Qanunla m\u00fchasibat u\u00e7otu sah\u0259sind\u0259 bir s\u0131ra islahat xarakterli t\u0259dbirl\u0259r h\u0259yata ke\u00e7irilib.<\/p>\n<p>Komit\u0259nin g\u00fcnd\u0259liyind\u0259ki n\u00f6vb\u0259ti iki m\u0259s\u0259l\u0259ni Milli M\u0259clis Aparat\u0131n\u0131n sosial qanunvericilik \u015f\u00f6b\u0259sinin sektor m\u00fcdiri Adil V\u0259liyev t\u0259qdim edib. Diqq\u0259t\u0259 \u00e7atd\u0131r\u0131l\u0131b ki, \u201cM\u0259cburi k\u00f6\u00e7k\u00fcnl\u0259rin v\u0259 onlara b\u0259rab\u0259r tutulan \u015f\u0259xsl\u0259rin sosial m\u00fcdafi\u0259si haqq\u0131nda\u201d, \u201cD\u00f6vl\u0259t r\u00fcsumu haqq\u0131nda\u201d v\u0259 \u201cAz\u0259rbaycan Respublikas\u0131nda d\u00f6vl\u0259t dili haqq\u0131nda\u201d qanunlarda d\u0259yi\u015fiklik edilm\u0259si m\u0259s\u0259l\u0259si (birinci oxunu\u015f) \u201cT\u0259hsil haqq\u0131nda\u201d Qanunda 2018-ci il 12 iyun tarixd\u0259 edilmi\u015f d\u0259yi\u015fiklikl\u0259rl\u0259 \u0259laq\u0259dard\u0131r.<\/p>\n<p>Bildirilib ki, \u201c\u015e\u0259hid ad\u0131n\u0131n \u0259b\u0259dil\u0259\u015fdirilm\u0259si v\u0259 \u015f\u0259hid ail\u0259l\u0259rin\u0259 edil\u0259n g\u00fcz\u0259\u015ftl\u0259r haqq\u0131nda\u201d, \u201c\u00c7ernob\u0131l q\u0259zas\u0131n\u0131n l\u0259\u011fvind\u0259 i\u015ftirak etmi\u015f v\u0259 h\u0259min q\u0259za n\u0259tic\u0259sind\u0259 z\u0259r\u0259r \u00e7\u0259kmi\u015f v\u0259t\u0259nda\u015flar\u0131n statusu v\u0259 sosial m\u00fcdafi\u0259si haqq\u0131nda\u201d, \u201cH\u0259mkarlar ittifaqlar\u0131 haqq\u0131nda\u201d, \u201cD\u00f6vl\u0259t \u0259mlak\u0131n\u0131n \u00f6z\u0259ll\u0259\u015fdirilm\u0259si haqq\u0131nda\u201d, \u201cSa\u011flaml\u0131q imkanlar\u0131 m\u0259hdud \u015f\u0259xsl\u0259rin t\u0259hsili (x\u00fcsusi t\u0259hsili) haqq\u0131nda\u201d, \u201cD\u00f6vl\u0259t r\u00fcsumu haqq\u0131nda\u201d, \u201cM\u00fchasibat u\u00e7otu haqq\u0131nda\u201d, \u201c\u018fdliyy\u0259 orqanlar\u0131nda qulluq ke\u00e7m\u0259 haqq\u0131nda\u201d, \u201cB\u0259d\u0259n t\u0259rbiy\u0259si v\u0259 idman haqq\u0131nda\u201d, \u201cH\u0259rbi v\u0259zif\u0259 v\u0259 h\u0259rbi xidm\u0259t haqq\u0131nda\u201d, \u201cLisenziyalar v\u0259 icaz\u0259l\u0259r haqq\u0131nda\u201d v\u0259 \u201c\u018flilliyi olan \u015f\u0259xsl\u0259rin h\u00fcquqlar\u0131 haqq\u0131nda\u201d qanunlarda d\u0259yi\u015fiklik edilm\u0259si is\u0259 bu qanunverici aktlar\u0131n 2018-ci il 24 aprel tarixd\u0259 q\u0259bul edilmi\u015f \u201cPe\u015f\u0259 t\u0259hsili haqq\u0131nda\u201d Qanuna uy\u011funla\u015fd\u0131r\u0131lmas\u0131 z\u0259rur\u0259tind\u0259n ir\u0259li g\u0259lib. Layih\u0259l\u0259rd\u0259 bir s\u0131ra g\u00fcz\u0259\u015ftl\u0259r n\u0259z\u0259rd\u0259 tutulur. Bel\u0259 ki, yenilikl\u0259r\u0259 g\u00f6r\u0259 d\u00f6vl\u0259t ali, orta ixtisas v\u0259 pe\u015f\u0259 t\u0259hsili m\u00fc\u0259ssis\u0259l\u0259rind\u0259, elmi t\u0259\u015fkilatda \u00f6d\u0259ni\u015fli t\u0259hsil alan \u015f\u0259hid ail\u0259sinin \u00fczvl\u0259ri t\u0259hsil haqq\u0131n\u0131 \u00f6d\u0259m\u0259kd\u0259n azad olunacaq. H\u0259m\u00e7inin d\u00f6vl\u0259t pe\u015f\u0259 t\u0259hsili m\u00fc\u0259ssis\u0259l\u0259rind\u0259 \u00f6d\u0259ni\u015fli \u0259saslarla t\u0259hsil alan \u0259lilliyi olan \u015f\u0259xsl\u0259rin t\u0259hsil haqq\u0131 d\u00f6vl\u0259t b\u00fcdc\u0259sinin v\u0259saiti hesab\u0131na \u00f6d\u0259nil\u0259c\u0259k.<\/p>\n<p>Az\u0259rbaycan d\u00f6vl\u0259tinin humanist siyas\u0259tini \u0259ks etdir\u0259n qanun layih\u0259l\u0259ri il\u0259 ba\u011fl\u0131 iclasda apar\u0131lan m\u00fczakir\u0259l\u0259rd\u0259 deputatlar Hikm\u0259t M\u0259mm\u0259dov, Elman N\u0259sirov, Sona \u018fliyeva, Tahir K\u0259rimli, komit\u0259 s\u0259drinin m\u00fcavini Yevda Abramov m\u00fcsb\u0259t r\u0259yl\u0259rini bildirib, t\u0259klifl\u0259r ir\u0259li s\u00fcr\u00fcbl\u0259r.<\/p>\n<p>Fikir m\u00fcbadil\u0259sinin yekununda bax\u0131lan qanun layih\u0259l\u0259ri plenar iclas\u0131n m\u00fczakir\u0259sin\u0259 t\u00f6vsiy\u0259 olunub.<\/p>\n","protected":false},"excerpt":{"rendered":"<p>Mart\u0131n 13-d\u0259 Milli M\u0259clisin insan h\u00fcquqlar\u0131 komit\u0259sinin iclas\u0131 ke\u00e7irilib. Milli M\u0259clis s\u0259drinin m\u00fcavini, insan h\u00fcquqlar\u0131 komit\u0259sinin s\u0259dri Bahar Muradova Az\u0259rbaycan\u0131n son ill\u0259r dinamik inki\u015faf yolunda oldu\u011funu deyib. H\u0259yata ke\u00e7iril\u0259n islahatlar\u0131n insanlar\u0131n sosial v\u0259ziyy\u0259tinin daha da yax\u015f\u0131la\u015fd\u0131r\u0131lmas\u0131na y\u00f6n\u0259ldildiyini bildir\u0259n Bahar Muradova qeyd edib ki, Az\u0259rbaycan\u0131n h\u0259rt\u0259r\u0259fli inki\u015faf\u0131 n\u0259z\u0259rd\u0259 tutulan \u0259sas m\u0259qs\u0259ddir. Bu m\u0259qs\u0259d d\u0259 v\u0259t\u0259nda\u015flar\u0131n daha yax\u015f\u0131 ya\u015famas\u0131na, onlar\u0131n t\u0259hl\u00fck\u0259sizliyinin t\u0259min olunmas\u0131na istiqam\u0259tl\u0259nib. Sonra g\u00fcnd\u0259likd\u0259ki m\u0259s\u0259l\u0259l\u0259r\u0259 bax\u0131l\u0131b. G\u00fcnd\u0259likd\u0259 d\u00f6rd m\u0259s\u0259l\u0259nin oldu\u011funu qeyd ed\u0259n Milli M\u0259clis s\u0259drinin m\u00fcavini, komit\u0259 s\u0259dri Bahar Muradova bildirib ki, t\u0259qdim olunan qanun layih\u0259l\u0259ri qanunvericiliyin uy\u011funla\u015fd\u0131r\u0131lmas\u0131 xarakteri da\u015f\u0131y\u0131r.&hellip;<\/p>\n","protected":false},"author":2,"featured_media":45317,"comment_status":"closed","ping_status":"closed","sticky":false,"template":"","format":"standard","meta":{"om_disable_all_campaigns":false,"_monsterinsights_skip_tracking":false,"_monsterinsights_sitenote_active":false,"_monsterinsights_sitenote_note":"","_monsterinsights_sitenote_category":0},"categories":[1],"tags":[],"aioseo_notices":[],"gutentor_comment":0,"rttpg_featured_image_url":{"full":["https:\/\/arantv.az\/wp-content\/uploads\/2019\/03\/clas1mfmuj1g7o1uaa3vrbkr11mm.jpg",871,500,false],"landscape":["https:\/\/arantv.az\/wp-content\/uploads\/2019\/03\/clas1mfmuj1g7o1uaa3vrbkr11mm.jpg",871,500,false],"portraits":["https:\/\/arantv.az\/wp-content\/uploads\/2019\/03\/clas1mfmuj1g7o1uaa3vrbkr11mm.jpg",871,500,false],"thumbnail":["https:\/\/arantv.az\/wp-content\/uploads\/2019\/03\/clas1mfmuj1g7o1uaa3vrbkr11mm-150x150.jpg",150,150,true],"medium":["https:\/\/arantv.az\/wp-content\/uploads\/2019\/03\/clas1mfmuj1g7o1uaa3vrbkr11mm-300x172.jpg",300,172,true],"large":["https:\/\/arantv.az\/wp-content\/uploads\/2019\/03\/clas1mfmuj1g7o1uaa3vrbkr11mm.jpg",640,367,false],"1536x1536":["https:\/\/arantv.az\/wp-content\/uploads\/2019\/03\/clas1mfmuj1g7o1uaa3vrbkr11mm.jpg",871,500,false],"2048x2048":["https:\/\/arantv.az\/wp-content\/uploads\/2019\/03\/clas1mfmuj1g7o1uaa3vrbkr11mm.jpg",871,500,false],"post-thumbnail":["https:\/\/arantv.az\/wp-content\/uploads\/2019\/03\/clas1mfmuj1g7o1uaa3vrbkr11mm-240x172.jpg",240,172,true],"advps-thumb-one":["https:\/\/arantv.az\/wp-content\/uploads\/2019\/03\/clas1mfmuj1g7o1uaa3vrbkr11mm.jpg",871,500,false]},"rttpg_author":{"display_name":"V\u00fcsal Rafiqo\u011flu","author_link":"https:\/\/arantv.az\/?author=2"},"rttpg_comment":0,"rttpg_category":"<a href=\"https:\/\/arantv.az\/?cat=1\" rel=\"category\">C\u0259miyy\u0259t<\/a>","rttpg_excerpt":"Mart\u0131n 13-d\u0259 Milli M\u0259clisin insan h\u00fcquqlar\u0131 komit\u0259sinin iclas\u0131 ke\u00e7irilib. Milli M\u0259clis s\u0259drinin m\u00fcavini, insan h\u00fcquqlar\u0131 komit\u0259sinin s\u0259dri Bahar Muradova Az\u0259rbaycan\u0131n son ill\u0259r dinamik inki\u015faf yolunda oldu\u011funu deyib. H\u0259yata ke\u00e7iril\u0259n islahatlar\u0131n insanlar\u0131n sosial v\u0259ziyy\u0259tinin daha da yax\u015f\u0131la\u015fd\u0131r\u0131lmas\u0131na y\u00f6n\u0259ldildiyini bildir\u0259n Bahar Muradova qeyd edib ki, Az\u0259rbaycan\u0131n h\u0259rt\u0259r\u0259fli inki\u015faf\u0131 n\u0259z\u0259rd\u0259 tutulan \u0259sas m\u0259qs\u0259ddir. Bu m\u0259qs\u0259d d\u0259 v\u0259t\u0259nda\u015flar\u0131n daha&hellip;","_links":{"self":[{"href":"https:\/\/arantv.az\/index.php?rest_route=\/wp\/v2\/posts\/45316"}],"collection":[{"href":"https:\/\/arantv.az\/index.php?rest_route=\/wp\/v2\/posts"}],"about":[{"href":"https:\/\/arantv.az\/index.php?rest_route=\/wp\/v2\/types\/post"}],"author":[{"embeddable":true,"href":"https:\/\/arantv.az\/index.php?rest_route=\/wp\/v2\/users\/2"}],"replies":[{"embeddable":true,"href":"https:\/\/arantv.az\/index.php?rest_route=%2Fwp%2Fv2%2Fcomments&post=45316"}],"version-history":[{"count":0,"href":"https:\/\/arantv.az\/index.php?rest_route=\/wp\/v2\/posts\/45316\/revisions"}],"wp:featuredmedia":[{"embeddable":true,"href":"https:\/\/arantv.az\/index.php?rest_route=\/wp\/v2\/media\/45317"}],"wp:attachment":[{"href":"https:\/\/arantv.az\/index.php?rest_route=%2Fwp%2Fv2%2Fmedia&parent=45316"}],"wp:term":[{"taxonomy":"category","embeddable":true,"href":"https:\/\/arantv.az\/index.php?rest_route=%2Fwp%2Fv2%2Fcategories&post=45316"},{"taxonomy":"post_tag","embeddable":true,"href":"https:\/\/arantv.az\/index.php?rest_route=%2Fwp%2Fv2%2Ftags&post=45316"}],"curies":[{"name":"wp","href":"https:\/\/api.w.org\/{rel}","templated":true}]}}