{"id":45319,"date":"2019-03-14T09:55:12","date_gmt":"2019-03-14T06:55:12","guid":{"rendered":"http:\/\/arantv.az\/?p=45319"},"modified":"2019-03-14T09:55:12","modified_gmt":"2019-03-14T06:55:12","slug":"apreld%c9%99-tanap-x%c9%99ttinin-avropaya-t%c9%99bii-qaz-n%c9%99ql-ed%c9%99c%c9%99k-faza-1-hiss%c9%99sind%c9%99-sinaqlara-baslanilacaq","status":"publish","type":"post","link":"https:\/\/arantv.az\/?p=45319","title":{"rendered":"Apreld\u0259 TANAP x\u0259ttinin Avropaya t\u0259bii qaz n\u0259ql ed\u0259c\u0259k \u201cFaza-1\u201d hiss\u0259sind\u0259 s\u0131naqlara ba\u015flan\u0131lacaq"},"content":{"rendered":"<p><strong>ARANTV.AZ<\/strong> x\u0259b\u0259r verir ki, aprel ay\u0131nda Trans-Anadolu Qaz Boru k\u0259m\u0259rinin Avropaya t\u0259bii qaz n\u0259ql ed\u0259c\u0259k hiss\u0259sind\u0259 s\u0131naqlara ba\u015flan\u0131lacaq. Bu bar\u0259d\u0259 TANAP-\u0131n ba\u015f direktoru Saltuk D\u00fczyol deyib. Onun s\u00f6zl\u0259rin\u0259 g\u00f6r\u0259, \u201cLayih\u0259nin Faza-0\u201d hiss\u0259si \u00fczr\u0259 haz\u0131rda T\u00fcrkiy\u0259y\u0259 t\u0259bii qaz n\u0259ql edilir. G\u0259l\u0259n ay is\u0259 Avropaya qaz \u00f6t\u00fcr\u0259c\u0259k Faza-1 hiss\u0259sind\u0259 s\u0131naqlar apar\u0131lacaq. TANAP v\u0259 TAP x\u0259ttl\u0259rinin birl\u0259\u015fdirilm\u0259si, \u201cq\u0131z\u0131l qaynaq\u201d \u00f6t\u0259n ilin noyabr\u0131nda ba\u015f tutsada haz\u0131rda burada boru k\u0259m\u0259rinin, habel\u0259 kompressor v\u0259 \u00f6l\u00e7\u00fc stansiyalar\u0131n\u0131n, sazlama i\u015fl\u0259ri h\u0259yata ke\u00e7irilir. Bu bar\u0259d\u0259 is\u0259 \u201cC\u0259nub Qaz D\u0259hlizi\u201d QSC-nin ba\u015f direktor m\u00fcavini R\u0259\u015fad Mustafayev bildirdi.<\/p>\n<p><em><strong>R\u0259\u015fad Mustafayev &#8211; \u201cC\u0259nub Qaz D\u0259hlizi\u201d QSC-nin ba\u015f direktor m\u00fcavini:<\/strong><\/em><\/p>\n<p><strong>&#8211;<\/strong>\u00a0<em>\u015e\u0259hd\u0259niz \u00fczr\u0259 ilk qaz\u0131n verilm\u0259si 100 faiz\u0259\u00a0 \u00e7atd\u0131r\u0131lsada \u00fcmumi inki\u015faf, y\u0259ni avadanl\u0131q v\u0259 qur\u011fular\u0131n i\u015fl\u0259nm\u0259si \u00fc\u00e7\u00fcn\u00a0 inki\u015faf faizi 92,2 \u00e7at\u0131b. El\u0259c\u0259 d\u0259, C\u0259nub qaz boru k\u0259m\u0259rinin geni\u015fl\u0259ndirilm\u0259si dem\u0259k olar ki, bitm\u0259k \u00fczr\u0259dir 99 faiz. TANAP layih\u0259sind\u0259 \u201cFaza 0\u201d 100 faiz, Faza- 1 \u00fczr\u0259 i\u015fl\u0259r 99,5 faiz\u0259 \u00e7at\u0131b.\u00a0<\/em><\/p>\n<p>Xat\u0131rladaq ki, ke\u00e7\u0259n ilin iyun ay\u0131nda T\u00fcrkiy\u0259nin \u018fski\u015f\u0259h\u0259r \u015f\u0259h\u0259rind\u0259 TANAP qaz k\u0259m\u0259ri istifad\u0259y\u0259 verilib. T\u00fcrkiy\u0259y\u0259 ilk qaz h\u0259cml\u0259rinin n\u0259qli is\u0259 planla\u015fd\u0131r\u0131ld\u0131\u011f\u0131 kimi iyunun 30-da ba\u015flay\u0131b. H\u0259min d\u00f6vrd\u0259n \u00f6t\u0259n m\u00fcdd\u0259td\u0259 TANAP-la \u00fcmumilikd\u0259 1 milyard 250 milyon kubmetr t\u0259bii qaz T\u00fcrkiy\u0259y\u0259 \u00e7atd\u0131r\u0131l\u0131b. Bu ilin sonuna kimi is\u0259 bu h\u0259cmin 4 milyard kubmetr\u0259 \u00e7atd\u0131r\u0131lmas\u0131 planla\u015fd\u0131r\u0131l\u0131b. \u00dcmumilikd\u0259 TANAP-\u0131n ilkin illik \u00f6t\u00fcr\u00fcc\u00fcl\u00fck g\u00fcc\u00fc 16 mlrd. kubmetr t\u0259\u015fkil edir. Bu h\u0259cmin 6 milyard kubmetri T\u00fcrkiy\u0259d\u0259 istifad\u0259 olunacaq, 10 milyard kubmetri is\u0259 TAP x\u0259tti vasit\u0259si il\u0259 Avropaya n\u0259ql edil\u0259c\u0259k. Art\u0131q TAP layih\u0259si \u00fczr\u0259 i\u015fl\u0259rin 85,2 faizi ba\u015fa \u00e7atd\u0131r\u0131l\u0131b.<\/p>\n","protected":false},"excerpt":{"rendered":"<p>ARANTV.AZ x\u0259b\u0259r verir ki, aprel ay\u0131nda Trans-Anadolu Qaz Boru k\u0259m\u0259rinin Avropaya t\u0259bii qaz n\u0259ql ed\u0259c\u0259k hiss\u0259sind\u0259 s\u0131naqlara ba\u015flan\u0131lacaq. Bu bar\u0259d\u0259 TANAP-\u0131n ba\u015f direktoru Saltuk D\u00fczyol deyib. Onun s\u00f6zl\u0259rin\u0259 g\u00f6r\u0259, \u201cLayih\u0259nin Faza-0\u201d hiss\u0259si \u00fczr\u0259 haz\u0131rda T\u00fcrkiy\u0259y\u0259 t\u0259bii qaz n\u0259ql edilir. G\u0259l\u0259n ay is\u0259 Avropaya qaz \u00f6t\u00fcr\u0259c\u0259k Faza-1 hiss\u0259sind\u0259 s\u0131naqlar apar\u0131lacaq. TANAP v\u0259 TAP x\u0259ttl\u0259rinin birl\u0259\u015fdirilm\u0259si, \u201cq\u0131z\u0131l qaynaq\u201d \u00f6t\u0259n ilin noyabr\u0131nda ba\u015f tutsada haz\u0131rda burada boru k\u0259m\u0259rinin, habel\u0259 kompressor v\u0259 \u00f6l\u00e7\u00fc stansiyalar\u0131n\u0131n, sazlama i\u015fl\u0259ri h\u0259yata ke\u00e7irilir. Bu bar\u0259d\u0259 is\u0259 \u201cC\u0259nub Qaz D\u0259hlizi\u201d QSC-nin ba\u015f direktor m\u00fcavini R\u0259\u015fad Mustafayev bildirdi. R\u0259\u015fad Mustafayev &#8211;&hellip;<\/p>\n","protected":false},"author":2,"featured_media":45320,"comment_status":"closed","ping_status":"closed","sticky":false,"template":"","format":"standard","meta":{"om_disable_all_campaigns":false,"_monsterinsights_skip_tracking":false,"_monsterinsights_sitenote_active":false,"_monsterinsights_sitenote_note":"","_monsterinsights_sitenote_category":0},"categories":[19],"tags":[],"aioseo_notices":[],"gutentor_comment":0,"rttpg_featured_image_url":{"full":["https:\/\/arantv.az\/wp-content\/uploads\/2019\/03\/clas1mfmuj1g7o1uaa3vrbkr11qaz.jpg",780,420,false],"landscape":["https:\/\/arantv.az\/wp-content\/uploads\/2019\/03\/clas1mfmuj1g7o1uaa3vrbkr11qaz.jpg",780,420,false],"portraits":["https:\/\/arantv.az\/wp-content\/uploads\/2019\/03\/clas1mfmuj1g7o1uaa3vrbkr11qaz.jpg",780,420,false],"thumbnail":["https:\/\/arantv.az\/wp-content\/uploads\/2019\/03\/clas1mfmuj1g7o1uaa3vrbkr11qaz-150x150.jpg",150,150,true],"medium":["https:\/\/arantv.az\/wp-content\/uploads\/2019\/03\/clas1mfmuj1g7o1uaa3vrbkr11qaz-300x162.jpg",300,162,true],"large":["https:\/\/arantv.az\/wp-content\/uploads\/2019\/03\/clas1mfmuj1g7o1uaa3vrbkr11qaz.jpg",640,345,false],"1536x1536":["https:\/\/arantv.az\/wp-content\/uploads\/2019\/03\/clas1mfmuj1g7o1uaa3vrbkr11qaz.jpg",780,420,false],"2048x2048":["https:\/\/arantv.az\/wp-content\/uploads\/2019\/03\/clas1mfmuj1g7o1uaa3vrbkr11qaz.jpg",780,420,false],"post-thumbnail":["https:\/\/arantv.az\/wp-content\/uploads\/2019\/03\/clas1mfmuj1g7o1uaa3vrbkr11qaz-240x172.jpg",240,172,true],"advps-thumb-one":["https:\/\/arantv.az\/wp-content\/uploads\/2019\/03\/clas1mfmuj1g7o1uaa3vrbkr11qaz.jpg",780,420,false]},"rttpg_author":{"display_name":"V\u00fcsal Rafiqo\u011flu","author_link":"https:\/\/arantv.az\/?author=2"},"rttpg_comment":0,"rttpg_category":"<a href=\"https:\/\/arantv.az\/?cat=19\" rel=\"category\">G\u00fcnd\u0259m<\/a>","rttpg_excerpt":"ARANTV.AZ x\u0259b\u0259r verir ki, aprel ay\u0131nda Trans-Anadolu Qaz Boru k\u0259m\u0259rinin Avropaya t\u0259bii qaz n\u0259ql ed\u0259c\u0259k hiss\u0259sind\u0259 s\u0131naqlara ba\u015flan\u0131lacaq. Bu bar\u0259d\u0259 TANAP-\u0131n ba\u015f direktoru Saltuk D\u00fczyol deyib. Onun s\u00f6zl\u0259rin\u0259 g\u00f6r\u0259, \u201cLayih\u0259nin Faza-0\u201d hiss\u0259si \u00fczr\u0259 haz\u0131rda T\u00fcrkiy\u0259y\u0259 t\u0259bii qaz n\u0259ql edilir. G\u0259l\u0259n ay is\u0259 Avropaya qaz \u00f6t\u00fcr\u0259c\u0259k Faza-1 hiss\u0259sind\u0259 s\u0131naqlar apar\u0131lacaq. TANAP v\u0259 TAP x\u0259ttl\u0259rinin birl\u0259\u015fdirilm\u0259si, \u201cq\u0131z\u0131l&hellip;","_links":{"self":[{"href":"https:\/\/arantv.az\/index.php?rest_route=\/wp\/v2\/posts\/45319"}],"collection":[{"href":"https:\/\/arantv.az\/index.php?rest_route=\/wp\/v2\/posts"}],"about":[{"href":"https:\/\/arantv.az\/index.php?rest_route=\/wp\/v2\/types\/post"}],"author":[{"embeddable":true,"href":"https:\/\/arantv.az\/index.php?rest_route=\/wp\/v2\/users\/2"}],"replies":[{"embeddable":true,"href":"https:\/\/arantv.az\/index.php?rest_route=%2Fwp%2Fv2%2Fcomments&post=45319"}],"version-history":[{"count":0,"href":"https:\/\/arantv.az\/index.php?rest_route=\/wp\/v2\/posts\/45319\/revisions"}],"wp:featuredmedia":[{"embeddable":true,"href":"https:\/\/arantv.az\/index.php?rest_route=\/wp\/v2\/media\/45320"}],"wp:attachment":[{"href":"https:\/\/arantv.az\/index.php?rest_route=%2Fwp%2Fv2%2Fmedia&parent=45319"}],"wp:term":[{"taxonomy":"category","embeddable":true,"href":"https:\/\/arantv.az\/index.php?rest_route=%2Fwp%2Fv2%2Fcategories&post=45319"},{"taxonomy":"post_tag","embeddable":true,"href":"https:\/\/arantv.az\/index.php?rest_route=%2Fwp%2Fv2%2Ftags&post=45319"}],"curies":[{"name":"wp","href":"https:\/\/api.w.org\/{rel}","templated":true}]}}