{"id":45323,"date":"2019-03-14T09:56:09","date_gmt":"2019-03-14T06:56:09","guid":{"rendered":"http:\/\/arantv.az\/?p=45323"},"modified":"2019-03-14T09:56:09","modified_gmt":"2019-03-14T06:56:09","slug":"az%c9%99rbaycan-v%c9%99-vyetnam-arasinda-%c9%99m%c9%99kdasligin-butun-sah%c9%99l%c9%99r-uzr%c9%99-t%c9%99sviqin%c9%99-dair-fikir-mubadil%c9%99si-aparilib","status":"publish","type":"post","link":"https:\/\/arantv.az\/?p=45323","title":{"rendered":"Az\u0259rbaycan v\u0259 Vyetnam aras\u0131nda \u0259m\u0259kda\u015fl\u0131\u011f\u0131n b\u00fct\u00fcn sah\u0259l\u0259r \u00fczr\u0259 t\u0259\u015fviqin\u0259 dair fikir m\u00fcbadil\u0259si apar\u0131l\u0131b"},"content":{"rendered":"<p><strong>ARANTV.AZ<\/strong> x\u0259b\u0259r verir ki, Hanoy \u015f\u0259h\u0259rind\u0259 Az\u0259rbaycan Respublikas\u0131 v\u0259 Vyetnam Sosialist Respublikas\u0131n\u0131n Xarici \u0130\u015fl\u0259r nazirlikl\u0259ri aras\u0131nda siyasi m\u0259sl\u0259h\u0259tl\u0259\u015fm\u0259l\u0259r ke\u00e7irilib.<\/p>\n<p>Xarici \u0130\u015fl\u0259r Nazirliyinin m\u0259tbuat xidm\u0259tind\u0259n\u00a0bildirilib ki, Az\u0259rbaycan n\u00fcmay\u0259nd\u0259 hey\u0259tin\u0259 nazir m\u00fcavini Ramiz H\u0259s\u0259nov, Vyetnam n\u00fcmay\u0259nd\u0259 hey\u0259tin\u0259 is\u0259 xarici i\u015fl\u0259r nazirinin birinci m\u00fcavini Bui Thanh Son r\u0259hb\u0259rlik edibl\u0259r.<\/p>\n<p>Dan\u0131\u015f\u0131qlar zaman\u0131 t\u0259r\u0259fl\u0259r iki \u00f6lk\u0259 aras\u0131nda m\u00fcnasib\u0259tl\u0259rin m\u00f6vcud v\u0259ziyy\u0259tini n\u0259z\u0259rd\u0259n ke\u00e7ir\u0259r\u0259k \u0259m\u0259kda\u015fl\u0131\u011f\u0131n b\u00fct\u00fcn sah\u0259l\u0259r \u00fczr\u0259 t\u0259\u015fviqin\u0259 dair geni\u015f fikir m\u00fcbadil\u0259si apar\u0131blar. M\u00fczakir\u0259l\u0259r \u0259snas\u0131nda, h\u0259m\u00e7inin t\u0259r\u0259fl\u0259r haz\u0131rk\u0131 siyasi m\u0259sl\u0259h\u0259tl\u0259\u015fm\u0259l\u0259rin m\u0259hz Az\u0259rbaycan Respublikas\u0131 diplomatik xidm\u0259t orqanlar\u0131n\u0131n 100 illik yubileyinin ke\u00e7irilm\u0259si \u0259r\u0259f\u0259sind\u0259 t\u0259\u015fkil olunmas\u0131n\u0131n \u0259h\u0259miyy\u0259tini x\u00fcsusi vur\u011fulad\u0131lar.<\/p>\n<p>Vyetnama s\u0259f\u0259ri \u00e7\u0259r\u00e7iv\u0259sind\u0259 nazir m\u00fcavini Ramiz H\u0259s\u0259nov, eyni zamanda, bu \u00f6lk\u0259nin r\u0259smil\u0259ri il\u0259 ikit\u0259r\u0259fli g\u00f6r\u00fc\u015fl\u0259r ke\u00e7irib.<\/p>\n<p>Xarici i\u015fl\u0259r nazirinin m\u00fcavini Az\u0259rbaycan-Vyetnam H\u00f6kum\u0259tl\u0259raras\u0131 Komissiyas\u0131n\u0131n Vyetnam t\u0259r\u0259find\u0259n h\u0259ms\u0259dri, S\u0259naye v\u0259 Ticar\u0259t naziri Tran Tuan Anh il\u0259 g\u00f6r\u00fc\u015f\u00fcb. G\u00f6r\u00fc\u015fd\u0259 t\u0259r\u0259fl\u0259r m\u00fcnasib\u0259tl\u0259rin b\u00fct\u00fcn spektri \u00fczr\u0259 \u0259m\u0259kda\u015fl\u0131\u011f\u0131n m\u00f6vcud v\u0259ziyy\u0259tini m\u00fczakir\u0259 ed\u0259r\u0259k, \u00e7ox\u015fax\u0259li \u0259laq\u0259l\u0259rin geni\u015fl\u0259ndirilm\u0259sin\u0259 dair fikirl\u0259rini b\u00f6l\u00fc\u015f\u00fcbl\u0259r. H\u0259m\u00e7inin t\u0259r\u0259fl\u0259r Az\u0259rbaycan-Vyetnam H\u00f6kum\u0259tl\u0259raras\u0131 Komissiyas\u0131 \u00e7\u0259r\u00e7iv\u0259sind\u0259 son iki g\u00f6r\u00fc\u015fd\u0259 \u0259ld\u0259 olunmu\u015f raz\u0131la\u015fmalar\u0131n h\u0259yata ke\u00e7irilm\u0259si \u00fc\u00e7\u00fcn at\u0131lmas\u0131 z\u0259ruri hesab olunan \u0259m\u0259li add\u0131mlar \u0259traf\u0131nda fikir m\u00fcbadil\u0259si apar\u0131blar.<\/p>\n<p>Xarici i\u015fl\u0259r nazirinin m\u00fcavini Ramiz H\u0259s\u0259novun, h\u0259m\u00e7inin Vyetnam Sosialist Respublikas\u0131 Milli Assambleyas\u0131n\u0131n s\u0259dr m\u00fcavini Uong Chu Luu il\u0259 g\u00f6r\u00fc\u015f\u00fc ke\u00e7irilib. G\u00f6r\u00fc\u015fd\u0259 t\u0259r\u0259fl\u0259r parlamentl\u0259raras\u0131 \u0259m\u0259kda\u015fl\u0131\u011f\u0131n inki\u015faf etdirilm\u0259si yollar\u0131n\u0131, habel\u0259 Dostluq qruplar\u0131 aras\u0131nda m\u00f6vcud \u0259laq\u0259l\u0259rin geni\u015fl\u0259ndirilm\u0259si istiqam\u0259tind\u0259 fikir m\u00fcbadil\u0259si apar\u0131blar.<\/p>\n<p>Az\u0259rbaycan Respublikas\u0131 diplomatik xidm\u0259t orqanlar\u0131n\u0131n 100 illik yubileyi m\u00fcnasib\u0259til\u0259 Hanoy \u015f\u0259h\u0259rind\u0259 \u00f6lk\u0259mizin Vyetnamdak\u0131 s\u0259firliyi v\u0259 Vyetnam Xarici \u0130\u015fl\u0259r Nazirliyinin Diplomatik Akademiyas\u0131n\u0131n birg\u0259 t\u0259\u015fkilat\u00e7\u0131l\u0131\u011f\u0131 il\u0259 \u201cAz\u0259rbaycan v\u0259 Vyetnam diplomatiyas\u0131: paralell\u0259r, inki\u015faf, d\u00f6vl\u0259t quruculu\u011funda rolu\u201d m\u00f6vzusunda konfrans ke\u00e7irilib.<\/p>\n<p>Konfransda Vyetnam Kommunist Partiyas\u0131, Prezidenti Administrasiyas\u0131, Milli Assambleyas\u0131 (Parlament), H\u00f6kum\u0259ti, Vyetnam Xarici \u0130\u015fl\u0259r Nazirliyi, m\u00fcxt\u0259lif d\u00f6vl\u0259t v\u0259 \u00f6z\u0259l qurumlar, Vyetnam-Az\u0259rbaycan Dostluq Assosiasiyas\u0131, Az\u0259rbaycan\u0131n M\u0259d\u0259niyy\u0259ti v\u0259 Tarixi Ara\u015fd\u0131rmalar\u0131 M\u0259rk\u0259zi, ali t\u0259hsil ocaqlar\u0131, beyin m\u0259rk\u0259zl\u0259ri, diplomatik korpus v\u0259 K\u0130V n\u00fcmay\u0259nd\u0259l\u0259ri, Vyetnam Diplomatik Akademiyas\u0131n\u0131n r\u0259hb\u0259rliyi v\u0259 t\u0259l\u0259b\u0259-m\u00fc\u0259llim hey\u0259ti, habel\u0259 Az\u0259rbaycan t\u0259hsil ocaqlar\u0131n\u0131n vyetnaml\u0131 m\u0259zunlar\u0131 i\u015ftirak edibl\u0259r.<\/p>\n","protected":false},"excerpt":{"rendered":"<p>ARANTV.AZ x\u0259b\u0259r verir ki, Hanoy \u015f\u0259h\u0259rind\u0259 Az\u0259rbaycan Respublikas\u0131 v\u0259 Vyetnam Sosialist Respublikas\u0131n\u0131n Xarici \u0130\u015fl\u0259r nazirlikl\u0259ri aras\u0131nda siyasi m\u0259sl\u0259h\u0259tl\u0259\u015fm\u0259l\u0259r ke\u00e7irilib. Xarici \u0130\u015fl\u0259r Nazirliyinin m\u0259tbuat xidm\u0259tind\u0259n\u00a0bildirilib ki, Az\u0259rbaycan n\u00fcmay\u0259nd\u0259 hey\u0259tin\u0259 nazir m\u00fcavini Ramiz H\u0259s\u0259nov, Vyetnam n\u00fcmay\u0259nd\u0259 hey\u0259tin\u0259 is\u0259 xarici i\u015fl\u0259r nazirinin birinci m\u00fcavini Bui Thanh Son r\u0259hb\u0259rlik edibl\u0259r. Dan\u0131\u015f\u0131qlar zaman\u0131 t\u0259r\u0259fl\u0259r iki \u00f6lk\u0259 aras\u0131nda m\u00fcnasib\u0259tl\u0259rin m\u00f6vcud v\u0259ziyy\u0259tini n\u0259z\u0259rd\u0259n ke\u00e7ir\u0259r\u0259k \u0259m\u0259kda\u015fl\u0131\u011f\u0131n b\u00fct\u00fcn sah\u0259l\u0259r \u00fczr\u0259 t\u0259\u015fviqin\u0259 dair geni\u015f fikir m\u00fcbadil\u0259si apar\u0131blar. M\u00fczakir\u0259l\u0259r \u0259snas\u0131nda, h\u0259m\u00e7inin t\u0259r\u0259fl\u0259r haz\u0131rk\u0131 siyasi m\u0259sl\u0259h\u0259tl\u0259\u015fm\u0259l\u0259rin m\u0259hz Az\u0259rbaycan Respublikas\u0131 diplomatik xidm\u0259t orqanlar\u0131n\u0131n 100 illik yubileyinin ke\u00e7irilm\u0259si \u0259r\u0259f\u0259sind\u0259 t\u0259\u015fkil olunmas\u0131n\u0131n \u0259h\u0259miyy\u0259tini x\u00fcsusi vur\u011fulad\u0131lar.&hellip;<\/p>\n","protected":false},"author":2,"featured_media":45325,"comment_status":"closed","ping_status":"closed","sticky":false,"template":"","format":"standard","meta":{"om_disable_all_campaigns":false,"_monsterinsights_skip_tracking":false,"_monsterinsights_sitenote_active":false,"_monsterinsights_sitenote_note":"","_monsterinsights_sitenote_category":0},"categories":[4],"tags":[],"aioseo_notices":[],"gutentor_comment":0,"rttpg_featured_image_url":{"full":["https:\/\/arantv.az\/wp-content\/uploads\/2019\/03\/clas1mfmuj1g7o1uaa3vrbkr11vy.jpg",892,515,false],"landscape":["https:\/\/arantv.az\/wp-content\/uploads\/2019\/03\/clas1mfmuj1g7o1uaa3vrbkr11vy.jpg",892,515,false],"portraits":["https:\/\/arantv.az\/wp-content\/uploads\/2019\/03\/clas1mfmuj1g7o1uaa3vrbkr11vy.jpg",892,515,false],"thumbnail":["https:\/\/arantv.az\/wp-content\/uploads\/2019\/03\/clas1mfmuj1g7o1uaa3vrbkr11vy-150x150.jpg",150,150,true],"medium":["https:\/\/arantv.az\/wp-content\/uploads\/2019\/03\/clas1mfmuj1g7o1uaa3vrbkr11vy-300x173.jpg",300,173,true],"large":["https:\/\/arantv.az\/wp-content\/uploads\/2019\/03\/clas1mfmuj1g7o1uaa3vrbkr11vy.jpg",640,370,false],"1536x1536":["https:\/\/arantv.az\/wp-content\/uploads\/2019\/03\/clas1mfmuj1g7o1uaa3vrbkr11vy.jpg",892,515,false],"2048x2048":["https:\/\/arantv.az\/wp-content\/uploads\/2019\/03\/clas1mfmuj1g7o1uaa3vrbkr11vy.jpg",892,515,false],"post-thumbnail":["https:\/\/arantv.az\/wp-content\/uploads\/2019\/03\/clas1mfmuj1g7o1uaa3vrbkr11vy-240x172.jpg",240,172,true],"advps-thumb-one":["https:\/\/arantv.az\/wp-content\/uploads\/2019\/03\/clas1mfmuj1g7o1uaa3vrbkr11vy.jpg",892,515,false]},"rttpg_author":{"display_name":"V\u00fcsal Rafiqo\u011flu","author_link":"https:\/\/arantv.az\/?author=2"},"rttpg_comment":0,"rttpg_category":"<a href=\"https:\/\/arantv.az\/?cat=4\" rel=\"category\">Siyas\u0259t<\/a>","rttpg_excerpt":"ARANTV.AZ x\u0259b\u0259r verir ki, Hanoy \u015f\u0259h\u0259rind\u0259 Az\u0259rbaycan Respublikas\u0131 v\u0259 Vyetnam Sosialist Respublikas\u0131n\u0131n Xarici \u0130\u015fl\u0259r nazirlikl\u0259ri aras\u0131nda siyasi m\u0259sl\u0259h\u0259tl\u0259\u015fm\u0259l\u0259r ke\u00e7irilib. Xarici \u0130\u015fl\u0259r Nazirliyinin m\u0259tbuat xidm\u0259tind\u0259n\u00a0bildirilib ki, Az\u0259rbaycan n\u00fcmay\u0259nd\u0259 hey\u0259tin\u0259 nazir m\u00fcavini Ramiz H\u0259s\u0259nov, Vyetnam n\u00fcmay\u0259nd\u0259 hey\u0259tin\u0259 is\u0259 xarici i\u015fl\u0259r nazirinin birinci m\u00fcavini Bui Thanh Son r\u0259hb\u0259rlik edibl\u0259r. Dan\u0131\u015f\u0131qlar zaman\u0131 t\u0259r\u0259fl\u0259r iki \u00f6lk\u0259 aras\u0131nda m\u00fcnasib\u0259tl\u0259rin m\u00f6vcud v\u0259ziyy\u0259tini&hellip;","_links":{"self":[{"href":"https:\/\/arantv.az\/index.php?rest_route=\/wp\/v2\/posts\/45323"}],"collection":[{"href":"https:\/\/arantv.az\/index.php?rest_route=\/wp\/v2\/posts"}],"about":[{"href":"https:\/\/arantv.az\/index.php?rest_route=\/wp\/v2\/types\/post"}],"author":[{"embeddable":true,"href":"https:\/\/arantv.az\/index.php?rest_route=\/wp\/v2\/users\/2"}],"replies":[{"embeddable":true,"href":"https:\/\/arantv.az\/index.php?rest_route=%2Fwp%2Fv2%2Fcomments&post=45323"}],"version-history":[{"count":0,"href":"https:\/\/arantv.az\/index.php?rest_route=\/wp\/v2\/posts\/45323\/revisions"}],"wp:featuredmedia":[{"embeddable":true,"href":"https:\/\/arantv.az\/index.php?rest_route=\/wp\/v2\/media\/45325"}],"wp:attachment":[{"href":"https:\/\/arantv.az\/index.php?rest_route=%2Fwp%2Fv2%2Fmedia&parent=45323"}],"wp:term":[{"taxonomy":"category","embeddable":true,"href":"https:\/\/arantv.az\/index.php?rest_route=%2Fwp%2Fv2%2Fcategories&post=45323"},{"taxonomy":"post_tag","embeddable":true,"href":"https:\/\/arantv.az\/index.php?rest_route=%2Fwp%2Fv2%2Ftags&post=45323"}],"curies":[{"name":"wp","href":"https:\/\/api.w.org\/{rel}","templated":true}]}}