{"id":45334,"date":"2019-03-14T10:14:52","date_gmt":"2019-03-14T07:14:52","guid":{"rendered":"http:\/\/arantv.az\/?p=45334"},"modified":"2019-03-14T10:14:52","modified_gmt":"2019-03-14T07:14:52","slug":"agdamda-35-subartezian-quyusunun-qazilmasi-isl%c9%99ri-basa-catib","status":"publish","type":"post","link":"https:\/\/arantv.az\/?p=45334","title":{"rendered":"A\u011fdamda 35 subartezian quyusunun qaz\u0131lmas\u0131 i\u015fl\u0259ri ba\u015fa \u00e7at\u0131b"},"content":{"rendered":"<p><strong>5 noyabr 2018-ci il tarixd\u0259\u00a0<a class=\"kw-link\" title=\"Az\u0259rbaycan x\u0259b\u0259rl\u0259ri\" href=\"https:\/\/metbuat.az\/news\/search?q=az%C9%99rbaycan\" target=\"_blank\" rel=\"noopener\">Az\u0259rbaycan<\/a>\u00a0Respublikas\u0131n\u0131n Prezidenti \u0130lham \u018fliyev \u201c<a class=\"kw-link\" title=\"A\u011fdam x\u0259b\u0259rl\u0259ri\" href=\"https:\/\/metbuat.az\/news\/search?q=a%C4%9Fdam\" target=\"_blank\" rel=\"noopener\">A\u011fdam<\/a>\u00a0rayonunda \u0259kin sah\u0259l\u0259rinin\u00a0<a class=\"kw-link\" title=\"suva x\u0259b\u0259rl\u0259ri\" href=\"https:\/\/metbuat.az\/news\/search?q=suva\" target=\"_blank\" rel=\"noopener\">suva<\/a>rma suyu il\u0259 t\u0259minat\u0131n\u0131n yax\u015f\u0131la\u015fd\u0131r\u0131lmas\u0131na dair \u0259lav\u0259 t\u0259dbirl\u0259r haqq\u0131nda\u201d S\u0259r\u0259ncam imzalay\u0131b. Bu S\u0259r\u0259ncamla Az\u0259rbaycan Meliorasiya v\u0259 Su T\u0259s\u0259rr\u00fcfat\u0131 A\u00e7\u0131q S\u0259hmdar C\u0259miyy\u0259tin\u0259 A\u011fdam rayonunun \u0259halisi 26265 n\u0259f\u0259r olan 20 ya\u015fay\u0131\u015f m\u0259nt\u0259q\u0259sind\u0259 1050 hektar \u0259kin sah\u0259sinin suvarma suyu il\u0259 t\u0259minat\u0131n\u0131n yax\u015f\u0131la\u015fd\u0131r\u0131lmas\u0131 m\u0259qs\u0259dil\u0259 35 subartezian quyusunun layih\u0259l\u0259ndirilm\u0259sinin v\u0259 qaz\u0131lmas\u0131n\u0131n t\u0259min olunmas\u0131 tap\u015f\u0131r\u0131l\u0131b.<br \/>\n<\/strong><\/p>\n<p><strong>ARANTV.AZ<\/strong>-\u0131n m\u0259lumat\u0131na g\u00f6r\u0259, Az\u0259rbaycan Meliorasiya v\u0259 Su T\u0259s\u0259rr\u00fcfat\u0131 A\u00e7\u0131q S\u0259hmdar C\u0259miyy\u0259tinin t\u0259msil\u00e7isi Dilq\u0259m \u015e\u0259rifov bildirib ki, Az\u0259rbaycan Respublikas\u0131 Prezidentinin S\u0259r\u0259ncam\u0131n\u0131n icras\u0131 olaraq S\u0259hmdar C\u0259miyy\u0259ti t\u0259r\u0259find\u0259n 35 \u0259d\u0259d subartezian quyusunun layih\u0259l\u0259ndirilm\u0259si v\u0259 qaz\u0131lmas\u0131 i\u015fl\u0259ri tam ba\u015fa \u00e7atd\u0131r\u0131l\u0131b.<\/p>\n<div id=\"AdributorNativeVideo0\" class=\"AdributorNativeVideo\"><\/div>\n<p>Xat\u0131rladaq ki, b\u00fct\u00fcn dig\u0259r sah\u0259l\u0259rl\u0259 b\u0259rab\u0259r, \u0259kin sah\u0259l\u0259rinin suvarma suyu il\u0259 t\u0259minat\u0131n\u0131n yax\u015f\u0131la\u015fd\u0131r\u0131lmas\u0131 v\u0259 \u0259halinin i\u00e7m\u0259li suya t\u0259l\u0259bat\u0131n\u0131n \u00f6d\u0259nilm\u0259si m\u0259s\u0259l\u0259si c\u0259nab Prezident \u0130lham \u018fliyevin daim diqq\u0259t m\u0259rk\u0259zind\u0259dir.metbuat.az<\/p>\n","protected":false},"excerpt":{"rendered":"<p>5 noyabr 2018-ci il tarixd\u0259\u00a0Az\u0259rbaycan\u00a0Respublikas\u0131n\u0131n Prezidenti \u0130lham \u018fliyev \u201cA\u011fdam\u00a0rayonunda \u0259kin sah\u0259l\u0259rinin\u00a0suvarma suyu il\u0259 t\u0259minat\u0131n\u0131n yax\u015f\u0131la\u015fd\u0131r\u0131lmas\u0131na dair \u0259lav\u0259 t\u0259dbirl\u0259r haqq\u0131nda\u201d S\u0259r\u0259ncam imzalay\u0131b. Bu S\u0259r\u0259ncamla Az\u0259rbaycan Meliorasiya v\u0259 Su T\u0259s\u0259rr\u00fcfat\u0131 A\u00e7\u0131q S\u0259hmdar C\u0259miyy\u0259tin\u0259 A\u011fdam rayonunun \u0259halisi 26265 n\u0259f\u0259r olan 20 ya\u015fay\u0131\u015f m\u0259nt\u0259q\u0259sind\u0259 1050 hektar \u0259kin sah\u0259sinin suvarma suyu il\u0259 t\u0259minat\u0131n\u0131n yax\u015f\u0131la\u015fd\u0131r\u0131lmas\u0131 m\u0259qs\u0259dil\u0259 35 subartezian quyusunun layih\u0259l\u0259ndirilm\u0259sinin v\u0259 qaz\u0131lmas\u0131n\u0131n t\u0259min olunmas\u0131 tap\u015f\u0131r\u0131l\u0131b. ARANTV.AZ-\u0131n m\u0259lumat\u0131na g\u00f6r\u0259, Az\u0259rbaycan Meliorasiya v\u0259 Su T\u0259s\u0259rr\u00fcfat\u0131 A\u00e7\u0131q S\u0259hmdar C\u0259miyy\u0259tinin t\u0259msil\u00e7isi Dilq\u0259m \u015e\u0259rifov bildirib ki, Az\u0259rbaycan Respublikas\u0131 Prezidentinin S\u0259r\u0259ncam\u0131n\u0131n icras\u0131 olaraq S\u0259hmdar C\u0259miyy\u0259ti t\u0259r\u0259find\u0259n 35 \u0259d\u0259d subartezian quyusunun layih\u0259l\u0259ndirilm\u0259si v\u0259&hellip;<\/p>\n","protected":false},"author":2,"featured_media":45335,"comment_status":"closed","ping_status":"closed","sticky":false,"template":"","format":"standard","meta":{"om_disable_all_campaigns":false,"_monsterinsights_skip_tracking":false,"_monsterinsights_sitenote_active":false,"_monsterinsights_sitenote_note":"","_monsterinsights_sitenote_category":0},"categories":[2],"tags":[],"aioseo_notices":[],"gutentor_comment":0,"rttpg_featured_image_url":{"full":["https:\/\/arantv.az\/wp-content\/uploads\/2019\/03\/1146237.jpg",734,474,false],"landscape":["https:\/\/arantv.az\/wp-content\/uploads\/2019\/03\/1146237.jpg",734,474,false],"portraits":["https:\/\/arantv.az\/wp-content\/uploads\/2019\/03\/1146237.jpg",734,474,false],"thumbnail":["https:\/\/arantv.az\/wp-content\/uploads\/2019\/03\/1146237-150x150.jpg",150,150,true],"medium":["https:\/\/arantv.az\/wp-content\/uploads\/2019\/03\/1146237-300x194.jpg",300,194,true],"large":["https:\/\/arantv.az\/wp-content\/uploads\/2019\/03\/1146237.jpg",640,413,false],"1536x1536":["https:\/\/arantv.az\/wp-content\/uploads\/2019\/03\/1146237.jpg",734,474,false],"2048x2048":["https:\/\/arantv.az\/wp-content\/uploads\/2019\/03\/1146237.jpg",734,474,false],"post-thumbnail":["https:\/\/arantv.az\/wp-content\/uploads\/2019\/03\/1146237-240x172.jpg",240,172,true],"advps-thumb-one":["https:\/\/arantv.az\/wp-content\/uploads\/2019\/03\/1146237.jpg",734,474,false]},"rttpg_author":{"display_name":"V\u00fcsal Rafiqo\u011flu","author_link":"https:\/\/arantv.az\/?author=2"},"rttpg_comment":0,"rttpg_category":"<a href=\"https:\/\/arantv.az\/?cat=2\" rel=\"category\">Region X\u0259b\u0259rl\u0259ri<\/a>","rttpg_excerpt":"5 noyabr 2018-ci il tarixd\u0259\u00a0Az\u0259rbaycan\u00a0Respublikas\u0131n\u0131n Prezidenti \u0130lham \u018fliyev \u201cA\u011fdam\u00a0rayonunda \u0259kin sah\u0259l\u0259rinin\u00a0suvarma suyu il\u0259 t\u0259minat\u0131n\u0131n yax\u015f\u0131la\u015fd\u0131r\u0131lmas\u0131na dair \u0259lav\u0259 t\u0259dbirl\u0259r haqq\u0131nda\u201d S\u0259r\u0259ncam imzalay\u0131b. Bu S\u0259r\u0259ncamla Az\u0259rbaycan Meliorasiya v\u0259 Su T\u0259s\u0259rr\u00fcfat\u0131 A\u00e7\u0131q S\u0259hmdar C\u0259miyy\u0259tin\u0259 A\u011fdam rayonunun \u0259halisi 26265 n\u0259f\u0259r olan 20 ya\u015fay\u0131\u015f m\u0259nt\u0259q\u0259sind\u0259 1050 hektar \u0259kin sah\u0259sinin suvarma suyu il\u0259 t\u0259minat\u0131n\u0131n yax\u015f\u0131la\u015fd\u0131r\u0131lmas\u0131 m\u0259qs\u0259dil\u0259 35 subartezian quyusunun layih\u0259l\u0259ndirilm\u0259sinin v\u0259&hellip;","_links":{"self":[{"href":"https:\/\/arantv.az\/index.php?rest_route=\/wp\/v2\/posts\/45334"}],"collection":[{"href":"https:\/\/arantv.az\/index.php?rest_route=\/wp\/v2\/posts"}],"about":[{"href":"https:\/\/arantv.az\/index.php?rest_route=\/wp\/v2\/types\/post"}],"author":[{"embeddable":true,"href":"https:\/\/arantv.az\/index.php?rest_route=\/wp\/v2\/users\/2"}],"replies":[{"embeddable":true,"href":"https:\/\/arantv.az\/index.php?rest_route=%2Fwp%2Fv2%2Fcomments&post=45334"}],"version-history":[{"count":0,"href":"https:\/\/arantv.az\/index.php?rest_route=\/wp\/v2\/posts\/45334\/revisions"}],"wp:featuredmedia":[{"embeddable":true,"href":"https:\/\/arantv.az\/index.php?rest_route=\/wp\/v2\/media\/45335"}],"wp:attachment":[{"href":"https:\/\/arantv.az\/index.php?rest_route=%2Fwp%2Fv2%2Fmedia&parent=45334"}],"wp:term":[{"taxonomy":"category","embeddable":true,"href":"https:\/\/arantv.az\/index.php?rest_route=%2Fwp%2Fv2%2Fcategories&post=45334"},{"taxonomy":"post_tag","embeddable":true,"href":"https:\/\/arantv.az\/index.php?rest_route=%2Fwp%2Fv2%2Ftags&post=45334"}],"curies":[{"name":"wp","href":"https:\/\/api.w.org\/{rel}","templated":true}]}}