{"id":45337,"date":"2019-03-14T10:35:17","date_gmt":"2019-03-14T07:35:17","guid":{"rendered":"http:\/\/arantv.az\/?p=45337"},"modified":"2019-03-14T10:35:17","modified_gmt":"2019-03-14T07:35:17","slug":"stavropolda-x%c9%99sar%c9%99t-alan-daha-bir-az%c9%99rbaycanli-x%c9%99st%c9%99xanada-oldu","status":"publish","type":"post","link":"https:\/\/arantv.az\/?p=45337","title":{"rendered":"Stavropolda x\u0259sar\u0259t alan daha bir az\u0259rbaycanl\u0131 x\u0259st\u0259xanada \u00f6ld\u00fc"},"content":{"rendered":"<p><strong>Mart\u0131n 6-da Bak\u0131dan Moskvaya ged\u0259n mikroavtobusun Rusiyan\u0131n Stavropol \u015f\u0259h\u0259rind\u0259 q\u0259zaya u\u011framas\u0131 n\u0259tic\u0259sind\u0259 x\u0259sar\u0259t alan az\u0259rbaycanl\u0131 yaral\u0131lardan daha bir n\u0259f\u0259ri d\u00fcnyas\u0131n\u0131 d\u0259yi\u015fib.<\/strong><\/p>\n<p><strong>ARANTV.AZ<\/strong>\u00a0 x\u0259b\u0259r verir ki,\u00a0daha \u00f6nc\u0259\u00a0<a href=\"https:\/\/az.trend.az\/\" target=\"_blank\" rel=\"noopener\">Trend<\/a>-\u0259 \u00f6z\u0259l a\u00e7\u0131qlamas\u0131nda Stavropoldak\u0131 Az\u0259rbaycan diasporunun r\u0259hb\u0259ri F\u0259xr\u0259ddin Yar\u0131yev mart\u0131n 11-d\u0259 daha bir yaral\u0131n\u0131n x\u0259st\u0259xanada \u00f6ld\u00fcy\u00fc v\u0259 bununla da q\u0259zada \u00f6l\u0259nl\u0259rin say\u0131n\u0131n 7 oldu\u011funu bildirmi\u015fdi.<\/p>\n<p>Xat\u0131rladaq ki, mart\u0131n 6-da Bak\u0131dan Moskvaya ged\u0259n mikroavtobus Rusiyan\u0131n Stavropol \u015f\u0259h\u0259rind\u0259 q\u0259zaya u\u011fram\u0131\u015fd\u0131. Hadis\u0259 n\u0259tic\u0259sind\u0259 mikroavtobusda olan A\u011fcab\u0259di rayon sakinl\u0259ri, 1962-ci il t\u0259v\u0259ll\u00fcdl\u00fc Namiq Tohid o\u011flu \u018fhm\u0259dov, 1969-cu il t\u0259v\u0259ll\u00fcdl\u00fc \u018fl\u0259mdar Niftal\u0131 o\u011flu Abdullayev, 1975-ci il t\u0259v\u0259ll\u00fcdl\u00fc R\u0259sul \u018fnv\u0259r o\u011flu H\u0259s\u0259nov, 1983-c\u00fc il t\u0259v\u0259ll\u00fcdl\u00fc \u015e\u0259msi Tanr\u0131verdi o\u011flu \u0130smay\u0131lov, 1984-c\u00fc il t\u0259v\u0259ll\u00fcdl\u00fc V\u00fcsal Al\u0131 o\u011flu Quliyev v\u0259 1988-ci il t\u0259v\u0259ll\u00fcdl\u00fc X\u0259yal Hamlet o\u011flu \u015eirinov d\u00fcnyas\u0131n\u0131 d\u0259yi\u015fib, 3 az\u0259rbaycanl\u0131 is\u0259 x\u0259sar\u0259t alm\u0131\u015fd\u0131.<\/p>\n","protected":false},"excerpt":{"rendered":"<p>Mart\u0131n 6-da Bak\u0131dan Moskvaya ged\u0259n mikroavtobusun Rusiyan\u0131n Stavropol \u015f\u0259h\u0259rind\u0259 q\u0259zaya u\u011framas\u0131 n\u0259tic\u0259sind\u0259 x\u0259sar\u0259t alan az\u0259rbaycanl\u0131 yaral\u0131lardan daha bir n\u0259f\u0259ri d\u00fcnyas\u0131n\u0131 d\u0259yi\u015fib. ARANTV.AZ\u00a0 x\u0259b\u0259r verir ki,\u00a0daha \u00f6nc\u0259\u00a0Trend-\u0259 \u00f6z\u0259l a\u00e7\u0131qlamas\u0131nda Stavropoldak\u0131 Az\u0259rbaycan diasporunun r\u0259hb\u0259ri F\u0259xr\u0259ddin Yar\u0131yev mart\u0131n 11-d\u0259 daha bir yaral\u0131n\u0131n x\u0259st\u0259xanada \u00f6ld\u00fcy\u00fc v\u0259 bununla da q\u0259zada \u00f6l\u0259nl\u0259rin say\u0131n\u0131n 7 oldu\u011funu bildirmi\u015fdi. Xat\u0131rladaq ki, mart\u0131n 6-da Bak\u0131dan Moskvaya ged\u0259n mikroavtobus Rusiyan\u0131n Stavropol \u015f\u0259h\u0259rind\u0259 q\u0259zaya u\u011fram\u0131\u015fd\u0131. Hadis\u0259 n\u0259tic\u0259sind\u0259 mikroavtobusda olan A\u011fcab\u0259di rayon sakinl\u0259ri, 1962-ci il t\u0259v\u0259ll\u00fcdl\u00fc Namiq Tohid o\u011flu \u018fhm\u0259dov, 1969-cu il t\u0259v\u0259ll\u00fcdl\u00fc \u018fl\u0259mdar Niftal\u0131 o\u011flu Abdullayev, 1975-ci il t\u0259v\u0259ll\u00fcdl\u00fc R\u0259sul \u018fnv\u0259r o\u011flu&hellip;<\/p>\n","protected":false},"author":2,"featured_media":45338,"comment_status":"closed","ping_status":"closed","sticky":false,"template":"","format":"standard","meta":{"om_disable_all_campaigns":false,"_monsterinsights_skip_tracking":false,"_monsterinsights_sitenote_active":false,"_monsterinsights_sitenote_note":"","_monsterinsights_sitenote_category":0},"categories":[5],"tags":[],"aioseo_notices":[],"gutentor_comment":0,"rttpg_featured_image_url":{"full":["https:\/\/arantv.az\/wp-content\/uploads\/2019\/03\/xestexana_02589-3.jpg",800,600,false],"landscape":["https:\/\/arantv.az\/wp-content\/uploads\/2019\/03\/xestexana_02589-3.jpg",800,600,false],"portraits":["https:\/\/arantv.az\/wp-content\/uploads\/2019\/03\/xestexana_02589-3.jpg",800,600,false],"thumbnail":["https:\/\/arantv.az\/wp-content\/uploads\/2019\/03\/xestexana_02589-3-150x150.jpg",150,150,true],"medium":["https:\/\/arantv.az\/wp-content\/uploads\/2019\/03\/xestexana_02589-3-300x225.jpg",300,225,true],"large":["https:\/\/arantv.az\/wp-content\/uploads\/2019\/03\/xestexana_02589-3.jpg",640,480,false],"1536x1536":["https:\/\/arantv.az\/wp-content\/uploads\/2019\/03\/xestexana_02589-3.jpg",800,600,false],"2048x2048":["https:\/\/arantv.az\/wp-content\/uploads\/2019\/03\/xestexana_02589-3.jpg",800,600,false],"post-thumbnail":["https:\/\/arantv.az\/wp-content\/uploads\/2019\/03\/xestexana_02589-3-240x172.jpg",240,172,true],"advps-thumb-one":["https:\/\/arantv.az\/wp-content\/uploads\/2019\/03\/xestexana_02589-3.jpg",800,600,false]},"rttpg_author":{"display_name":"V\u00fcsal Rafiqo\u011flu","author_link":"https:\/\/arantv.az\/?author=2"},"rttpg_comment":0,"rttpg_category":"<a href=\"https:\/\/arantv.az\/?cat=5\" rel=\"category\">Hadis\u0259<\/a>","rttpg_excerpt":"Mart\u0131n 6-da Bak\u0131dan Moskvaya ged\u0259n mikroavtobusun Rusiyan\u0131n Stavropol \u015f\u0259h\u0259rind\u0259 q\u0259zaya u\u011framas\u0131 n\u0259tic\u0259sind\u0259 x\u0259sar\u0259t alan az\u0259rbaycanl\u0131 yaral\u0131lardan daha bir n\u0259f\u0259ri d\u00fcnyas\u0131n\u0131 d\u0259yi\u015fib. ARANTV.AZ\u00a0 x\u0259b\u0259r verir ki,\u00a0daha \u00f6nc\u0259\u00a0Trend-\u0259 \u00f6z\u0259l a\u00e7\u0131qlamas\u0131nda Stavropoldak\u0131 Az\u0259rbaycan diasporunun r\u0259hb\u0259ri F\u0259xr\u0259ddin Yar\u0131yev mart\u0131n 11-d\u0259 daha bir yaral\u0131n\u0131n x\u0259st\u0259xanada \u00f6ld\u00fcy\u00fc v\u0259 bununla da q\u0259zada \u00f6l\u0259nl\u0259rin say\u0131n\u0131n 7 oldu\u011funu bildirmi\u015fdi. Xat\u0131rladaq ki, mart\u0131n 6-da Bak\u0131dan&hellip;","_links":{"self":[{"href":"https:\/\/arantv.az\/index.php?rest_route=\/wp\/v2\/posts\/45337"}],"collection":[{"href":"https:\/\/arantv.az\/index.php?rest_route=\/wp\/v2\/posts"}],"about":[{"href":"https:\/\/arantv.az\/index.php?rest_route=\/wp\/v2\/types\/post"}],"author":[{"embeddable":true,"href":"https:\/\/arantv.az\/index.php?rest_route=\/wp\/v2\/users\/2"}],"replies":[{"embeddable":true,"href":"https:\/\/arantv.az\/index.php?rest_route=%2Fwp%2Fv2%2Fcomments&post=45337"}],"version-history":[{"count":0,"href":"https:\/\/arantv.az\/index.php?rest_route=\/wp\/v2\/posts\/45337\/revisions"}],"wp:featuredmedia":[{"embeddable":true,"href":"https:\/\/arantv.az\/index.php?rest_route=\/wp\/v2\/media\/45338"}],"wp:attachment":[{"href":"https:\/\/arantv.az\/index.php?rest_route=%2Fwp%2Fv2%2Fmedia&parent=45337"}],"wp:term":[{"taxonomy":"category","embeddable":true,"href":"https:\/\/arantv.az\/index.php?rest_route=%2Fwp%2Fv2%2Fcategories&post=45337"},{"taxonomy":"post_tag","embeddable":true,"href":"https:\/\/arantv.az\/index.php?rest_route=%2Fwp%2Fv2%2Ftags&post=45337"}],"curies":[{"name":"wp","href":"https:\/\/api.w.org\/{rel}","templated":true}]}}