{"id":45340,"date":"2019-03-14T10:44:42","date_gmt":"2019-03-14T07:44:42","guid":{"rendered":"http:\/\/arantv.az\/?p=45340"},"modified":"2019-03-14T10:44:42","modified_gmt":"2019-03-14T07:44:42","slug":"azadliq-prospektind%c9%99-agir-q%c9%99za-yaralilar-var","status":"publish","type":"post","link":"https:\/\/arantv.az\/?p=45340","title":{"rendered":"Azadl\u0131q prospektind\u0259 a\u011f\u0131r q\u0259za \u2013 YARALILAR VAR"},"content":{"rendered":"<p>\u00d6t\u0259n gec\u0259 Bak\u0131da 3 n\u0259f\u0259rin x\u0259sar\u0259t almas\u0131 il\u0259 n\u0259tic\u0259l\u0259n\u0259n yol-n\u0259qliyyat hadis\u0259si ba\u015f verib.<\/p>\n<p><b>ARANTV.AZ\u00a0<\/b>\u00a0publika.az-a istinad\u0259n x\u0259b\u0259r verir ki, saat 00:30 rad\u0259l\u0259rind\u0259 Bin\u0259q\u0259di rayonu \u0259razisind\u0259 &#8211; Azadl\u0131q prospektind\u0259 &#8220;Saipa&#8221; v\u0259 &#8220;Mercedes&#8221; markal\u0131 2 avtomobil toqqu\u015fub.<\/p>\n<p>Q\u0259za n\u0259tic\u0259sind\u0259 &#8220;Saipa&#8221;da olan 2 ki\u015fi v\u0259 bir qad\u0131n m\u00fcxt\u0259lif d\u0259r\u0259c\u0259li x\u0259sar\u0259tl\u0259r al\u0131b v\u0259 x\u0259st\u0259xanaya apar\u0131l\u0131blar.<\/p>\n<p>Faktla ba\u011fl\u0131 Bin\u0259q\u0259di rayon Polis \u0130dar\u0259sind\u0259 ara\u015fd\u0131rma apar\u0131l\u0131r.<\/p>\n","protected":false},"excerpt":{"rendered":"<p>\u00d6t\u0259n gec\u0259 Bak\u0131da 3 n\u0259f\u0259rin x\u0259sar\u0259t almas\u0131 il\u0259 n\u0259tic\u0259l\u0259n\u0259n yol-n\u0259qliyyat hadis\u0259si ba\u015f verib. ARANTV.AZ\u00a0\u00a0publika.az-a istinad\u0259n x\u0259b\u0259r verir ki, saat 00:30 rad\u0259l\u0259rind\u0259 Bin\u0259q\u0259di rayonu \u0259razisind\u0259 &#8211; Azadl\u0131q prospektind\u0259 &#8220;Saipa&#8221; v\u0259 &#8220;Mercedes&#8221; markal\u0131 2 avtomobil toqqu\u015fub. Q\u0259za n\u0259tic\u0259sind\u0259 &#8220;Saipa&#8221;da olan 2 ki\u015fi v\u0259 bir qad\u0131n m\u00fcxt\u0259lif d\u0259r\u0259c\u0259li x\u0259sar\u0259tl\u0259r al\u0131b v\u0259 x\u0259st\u0259xanaya apar\u0131l\u0131blar. Faktla ba\u011fl\u0131 Bin\u0259q\u0259di rayon Polis \u0130dar\u0259sind\u0259 ara\u015fd\u0131rma apar\u0131l\u0131r.<\/p>\n","protected":false},"author":2,"featured_media":45341,"comment_status":"closed","ping_status":"closed","sticky":false,"template":"","format":"standard","meta":{"om_disable_all_campaigns":false,"_monsterinsights_skip_tracking":false,"_monsterinsights_sitenote_active":false,"_monsterinsights_sitenote_note":"","_monsterinsights_sitenote_category":0},"categories":[5],"tags":[],"aioseo_notices":[],"gutentor_comment":0,"rttpg_featured_image_url":{"full":["https:\/\/arantv.az\/wp-content\/uploads\/2019\/03\/15525489231434823227_1411449554_agcabedide-agir-yol-qezasi-bash-verib-cenubnews.jpg",549,309,false],"landscape":["https:\/\/arantv.az\/wp-content\/uploads\/2019\/03\/15525489231434823227_1411449554_agcabedide-agir-yol-qezasi-bash-verib-cenubnews.jpg",549,309,false],"portraits":["https:\/\/arantv.az\/wp-content\/uploads\/2019\/03\/15525489231434823227_1411449554_agcabedide-agir-yol-qezasi-bash-verib-cenubnews.jpg",549,309,false],"thumbnail":["https:\/\/arantv.az\/wp-content\/uploads\/2019\/03\/15525489231434823227_1411449554_agcabedide-agir-yol-qezasi-bash-verib-cenubnews-150x150.jpg",150,150,true],"medium":["https:\/\/arantv.az\/wp-content\/uploads\/2019\/03\/15525489231434823227_1411449554_agcabedide-agir-yol-qezasi-bash-verib-cenubnews-300x169.jpg",300,169,true],"large":["https:\/\/arantv.az\/wp-content\/uploads\/2019\/03\/15525489231434823227_1411449554_agcabedide-agir-yol-qezasi-bash-verib-cenubnews.jpg",549,309,false],"1536x1536":["https:\/\/arantv.az\/wp-content\/uploads\/2019\/03\/15525489231434823227_1411449554_agcabedide-agir-yol-qezasi-bash-verib-cenubnews.jpg",549,309,false],"2048x2048":["https:\/\/arantv.az\/wp-content\/uploads\/2019\/03\/15525489231434823227_1411449554_agcabedide-agir-yol-qezasi-bash-verib-cenubnews.jpg",549,309,false],"post-thumbnail":["https:\/\/arantv.az\/wp-content\/uploads\/2019\/03\/15525489231434823227_1411449554_agcabedide-agir-yol-qezasi-bash-verib-cenubnews-240x172.jpg",240,172,true],"advps-thumb-one":["https:\/\/arantv.az\/wp-content\/uploads\/2019\/03\/15525489231434823227_1411449554_agcabedide-agir-yol-qezasi-bash-verib-cenubnews.jpg",549,309,false]},"rttpg_author":{"display_name":"V\u00fcsal Rafiqo\u011flu","author_link":"https:\/\/arantv.az\/?author=2"},"rttpg_comment":0,"rttpg_category":"<a href=\"https:\/\/arantv.az\/?cat=5\" rel=\"category\">Hadis\u0259<\/a>","rttpg_excerpt":"\u00d6t\u0259n gec\u0259 Bak\u0131da 3 n\u0259f\u0259rin x\u0259sar\u0259t almas\u0131 il\u0259 n\u0259tic\u0259l\u0259n\u0259n yol-n\u0259qliyyat hadis\u0259si ba\u015f verib. ARANTV.AZ\u00a0\u00a0publika.az-a istinad\u0259n x\u0259b\u0259r verir ki, saat 00:30 rad\u0259l\u0259rind\u0259 Bin\u0259q\u0259di rayonu \u0259razisind\u0259 &#8211; Azadl\u0131q prospektind\u0259 &#8220;Saipa&#8221; v\u0259 &#8220;Mercedes&#8221; markal\u0131 2 avtomobil toqqu\u015fub. Q\u0259za n\u0259tic\u0259sind\u0259 &#8220;Saipa&#8221;da olan 2 ki\u015fi v\u0259 bir qad\u0131n m\u00fcxt\u0259lif d\u0259r\u0259c\u0259li x\u0259sar\u0259tl\u0259r al\u0131b v\u0259 x\u0259st\u0259xanaya apar\u0131l\u0131blar. Faktla ba\u011fl\u0131 Bin\u0259q\u0259di rayon Polis&hellip;","_links":{"self":[{"href":"https:\/\/arantv.az\/index.php?rest_route=\/wp\/v2\/posts\/45340"}],"collection":[{"href":"https:\/\/arantv.az\/index.php?rest_route=\/wp\/v2\/posts"}],"about":[{"href":"https:\/\/arantv.az\/index.php?rest_route=\/wp\/v2\/types\/post"}],"author":[{"embeddable":true,"href":"https:\/\/arantv.az\/index.php?rest_route=\/wp\/v2\/users\/2"}],"replies":[{"embeddable":true,"href":"https:\/\/arantv.az\/index.php?rest_route=%2Fwp%2Fv2%2Fcomments&post=45340"}],"version-history":[{"count":0,"href":"https:\/\/arantv.az\/index.php?rest_route=\/wp\/v2\/posts\/45340\/revisions"}],"wp:featuredmedia":[{"embeddable":true,"href":"https:\/\/arantv.az\/index.php?rest_route=\/wp\/v2\/media\/45341"}],"wp:attachment":[{"href":"https:\/\/arantv.az\/index.php?rest_route=%2Fwp%2Fv2%2Fmedia&parent=45340"}],"wp:term":[{"taxonomy":"category","embeddable":true,"href":"https:\/\/arantv.az\/index.php?rest_route=%2Fwp%2Fv2%2Fcategories&post=45340"},{"taxonomy":"post_tag","embeddable":true,"href":"https:\/\/arantv.az\/index.php?rest_route=%2Fwp%2Fv2%2Ftags&post=45340"}],"curies":[{"name":"wp","href":"https:\/\/api.w.org\/{rel}","templated":true}]}}