{"id":45344,"date":"2019-03-14T13:11:15","date_gmt":"2019-03-14T10:11:15","guid":{"rendered":"http:\/\/arantv.az\/?p=45344"},"modified":"2019-03-14T13:11:15","modified_gmt":"2019-03-14T10:11:15","slug":"prezident-ilham-%c9%99liyev-%c9%99fqanistan-prezidenti-m%c9%99h%c9%99mm%c9%99d-%c9%99sr%c9%99f-qani-il%c9%99-gorusub-foto","status":"publish","type":"post","link":"https:\/\/arantv.az\/?p=45344","title":{"rendered":"Prezident \u0130lham \u018fliyev \u018ffqan\u0131stan Prezidenti M\u0259h\u0259mm\u0259d \u018f\u015fr\u0259f Qani il\u0259 g\u00f6r\u00fc\u015f\u00fcb &#8211; FOTO"},"content":{"rendered":"<p>Mart\u0131n 14-d\u0259 Az\u0259rbaycan Respublikas\u0131n\u0131n Prezidenti \u0130lham \u018fliyev VII Qlobal Bak\u0131 Forumunda i\u015ftirak ed\u0259n \u018ffqan\u0131stan \u0130slam Respublikas\u0131n\u0131n Prezidenti M\u0259h\u0259mm\u0259d \u018f\u015fr\u0259f Qani il\u0259 g\u00f6r\u00fc\u015f\u00fcb.<\/p>\n<p><strong>ARANTV.AZ<\/strong> az\u0259rtac-a istinad\u0259n bildirir ki, \u0259vv\u0259lc\u0259 Az\u0259rbaycan Prezidenti \u0130lham \u018fliyev il\u0259 \u018ffqan\u0131stan Prezidenti M\u0259h\u0259mm\u0259d \u018f\u015fr\u0259f Qani aras\u0131nda t\u0259kb\u0259t\u0259k g\u00f6r\u00fc\u015f oldu.<\/p>\n<p>T\u0259kb\u0259t\u0259k g\u00f6r\u00fc\u015fd\u0259 \u00f6lk\u0259l\u0259rimiz aras\u0131nda ikit\u0259r\u0259fli m\u00fcnasib\u0259tl\u0259rin m\u00fcxt\u0259lif sah\u0259l\u0259ri, o c\u00fcml\u0259d\u0259n iqtisadi \u0259laq\u0259l\u0259rin perspektivl\u0259ri \u0259traf\u0131nda fikir m\u00fcbadil\u0259si apar\u0131ld\u0131.<\/p>\n<p>Sonra g\u00f6r\u00fc\u015f n\u00fcmay\u0259nd\u0259 hey\u0259tl\u0259rinin i\u015ftirak\u0131 il\u0259 davam etdirildi.<\/p>\n<p>D\u00f6vl\u0259timizin ba\u015f\u00e7\u0131s\u0131 \u018ffqan\u0131stan Prezidentin\u0259 Az\u0259rbaycana s\u0259f\u0259rin\u0259 v\u0259 VII Qlobal Bak\u0131 Forumunda i\u015ftirak\u0131na g\u00f6r\u0259 minn\u0259tdarl\u0131\u011f\u0131n\u0131 bildirdi. Bu s\u0259f\u0259rin \u00f6lk\u0259l\u0259rimiz aras\u0131nda iqtisadi, ticar\u0259t, enerji v\u0259 dig\u0259r sah\u0259l\u0259rd\u0259 \u0259m\u0259kda\u015fl\u0131q \u00fc\u00e7\u00fcn yeni f\u00fcrs\u0259tl\u0259r yaradaca\u011f\u0131n\u0131 qeyd etdi, h\u0259m\u00e7inin \u00f6lk\u0259l\u0259rimizin n\u0259qliyyat sah\u0259sind\u0259 \u0259m\u0259kda\u015fl\u0131\u011f\u0131n\u0131n ikit\u0259r\u0259fli \u0259laq\u0259l\u0259rin inki\u015faf\u0131 bax\u0131m\u0131ndan yeni imkanlar yaratd\u0131\u011f\u0131n\u0131 vur\u011fulad\u0131. D\u00f6vl\u0259t ba\u015f\u00e7\u0131lar\u0131 aras\u0131nda m\u00fct\u0259madi qar\u015f\u0131l\u0131ql\u0131 g\u00f6r\u00fc\u015fl\u0259rin ke\u00e7irilm\u0259sinin \u0259h\u0259miyy\u0259ti qeyd olundu.<\/p>\n<p>G\u00f6r\u00fc\u015fd\u0259 prezidentl\u0259r t\u0259r\u0259find\u0259n Az\u0259rbaycan\u0131n \u018ffqan\u0131standa s\u00fclh\u00fcn, t\u0259hl\u00fck\u0259sizliyin v\u0259 sabitliyin t\u0259min olunmas\u0131na verdiyi t\u00f6hf\u0259l\u0259r y\u00fcks\u0259k qiym\u0259tl\u0259ndirildi.<\/p>\n<p>Prezident M\u0259h\u0259mm\u0259d \u018f\u015fr\u0259f Qani, ilk n\u00f6vb\u0259d\u0259, Lapis-Lazuli n\u0259qliyyat layih\u0259sin\u0259 verdiyi d\u0259st\u0259y\u0259 g\u00f6r\u0259 Az\u0259rbaycana t\u0259\u015f\u0259kk\u00fcr\u00fcn\u00fc ifad\u0259 etdi v\u0259 n\u0259qliyyat sah\u0259sind\u0259 \u00f6lk\u0259l\u0259rimizin \u0259m\u0259kda\u015fl\u0131\u011f\u0131n\u0131 y\u00fcks\u0259k qiym\u0259tl\u0259ndirdi.<\/p>\n<p>\u018ffqan\u0131stan Prezidenti \u0259laq\u0259l\u0259rin inki\u015faf\u0131 bax\u0131m\u0131ndan enerji, n\u0259qliyyat, tikinti, iqtisadiyyat, ticar\u0259t, t\u0259hsil, k\u0259nd t\u0259s\u0259rr\u00fcfat\u0131 v\u0259 dig\u0259r sah\u0259l\u0259rd\u0259 \u0259m\u0259kda\u015fl\u0131\u011f\u0131n vacibliyin\u0259 toxundu, bu sah\u0259l\u0259rd\u0259 \u0259laq\u0259l\u0259rin inki\u015faf\u0131 \u00fc\u00e7\u00fcn b\u00f6y\u00fck perspektivl\u0259rin oldu\u011funu dedi.<\/p>\n<p>Sonra prezidentl\u0259r \u0130lham \u018fliyevin v\u0259 M\u0259h\u0259mm\u0259d \u018f\u015fr\u0259f Qaninin i\u015ftirak\u0131 il\u0259 Az\u0259rbaycan-\u018ffqan\u0131stan s\u0259n\u0259dl\u0259ri imzaland\u0131.<\/p>\n<p>&#8220;Az\u0259rbaycan D\u0259mir Yollar\u0131&#8221; Qapal\u0131 S\u0259hmdar C\u0259miyy\u0259ti il\u0259 \u018ffqan\u0131stan\u0131n D\u0259mir Yollar\u0131 \u0130dar\u0259si &#8220;ARA&#8221; aras\u0131nda \u0259m\u0259kda\u015fl\u0131q haqq\u0131nda Niyy\u0259t Memorandumu&#8221;nu &#8220;Az\u0259rbaycan D\u0259mir Yollar\u0131&#8221; Qapal\u0131 S\u0259hmdar C\u0259miyy\u0259tinin s\u0259dri Cavid Qurbanov v\u0259 \u018ffqan\u0131stan\u0131n maliyy\u0259 naziri v\u0259zif\u0259sini icra ed\u0259n, Prezidentin infrastruktur v\u0259 texnologiyalar \u00fczr\u0259 m\u00fc\u015faviri Mohammad Hamayun Qayumi imzalad\u0131lar.<\/p>\n<p>&#8220;Az\u0259rbaycan Respublikas\u0131 H\u00f6kum\u0259ti il\u0259 \u018ffqan\u0131stan \u0130slam Respublikas\u0131 H\u00f6kum\u0259ti aras\u0131nda informasiya v\u0259 kommunikasiya texnologiyalar\u0131 sah\u0259sind\u0259 \u0259m\u0259kda\u015fl\u0131q haqq\u0131nda Sazi\u015f&#8221;i Az\u0259rbaycan\u0131n n\u0259qliyyat, rabit\u0259 v\u0259 y\u00fcks\u0259k texnologiyalar naziri Ramin Quluzad\u0259 v\u0259 \u018ffqan\u0131stan\u0131n maliyy\u0259 naziri v\u0259zif\u0259sini icra ed\u0259n, Prezidentin infrastruktur v\u0259 texnologiyalar \u00fczr\u0259 m\u00fc\u015faviri Mohammad Hamayun Qayumi imzalad\u0131lar.<\/p>\n<p>&#8220;Az\u0259rbaycan Respublikas\u0131 H\u00f6kum\u0259ti il\u0259 \u018ffqan\u0131stan \u0130slam Respublikas\u0131 H\u00f6kum\u0259ti aras\u0131nda m\u0259d\u0259niyy\u0259t sah\u0259sind\u0259 \u0259m\u0259kda\u015fl\u0131q haqq\u0131nda Anla\u015fma Memorandumu&#8221;nu Az\u0259rbaycan\u0131n m\u0259d\u0259niyy\u0259t naziri \u018fb\u00fclf\u0259s Qarayev v\u0259 \u018ffqan\u0131stan\u0131n informasiya v\u0259 m\u0259d\u0259niyy\u0259t nazirinin v\u0259zif\u0259sini icra ed\u0259n Hasina Safi imzalad\u0131lar.<\/p>\n<p><img loading=\"lazy\" class=\"alignnone size-medium wp-image-45345\" src=\"https:\/\/arantv.az\/wp-content\/uploads\/2019\/03\/738829-300x225.jpg\" alt=\"\" width=\"300\" height=\"225\" \/><img loading=\"lazy\" class=\"alignnone size-full wp-image-45346\" src=\"https:\/\/arantv.az\/wp-content\/uploads\/2019\/03\/738829_07.jpg\" alt=\"\" width=\"250\" height=\"153\" \/><img loading=\"lazy\" class=\"alignnone size-full wp-image-45347\" src=\"https:\/\/arantv.az\/wp-content\/uploads\/2019\/03\/738829_06.jpg\" alt=\"\" width=\"250\" height=\"191\" \/><\/p>\n<p><img loading=\"lazy\" class=\"alignnone size-full wp-image-45348\" src=\"https:\/\/arantv.az\/wp-content\/uploads\/2019\/03\/738829_05.jpg\" alt=\"\" width=\"250\" height=\"182\" \/><img loading=\"lazy\" class=\"alignnone size-full wp-image-45349\" src=\"https:\/\/arantv.az\/wp-content\/uploads\/2019\/03\/738829_02.jpg\" alt=\"\" width=\"250\" height=\"157\" \/><\/p>\n","protected":false},"excerpt":{"rendered":"<p>Mart\u0131n 14-d\u0259 Az\u0259rbaycan Respublikas\u0131n\u0131n Prezidenti \u0130lham \u018fliyev VII Qlobal Bak\u0131 Forumunda i\u015ftirak ed\u0259n \u018ffqan\u0131stan \u0130slam Respublikas\u0131n\u0131n Prezidenti M\u0259h\u0259mm\u0259d \u018f\u015fr\u0259f Qani il\u0259 g\u00f6r\u00fc\u015f\u00fcb. ARANTV.AZ az\u0259rtac-a istinad\u0259n bildirir ki, \u0259vv\u0259lc\u0259 Az\u0259rbaycan Prezidenti \u0130lham \u018fliyev il\u0259 \u018ffqan\u0131stan Prezidenti M\u0259h\u0259mm\u0259d \u018f\u015fr\u0259f Qani aras\u0131nda t\u0259kb\u0259t\u0259k g\u00f6r\u00fc\u015f oldu. T\u0259kb\u0259t\u0259k g\u00f6r\u00fc\u015fd\u0259 \u00f6lk\u0259l\u0259rimiz aras\u0131nda ikit\u0259r\u0259fli m\u00fcnasib\u0259tl\u0259rin m\u00fcxt\u0259lif sah\u0259l\u0259ri, o c\u00fcml\u0259d\u0259n iqtisadi \u0259laq\u0259l\u0259rin perspektivl\u0259ri \u0259traf\u0131nda fikir m\u00fcbadil\u0259si apar\u0131ld\u0131. Sonra g\u00f6r\u00fc\u015f n\u00fcmay\u0259nd\u0259 hey\u0259tl\u0259rinin i\u015ftirak\u0131 il\u0259 davam etdirildi. D\u00f6vl\u0259timizin ba\u015f\u00e7\u0131s\u0131 \u018ffqan\u0131stan Prezidentin\u0259 Az\u0259rbaycana s\u0259f\u0259rin\u0259 v\u0259 VII Qlobal Bak\u0131 Forumunda i\u015ftirak\u0131na g\u00f6r\u0259 minn\u0259tdarl\u0131\u011f\u0131n\u0131 bildirdi. Bu s\u0259f\u0259rin \u00f6lk\u0259l\u0259rimiz aras\u0131nda iqtisadi, ticar\u0259t, enerji v\u0259&hellip;<\/p>\n","protected":false},"author":2,"featured_media":45345,"comment_status":"closed","ping_status":"closed","sticky":false,"template":"","format":"standard","meta":{"om_disable_all_campaigns":false,"_monsterinsights_skip_tracking":false,"_monsterinsights_sitenote_active":false,"_monsterinsights_sitenote_note":"","_monsterinsights_sitenote_category":0},"categories":[4],"tags":[],"aioseo_notices":[],"gutentor_comment":0,"rttpg_featured_image_url":{"full":["https:\/\/arantv.az\/wp-content\/uploads\/2019\/03\/738829.jpg",800,600,false],"landscape":["https:\/\/arantv.az\/wp-content\/uploads\/2019\/03\/738829.jpg",800,600,false],"portraits":["https:\/\/arantv.az\/wp-content\/uploads\/2019\/03\/738829.jpg",800,600,false],"thumbnail":["https:\/\/arantv.az\/wp-content\/uploads\/2019\/03\/738829-150x150.jpg",150,150,true],"medium":["https:\/\/arantv.az\/wp-content\/uploads\/2019\/03\/738829-300x225.jpg",300,225,true],"large":["https:\/\/arantv.az\/wp-content\/uploads\/2019\/03\/738829.jpg",640,480,false],"1536x1536":["https:\/\/arantv.az\/wp-content\/uploads\/2019\/03\/738829.jpg",800,600,false],"2048x2048":["https:\/\/arantv.az\/wp-content\/uploads\/2019\/03\/738829.jpg",800,600,false],"post-thumbnail":["https:\/\/arantv.az\/wp-content\/uploads\/2019\/03\/738829-240x172.jpg",240,172,true],"advps-thumb-one":["https:\/\/arantv.az\/wp-content\/uploads\/2019\/03\/738829.jpg",800,600,false]},"rttpg_author":{"display_name":"V\u00fcsal Rafiqo\u011flu","author_link":"https:\/\/arantv.az\/?author=2"},"rttpg_comment":0,"rttpg_category":"<a href=\"https:\/\/arantv.az\/?cat=4\" rel=\"category\">Siyas\u0259t<\/a>","rttpg_excerpt":"Mart\u0131n 14-d\u0259 Az\u0259rbaycan Respublikas\u0131n\u0131n Prezidenti \u0130lham \u018fliyev VII Qlobal Bak\u0131 Forumunda i\u015ftirak ed\u0259n \u018ffqan\u0131stan \u0130slam Respublikas\u0131n\u0131n Prezidenti M\u0259h\u0259mm\u0259d \u018f\u015fr\u0259f Qani il\u0259 g\u00f6r\u00fc\u015f\u00fcb. ARANTV.AZ az\u0259rtac-a istinad\u0259n bildirir ki, \u0259vv\u0259lc\u0259 Az\u0259rbaycan Prezidenti \u0130lham \u018fliyev il\u0259 \u018ffqan\u0131stan Prezidenti M\u0259h\u0259mm\u0259d \u018f\u015fr\u0259f Qani aras\u0131nda t\u0259kb\u0259t\u0259k g\u00f6r\u00fc\u015f oldu. T\u0259kb\u0259t\u0259k g\u00f6r\u00fc\u015fd\u0259 \u00f6lk\u0259l\u0259rimiz aras\u0131nda ikit\u0259r\u0259fli m\u00fcnasib\u0259tl\u0259rin m\u00fcxt\u0259lif sah\u0259l\u0259ri, o c\u00fcml\u0259d\u0259n iqtisadi \u0259laq\u0259l\u0259rin perspektivl\u0259ri&hellip;","_links":{"self":[{"href":"https:\/\/arantv.az\/index.php?rest_route=\/wp\/v2\/posts\/45344"}],"collection":[{"href":"https:\/\/arantv.az\/index.php?rest_route=\/wp\/v2\/posts"}],"about":[{"href":"https:\/\/arantv.az\/index.php?rest_route=\/wp\/v2\/types\/post"}],"author":[{"embeddable":true,"href":"https:\/\/arantv.az\/index.php?rest_route=\/wp\/v2\/users\/2"}],"replies":[{"embeddable":true,"href":"https:\/\/arantv.az\/index.php?rest_route=%2Fwp%2Fv2%2Fcomments&post=45344"}],"version-history":[{"count":0,"href":"https:\/\/arantv.az\/index.php?rest_route=\/wp\/v2\/posts\/45344\/revisions"}],"wp:featuredmedia":[{"embeddable":true,"href":"https:\/\/arantv.az\/index.php?rest_route=\/wp\/v2\/media\/45345"}],"wp:attachment":[{"href":"https:\/\/arantv.az\/index.php?rest_route=%2Fwp%2Fv2%2Fmedia&parent=45344"}],"wp:term":[{"taxonomy":"category","embeddable":true,"href":"https:\/\/arantv.az\/index.php?rest_route=%2Fwp%2Fv2%2Fcategories&post=45344"},{"taxonomy":"post_tag","embeddable":true,"href":"https:\/\/arantv.az\/index.php?rest_route=%2Fwp%2Fv2%2Ftags&post=45344"}],"curies":[{"name":"wp","href":"https:\/\/api.w.org\/{rel}","templated":true}]}}