{"id":45351,"date":"2019-03-14T13:12:05","date_gmt":"2019-03-14T10:12:05","guid":{"rendered":"http:\/\/arantv.az\/?p=45351"},"modified":"2019-03-14T13:12:05","modified_gmt":"2019-03-14T10:12:05","slug":"az%c9%99rbaycan-prezidenti-erm%c9%99nistan-hokum%c9%99tinin-danisiqlar-formatini-d%c9%99yisdirm%c9%99y%c9%99-c%c9%99hd-etm%c9%99si-q%c9%99buledilm%c9%99zdir","status":"publish","type":"post","link":"https:\/\/arantv.az\/?p=45351","title":{"rendered":"Az\u0259rbaycan Prezidenti: &#8220;Erm\u0259nistan h\u00f6kum\u0259tinin dan\u0131\u015f\u0131qlar format\u0131n\u0131 d\u0259yi\u015fdirm\u0259y\u0259 c\u0259hd etm\u0259si q\u0259buledilm\u0259zdir&#8221;"},"content":{"rendered":"<blockquote><p><em><strong>Erm\u0259nistan h\u00f6kum\u0259tinin dan\u0131\u015f\u0131qlar format\u0131n\u0131 d\u0259yi\u015fdirm\u0259y\u0259 c\u0259hd etm\u0259si q\u0259buledilm\u0259zdir.<\/strong><\/em><\/p><\/blockquote>\n<p><strong>ARANTV.AZ<\/strong> az\u0259rtac-a istinad\u0259n x\u0259b\u0259r verir ki, bunu Az\u0259rbaycan Prezidenti \u0130lham \u018fliyev VII Qlobal Bak\u0131 Forumunda \u00e7\u0131x\u0131\u015f\u0131 zaman\u0131 deyib.<\/p>\n<p>Erm\u0259nistan-Az\u0259rbaycan Da\u011fl\u0131q Qaraba\u011f m\u00fcnaqi\u015f\u0259si v\u0259 bu m\u00fcnaqi\u015f\u0259nin n\u0259tic\u0259l\u0259ri bar\u0259d\u0259 \u0259trafl\u0131 dan\u0131\u015fan Az\u0259rbaycan Prezidenti bir milyondan \u00e7ox qa\u00e7q\u0131n v\u0259 m\u0259cburi k\u00f6\u00e7k\u00fcn\u00fcn bu g\u00fcn d\u0259 bu i\u015f\u011fal\u0131n n\u0259tic\u0259l\u0259rind\u0259n \u0259ziyy\u0259t \u00e7\u0259kdiyini, xalq\u0131m\u0131za qar\u015f\u0131 etnik t\u0259mizl\u0259m\u0259 apar\u0131ld\u0131\u011f\u0131n\u0131, tarixi abid\u0259l\u0259rimizin da\u011f\u0131ld\u0131\u011f\u0131n\u0131 xat\u0131rlad\u0131b.<\/p>\n<p>D\u00f6vl\u0259timizin ba\u015f\u00e7\u0131s\u0131 bildirib ki, bu i\u015f\u011fal beyn\u0259lxalq t\u0259\u015fkilatlar\u0131n beyn\u0259lxalq h\u00fcquqa \u0259saslanan q\u0259tnam\u0259l\u0259rinin pozulmas\u0131 dem\u0259kdir v\u0259 status-kvo q\u0259buledilm\u0259zdir, onun d\u0259yi\u015fdirilm\u0259si \u00fc\u00e7\u00fcn is\u0259 Erm\u0259nistan Az\u0259rbaycan \u0259razil\u0259rind\u0259n \u00f6z qo\u015funlar\u0131n\u0131 \u00e7\u0131xarmal\u0131d\u0131r: &#8220;Biz g\u00f6r\u00fcr\u00fck ki, Erm\u0259nistan h\u00f6kum\u0259ti bu g\u00fcn dan\u0131\u015f\u0131qlar format\u0131n\u0131 d\u0259yi\u015fdirm\u0259y\u0259 c\u0259hd edir. Bu is\u0259 q\u0259buledilm\u0259zdir. Beyn\u0259lxalq t\u0259\u015fkilatlar, AT\u018fT-in Minsk qrupunun h\u0259ms\u0259drl\u0259ri d\u0259 bunu b\u0259yan edirl\u0259r&#8221;.<\/p>\n<p>Prezident \u0130lham \u018fliyev bu format\u0131n art\u0131q uzun ill\u0259rdir m\u00f6vcud oldu\u011funu bildirib v\u0259 bunu d\u0259yi\u015fdirm\u0259k c\u0259hdini dan\u0131\u015f\u0131qlar prosesini bloklamaq c\u0259hdi kimi s\u0259ciyy\u0259l\u0259ndirib. Vur\u011fulay\u0131b ki, dan\u0131\u015f\u0131qlar yaln\u0131z dan\u0131\u015f\u0131qlar xatirin\u0259 apar\u0131lmamal\u0131d\u0131r.<\/p>\n","protected":false},"excerpt":{"rendered":"<p>Erm\u0259nistan h\u00f6kum\u0259tinin dan\u0131\u015f\u0131qlar format\u0131n\u0131 d\u0259yi\u015fdirm\u0259y\u0259 c\u0259hd etm\u0259si q\u0259buledilm\u0259zdir. ARANTV.AZ az\u0259rtac-a istinad\u0259n x\u0259b\u0259r verir ki, bunu Az\u0259rbaycan Prezidenti \u0130lham \u018fliyev VII Qlobal Bak\u0131 Forumunda \u00e7\u0131x\u0131\u015f\u0131 zaman\u0131 deyib. Erm\u0259nistan-Az\u0259rbaycan Da\u011fl\u0131q Qaraba\u011f m\u00fcnaqi\u015f\u0259si v\u0259 bu m\u00fcnaqi\u015f\u0259nin n\u0259tic\u0259l\u0259ri bar\u0259d\u0259 \u0259trafl\u0131 dan\u0131\u015fan Az\u0259rbaycan Prezidenti bir milyondan \u00e7ox qa\u00e7q\u0131n v\u0259 m\u0259cburi k\u00f6\u00e7k\u00fcn\u00fcn bu g\u00fcn d\u0259 bu i\u015f\u011fal\u0131n n\u0259tic\u0259l\u0259rind\u0259n \u0259ziyy\u0259t \u00e7\u0259kdiyini, xalq\u0131m\u0131za qar\u015f\u0131 etnik t\u0259mizl\u0259m\u0259 apar\u0131ld\u0131\u011f\u0131n\u0131, tarixi abid\u0259l\u0259rimizin da\u011f\u0131ld\u0131\u011f\u0131n\u0131 xat\u0131rlad\u0131b. D\u00f6vl\u0259timizin ba\u015f\u00e7\u0131s\u0131 bildirib ki, bu i\u015f\u011fal beyn\u0259lxalq t\u0259\u015fkilatlar\u0131n beyn\u0259lxalq h\u00fcquqa \u0259saslanan q\u0259tnam\u0259l\u0259rinin pozulmas\u0131 dem\u0259kdir v\u0259 status-kvo q\u0259buledilm\u0259zdir, onun d\u0259yi\u015fdirilm\u0259si \u00fc\u00e7\u00fcn is\u0259 Erm\u0259nistan Az\u0259rbaycan \u0259razil\u0259rind\u0259n \u00f6z qo\u015funlar\u0131n\u0131 \u00e7\u0131xarmal\u0131d\u0131r:&hellip;<\/p>\n","protected":false},"author":2,"featured_media":45352,"comment_status":"closed","ping_status":"closed","sticky":false,"template":"","format":"standard","meta":{"om_disable_all_campaigns":false,"_monsterinsights_skip_tracking":false,"_monsterinsights_sitenote_active":false,"_monsterinsights_sitenote_note":"","_monsterinsights_sitenote_category":0},"categories":[4],"tags":[],"aioseo_notices":[],"gutentor_comment":0,"rttpg_featured_image_url":{"full":["https:\/\/arantv.az\/wp-content\/uploads\/2019\/03\/738858.jpg",1000,665,false],"landscape":["https:\/\/arantv.az\/wp-content\/uploads\/2019\/03\/738858.jpg",1000,665,false],"portraits":["https:\/\/arantv.az\/wp-content\/uploads\/2019\/03\/738858.jpg",1000,665,false],"thumbnail":["https:\/\/arantv.az\/wp-content\/uploads\/2019\/03\/738858-150x150.jpg",150,150,true],"medium":["https:\/\/arantv.az\/wp-content\/uploads\/2019\/03\/738858-300x200.jpg",300,200,true],"large":["https:\/\/arantv.az\/wp-content\/uploads\/2019\/03\/738858.jpg",640,426,false],"1536x1536":["https:\/\/arantv.az\/wp-content\/uploads\/2019\/03\/738858.jpg",1000,665,false],"2048x2048":["https:\/\/arantv.az\/wp-content\/uploads\/2019\/03\/738858.jpg",1000,665,false],"post-thumbnail":["https:\/\/arantv.az\/wp-content\/uploads\/2019\/03\/738858-240x172.jpg",240,172,true],"advps-thumb-one":["https:\/\/arantv.az\/wp-content\/uploads\/2019\/03\/738858-1000x620.jpg",1000,620,true]},"rttpg_author":{"display_name":"V\u00fcsal Rafiqo\u011flu","author_link":"https:\/\/arantv.az\/?author=2"},"rttpg_comment":0,"rttpg_category":"<a href=\"https:\/\/arantv.az\/?cat=4\" rel=\"category\">Siyas\u0259t<\/a>","rttpg_excerpt":"Erm\u0259nistan h\u00f6kum\u0259tinin dan\u0131\u015f\u0131qlar format\u0131n\u0131 d\u0259yi\u015fdirm\u0259y\u0259 c\u0259hd etm\u0259si q\u0259buledilm\u0259zdir. ARANTV.AZ az\u0259rtac-a istinad\u0259n x\u0259b\u0259r verir ki, bunu Az\u0259rbaycan Prezidenti \u0130lham \u018fliyev VII Qlobal Bak\u0131 Forumunda \u00e7\u0131x\u0131\u015f\u0131 zaman\u0131 deyib. Erm\u0259nistan-Az\u0259rbaycan Da\u011fl\u0131q Qaraba\u011f m\u00fcnaqi\u015f\u0259si v\u0259 bu m\u00fcnaqi\u015f\u0259nin n\u0259tic\u0259l\u0259ri bar\u0259d\u0259 \u0259trafl\u0131 dan\u0131\u015fan Az\u0259rbaycan Prezidenti bir milyondan \u00e7ox qa\u00e7q\u0131n v\u0259 m\u0259cburi k\u00f6\u00e7k\u00fcn\u00fcn bu g\u00fcn d\u0259 bu i\u015f\u011fal\u0131n n\u0259tic\u0259l\u0259rind\u0259n \u0259ziyy\u0259t \u00e7\u0259kdiyini, xalq\u0131m\u0131za&hellip;","_links":{"self":[{"href":"https:\/\/arantv.az\/index.php?rest_route=\/wp\/v2\/posts\/45351"}],"collection":[{"href":"https:\/\/arantv.az\/index.php?rest_route=\/wp\/v2\/posts"}],"about":[{"href":"https:\/\/arantv.az\/index.php?rest_route=\/wp\/v2\/types\/post"}],"author":[{"embeddable":true,"href":"https:\/\/arantv.az\/index.php?rest_route=\/wp\/v2\/users\/2"}],"replies":[{"embeddable":true,"href":"https:\/\/arantv.az\/index.php?rest_route=%2Fwp%2Fv2%2Fcomments&post=45351"}],"version-history":[{"count":0,"href":"https:\/\/arantv.az\/index.php?rest_route=\/wp\/v2\/posts\/45351\/revisions"}],"wp:featuredmedia":[{"embeddable":true,"href":"https:\/\/arantv.az\/index.php?rest_route=\/wp\/v2\/media\/45352"}],"wp:attachment":[{"href":"https:\/\/arantv.az\/index.php?rest_route=%2Fwp%2Fv2%2Fmedia&parent=45351"}],"wp:term":[{"taxonomy":"category","embeddable":true,"href":"https:\/\/arantv.az\/index.php?rest_route=%2Fwp%2Fv2%2Fcategories&post=45351"},{"taxonomy":"post_tag","embeddable":true,"href":"https:\/\/arantv.az\/index.php?rest_route=%2Fwp%2Fv2%2Ftags&post=45351"}],"curies":[{"name":"wp","href":"https:\/\/api.w.org\/{rel}","templated":true}]}}