{"id":45354,"date":"2019-03-14T13:12:52","date_gmt":"2019-03-14T10:12:52","guid":{"rendered":"http:\/\/arantv.az\/?p=45354"},"modified":"2019-03-14T13:12:52","modified_gmt":"2019-03-14T10:12:52","slug":"prezident-ilham-%c9%99liyev-az%c9%99rbaycanin-n%c9%99qliyyat-t%c9%99s%c9%99bbusl%c9%99ri-genis-beyn%c9%99lxalq-%c9%99m%c9%99kdasliqla-n%c9%99tic%c9%99l%c9%99nir","status":"publish","type":"post","link":"https:\/\/arantv.az\/?p=45354","title":{"rendered":"Prezident \u0130lham \u018fliyev: &#8220;Az\u0259rbaycan\u0131n n\u0259qliyyat t\u0259\u015f\u0259bb\u00fcsl\u0259ri geni\u015f beyn\u0259lxalq \u0259m\u0259kda\u015fl\u0131qla n\u0259tic\u0259l\u0259nir&#8221;"},"content":{"rendered":"<blockquote><p><em><strong>Az\u0259rbaycan enerji t\u0259hl\u00fck\u0259sizliyin\u0259 b\u00f6y\u00fck t\u00f6hf\u0259l\u0259r verir, b\u00f6y\u00fck s\u0259rmay\u0259l\u0259r qoyur. M\u00fch\u00fcm beyn\u0259lxalq enerji \u015firk\u0259tl\u0259ri il\u0259 bir yerd\u0259 g\u00f6rd\u00fcy\u00fcm\u00fcz i\u015fl\u0259r t\u0259kc\u0259 xalq\u0131m\u0131za m\u0259nf\u0259\u0259t g\u0259tirmir, eyni zamanda, Az\u0259rbaycanda v\u0259 regionda on minl\u0259rl\u0259 yeni i\u015f yeri yarad\u0131r v\u0259 t\u0259bii ki, beyn\u0259lxalq \u0259m\u0259kda\u015fl\u0131\u011fa \u00f6z t\u00f6hf\u0259sini verir.<\/strong><\/em><\/p><\/blockquote>\n<p><strong>ARANTV.AZ<\/strong> az\u0259rtac-a istinad\u0259n x\u0259b\u0259r verir ki, bu fikirl\u0259ri Prezident \u0130lham \u018fliyev VII Qlobal Bak\u0131 Forumunun a\u00e7\u0131l\u0131\u015f\u0131ndak\u0131 nitqind\u0259 bildirib.<\/p>\n<p>D\u00f6vl\u0259timizin ba\u015f\u00e7\u0131s\u0131 qeyd edib ki, Az\u0259rbaycan neft k\u0259m\u0259rl\u0259ri vasit\u0259sil\u0259 X\u0259z\u0259r d\u0259nizini Qara v\u0259 Aral\u0131q d\u0259nizl\u0259ri il\u0259 birl\u0259\u015fdirdi: &#8220;Bu, tarixd\u0259 ilk d\u0259f\u0259 bizim say\u0259mizd\u0259 m\u00fcmk\u00fcn oldu. Bu g\u00fcn biz Az\u0259rbaycan, G\u00fcrc\u00fcstan, T\u00fcrkiy\u0259, Bolqar\u0131stan, Albaniya, Yunan\u0131stan v\u0259 \u0130taliyan\u0131 birl\u0259\u015fdir\u0259n n\u0259h\u0259ng qaz k\u0259m\u0259ri layih\u0259sini h\u0259yata ke\u00e7iririk. S\u00f6hb\u0259t yekunla\u015fmaq \u00fczr\u0259 olan TAP k\u0259m\u0259rind\u0259n gedir. Biz C\u0259nub Qaz D\u0259hlizini \u00f6t\u0259n il istismara verdik v\u0259 h\u0259min ilin iyun ay\u0131nda onun komponenti olan TANAP k\u0259m\u0259ri d\u0259 istifad\u0259y\u0259 verildi. Az\u0259rbaycan qaz\u0131 h\u0259min k\u0259m\u0259r vasit\u0259sil\u0259 art\u0131q n\u0259ql olunur v\u0259 \u00fcmid edir\u0259m ki, g\u0259l\u0259n il biz bu layih\u0259ni tam \u015f\u0259kild\u0259 ba\u015fa \u00e7atd\u0131raca\u011f\u0131q. Bu, regionda \u0259n n\u0259h\u0259ng infrastruktur layih\u0259sidir, ona qoyulan b\u00fct\u00fcn s\u0259rmay\u0259l\u0259rin h\u0259cmi t\u0259qrib\u0259n 40 milyon AB\u015e dollar\u0131na b\u0259rab\u0259rdir. Burada biz g\u00fccl\u00fc beyn\u0259lxalq maliyy\u0259 t\u0259sisatlar\u0131n\u0131n d\u0259st\u0259yini g\u00f6r\u00fcr\u00fck, burada korporativ maliyy\u0259 v\u0259saitl\u0259ri istifad\u0259 olunur. Y\u0259ni, bu, \u00f6lk\u0259l\u0259r v\u0259 \u015firk\u0259tl\u0259r aras\u0131nda olan s\u0131x \u0259m\u0259kda\u015fl\u0131\u011f\u0131n n\u00fcmun\u0259sidir v\u0259 t\u0259bii ki, bizim planlar\u0131m\u0131z daha ir\u0259li ged\u0259n planlard\u0131r. Biz art\u0131q Balkan \u00f6lk\u0259l\u0259ri, Bosniya v\u0259 Herseqovina, Xorvatiya, Monteneqro il\u0259 anla\u015fma memorandumlar\u0131 imzalam\u0131\u015f\u0131q v\u0259 \u00fcmid edir\u0259m ki, n\u00f6vb\u0259ti m\u0259rh\u0259l\u0259d\u0259 s\u0131x \u0259m\u0259kda\u015fl\u0131\u011fa ba\u015flayaca\u011f\u0131q&#8221;.<\/p>\n<p>\u0130lham \u018fliyev bildirib ki, bu layih\u0259y\u0259 c\u0259lb olunmaq ist\u0259y\u0259n \u00f6lk\u0259l\u0259rin co\u011frafiyas\u0131 da g\u00fcnd\u0259n-g\u00fcn\u0259 art\u0131r: &#8220;Bu, bir daha onu g\u00f6st\u0259rir ki, bizim n\u0259qliyyat t\u0259\u015f\u0259bb\u00fcsl\u0259rimiz geni\u015f beyn\u0259lxalq \u0259m\u0259kda\u015fl\u0131qla n\u0259tic\u0259l\u0259nir. Biz enerji v\u0259 n\u0259qliyyat sah\u0259sind\u0259 geni\u015f \u0259m\u0259kda\u015fl\u0131q format\u0131 yarada bilmi\u015fik. Burada Asiya, Avropa \u00f6lk\u0259l\u0259ri v\u0259 t\u0259bii ki, Avropa \u0130ttifaq\u0131na \u00fczv olan d\u00f6vl\u0259tl\u0259r i\u015ftirak edir. Bu, \u00e7ox b\u00f6y\u00fck bir nailiyy\u0259tdir, b\u00f6y\u00fck s\u0259rv\u0259timizdir v\u0259 biz yaln\u0131z bu prosesin ilkin m\u0259rh\u0259l\u0259sind\u0259yik. Bu proses ba\u015fa \u00e7atd\u0131qdan sonra b\u00f6y\u00fck iqtisadi m\u0259nf\u0259\u0259t olacaq, on minl\u0259rl\u0259 yeni i\u015f yeri yaranacaq v\u0259 t\u0259bii ki, bu, \u00f6lk\u0259l\u0259ri biri-birin\u0259 daha da s\u0131x ba\u011flayacaq&#8221;.<\/p>\n","protected":false},"excerpt":{"rendered":"<p>Az\u0259rbaycan enerji t\u0259hl\u00fck\u0259sizliyin\u0259 b\u00f6y\u00fck t\u00f6hf\u0259l\u0259r verir, b\u00f6y\u00fck s\u0259rmay\u0259l\u0259r qoyur. M\u00fch\u00fcm beyn\u0259lxalq enerji \u015firk\u0259tl\u0259ri il\u0259 bir yerd\u0259 g\u00f6rd\u00fcy\u00fcm\u00fcz i\u015fl\u0259r t\u0259kc\u0259 xalq\u0131m\u0131za m\u0259nf\u0259\u0259t g\u0259tirmir, eyni zamanda, Az\u0259rbaycanda v\u0259 regionda on minl\u0259rl\u0259 yeni i\u015f yeri yarad\u0131r v\u0259 t\u0259bii ki, beyn\u0259lxalq \u0259m\u0259kda\u015fl\u0131\u011fa \u00f6z t\u00f6hf\u0259sini verir. ARANTV.AZ az\u0259rtac-a istinad\u0259n x\u0259b\u0259r verir ki, bu fikirl\u0259ri Prezident \u0130lham \u018fliyev VII Qlobal Bak\u0131 Forumunun a\u00e7\u0131l\u0131\u015f\u0131ndak\u0131 nitqind\u0259 bildirib. D\u00f6vl\u0259timizin ba\u015f\u00e7\u0131s\u0131 qeyd edib ki, Az\u0259rbaycan neft k\u0259m\u0259rl\u0259ri vasit\u0259sil\u0259 X\u0259z\u0259r d\u0259nizini Qara v\u0259 Aral\u0131q d\u0259nizl\u0259ri il\u0259 birl\u0259\u015fdirdi: &#8220;Bu, tarixd\u0259 ilk d\u0259f\u0259 bizim say\u0259mizd\u0259 m\u00fcmk\u00fcn oldu. Bu g\u00fcn biz Az\u0259rbaycan, G\u00fcrc\u00fcstan, T\u00fcrkiy\u0259,&hellip;<\/p>\n","protected":false},"author":2,"featured_media":45355,"comment_status":"closed","ping_status":"closed","sticky":false,"template":"","format":"standard","meta":{"om_disable_all_campaigns":false,"_monsterinsights_skip_tracking":false,"_monsterinsights_sitenote_active":false,"_monsterinsights_sitenote_note":"","_monsterinsights_sitenote_category":0},"categories":[4],"tags":[],"aioseo_notices":[],"gutentor_comment":0,"rttpg_featured_image_url":{"full":["https:\/\/arantv.az\/wp-content\/uploads\/2019\/03\/738845.jpg",800,600,false],"landscape":["https:\/\/arantv.az\/wp-content\/uploads\/2019\/03\/738845.jpg",800,600,false],"portraits":["https:\/\/arantv.az\/wp-content\/uploads\/2019\/03\/738845.jpg",800,600,false],"thumbnail":["https:\/\/arantv.az\/wp-content\/uploads\/2019\/03\/738845-150x150.jpg",150,150,true],"medium":["https:\/\/arantv.az\/wp-content\/uploads\/2019\/03\/738845-300x225.jpg",300,225,true],"large":["https:\/\/arantv.az\/wp-content\/uploads\/2019\/03\/738845.jpg",640,480,false],"1536x1536":["https:\/\/arantv.az\/wp-content\/uploads\/2019\/03\/738845.jpg",800,600,false],"2048x2048":["https:\/\/arantv.az\/wp-content\/uploads\/2019\/03\/738845.jpg",800,600,false],"post-thumbnail":["https:\/\/arantv.az\/wp-content\/uploads\/2019\/03\/738845-240x172.jpg",240,172,true],"advps-thumb-one":["https:\/\/arantv.az\/wp-content\/uploads\/2019\/03\/738845.jpg",800,600,false]},"rttpg_author":{"display_name":"V\u00fcsal Rafiqo\u011flu","author_link":"https:\/\/arantv.az\/?author=2"},"rttpg_comment":0,"rttpg_category":"<a href=\"https:\/\/arantv.az\/?cat=4\" rel=\"category\">Siyas\u0259t<\/a>","rttpg_excerpt":"Az\u0259rbaycan enerji t\u0259hl\u00fck\u0259sizliyin\u0259 b\u00f6y\u00fck t\u00f6hf\u0259l\u0259r verir, b\u00f6y\u00fck s\u0259rmay\u0259l\u0259r qoyur. M\u00fch\u00fcm beyn\u0259lxalq enerji \u015firk\u0259tl\u0259ri il\u0259 bir yerd\u0259 g\u00f6rd\u00fcy\u00fcm\u00fcz i\u015fl\u0259r t\u0259kc\u0259 xalq\u0131m\u0131za m\u0259nf\u0259\u0259t g\u0259tirmir, eyni zamanda, Az\u0259rbaycanda v\u0259 regionda on minl\u0259rl\u0259 yeni i\u015f yeri yarad\u0131r v\u0259 t\u0259bii ki, beyn\u0259lxalq \u0259m\u0259kda\u015fl\u0131\u011fa \u00f6z t\u00f6hf\u0259sini verir. ARANTV.AZ az\u0259rtac-a istinad\u0259n x\u0259b\u0259r verir ki, bu fikirl\u0259ri Prezident \u0130lham \u018fliyev VII Qlobal Bak\u0131&hellip;","_links":{"self":[{"href":"https:\/\/arantv.az\/index.php?rest_route=\/wp\/v2\/posts\/45354"}],"collection":[{"href":"https:\/\/arantv.az\/index.php?rest_route=\/wp\/v2\/posts"}],"about":[{"href":"https:\/\/arantv.az\/index.php?rest_route=\/wp\/v2\/types\/post"}],"author":[{"embeddable":true,"href":"https:\/\/arantv.az\/index.php?rest_route=\/wp\/v2\/users\/2"}],"replies":[{"embeddable":true,"href":"https:\/\/arantv.az\/index.php?rest_route=%2Fwp%2Fv2%2Fcomments&post=45354"}],"version-history":[{"count":0,"href":"https:\/\/arantv.az\/index.php?rest_route=\/wp\/v2\/posts\/45354\/revisions"}],"wp:featuredmedia":[{"embeddable":true,"href":"https:\/\/arantv.az\/index.php?rest_route=\/wp\/v2\/media\/45355"}],"wp:attachment":[{"href":"https:\/\/arantv.az\/index.php?rest_route=%2Fwp%2Fv2%2Fmedia&parent=45354"}],"wp:term":[{"taxonomy":"category","embeddable":true,"href":"https:\/\/arantv.az\/index.php?rest_route=%2Fwp%2Fv2%2Fcategories&post=45354"},{"taxonomy":"post_tag","embeddable":true,"href":"https:\/\/arantv.az\/index.php?rest_route=%2Fwp%2Fv2%2Ftags&post=45354"}],"curies":[{"name":"wp","href":"https:\/\/api.w.org\/{rel}","templated":true}]}}