{"id":453671,"date":"2022-03-19T10:52:38","date_gmt":"2022-03-19T07:52:38","guid":{"rendered":"http:\/\/arantv.az\/?p=453671"},"modified":"2022-03-19T10:52:38","modified_gmt":"2022-03-19T07:52:38","slug":"az%c9%99rbaycanda-%c9%99t-v%c9%99-toyuq-m%c9%99hsullari-il%c9%99-bagli-yenilik","status":"publish","type":"post","link":"https:\/\/arantv.az\/?p=453671","title":{"rendered":"Az\u0259rbaycanda \u0259t v\u0259 toyuq m\u0259hsullar\u0131 il\u0259 ba\u011fl\u0131 YEN\u0130L\u0130K"},"content":{"rendered":"<p>Bu il dekabr\u0131n 31-d\u0259k \u0259t v\u0259 toyuq m\u0259hsullar\u0131n\u0131n\u00a0Az\u0259rbaycan Respublikas\u0131n\u0131n g\u00f6mr\u00fck \u0259razisind\u0259n apar\u0131lmas\u0131 m\u00fcv\u0259qq\u0259ti olaraq t\u0259nziml\u0259n\u0259c\u0259k.<\/p>\n<p><strong>ARANTV.AZ<\/strong> x\u0259b\u0259r verir ki, bu, Nazirl\u0259r Kabinetinin Minimum istehlak s\u0259b\u0259tinin t\u0259rkibin\u0259 daxil olan bir s\u0131ra \u0259sas \u0259rzaq mallar\u0131n\u0131n v\u0259 onlar\u0131n istehsal\u0131nda<\/p>\n<p>istifad\u0259 olunan mallar\u0131n \u00f6lk\u0259 \u0259razisind\u0259n apar\u0131lmas\u0131n\u0131n t\u0259nziml\u0259nm\u0259sin\u0259 dair t\u0259dbirl\u0259r haqq\u0131nda\u201d q\u0259rar\u0131nda \u0259ksini tap\u0131b.<\/p>\n<p>H\u0259min mallar\u0131n g\u00f6mr\u00fck orqanlar\u0131 t\u0259r\u0259find\u0259n g\u00f6mr\u00fck \u0259razisind\u0259n burax\u0131l\u0131\u015f\u0131 h\u0259min mallar\u0131n \u0130qtisadiyyat Nazirliyinin m\u00fcsb\u0259t r\u0259y m\u0259ktubu il\u0259 m\u00fc\u015fayi\u0259t olunmas\u0131 \u015f\u0259rtil\u0259 h\u0259yata ke\u00e7iril\u0259c\u0259k. Q\u0259rara \u0259sas\u0259n, h\u0259min m\u0259hsullar a\u015fa\u011f\u0131dak\u0131lard\u0131r:<\/p>\n<p>&#8211; Diri iribuynuzlu mal-qara;<\/p>\n<div class=\"AdviadNativeVideo\"><\/div>\n<div class=\"AdviadNativeVideo\"><\/div>\n<p>&#8211; Diri qoyunlar v\u0259 ke\u00e7il\u0259r;<\/p>\n<div class=\"AdviadNativeVideo\"><\/div>\n<p>&#8211; T\u0259z\u0259 v\u0259 ya soyudulmu\u015f\u00a0iribuynuzlu mal-qara \u0259ti;<\/p>\n<p>&#8211; Dondurulmu\u015f iribuynuzlu\u00a0mal-qara \u0259ti;<\/p>\n<div class=\"AdviadNativeVideo\"><\/div>\n<p>&#8211; T\u0259z\u0259, soyudulmu\u015f v\u0259 ya<\/p>\n<p>dondurulmu\u015f qoyun \u0259ti v\u0259 ya ke\u00e7i \u0259ti;<\/p>\n<div class=\"AdviadNativeVideo\"><\/div>\n<p>&#8211; Ev toyuqlar\u0131n\u0131n (Gallus domesticus) hiss\u0259l\u0259r\u0259 ayr\u0131lmam\u0131\u015f, t\u0259z\u0259 v\u0259 ya<\/p>\n<p>soyudulmu\u015f \u0259ti;<\/p>\n<div class=\"AdviadNativeVideo\"><\/div>\n<p>&#8211; Ev toyuqlar\u0131n\u0131n (Gallus domesticus) hiss\u0259l\u0259r\u0259 ayr\u0131lmam\u0131\u015f, dondurulmu\u015f \u0259ti;<\/p>\n<p>&#8211; Ev toyuqlar\u0131n\u0131n (Gallus domesticus) t\u0259z\u0259 v\u0259 ya soyudulmu\u015f c\u0259md\u0259k hiss\u0259l\u0259ri<\/p>\n<div class=\"AdviadNativeVideo\"><\/div>\n<p>v\u0259 \u0259tin \u0259lav\u0259 m\u0259hsullar\u0131;<\/p>\n<p>&#8211; Ev toyuqlar\u0131n\u0131n (Gallus domesticus) dondurulmu\u015f c\u0259md\u0259k hiss\u0259l\u0259ri v\u0259 \u0259tin<\/p>\n<div class=\"AdviadNativeVideo\"><\/div>\n<p>\u0259lav\u0259 m\u0259hsullar\u0131.<\/p>\n<p>Bu q\u0259d\u0259r 2022-ci il dekabr\u0131n 31-n\u0259 q\u0259d\u0259r q\u00fcvv\u0259d\u0259 olacaq.<\/p>\n","protected":false},"excerpt":{"rendered":"<p>Bu il dekabr\u0131n 31-d\u0259k \u0259t v\u0259 toyuq m\u0259hsullar\u0131n\u0131n\u00a0Az\u0259rbaycan Respublikas\u0131n\u0131n g\u00f6mr\u00fck \u0259razisind\u0259n apar\u0131lmas\u0131 m\u00fcv\u0259qq\u0259ti olaraq t\u0259nziml\u0259n\u0259c\u0259k. ARANTV.AZ x\u0259b\u0259r verir ki, bu, Nazirl\u0259r Kabinetinin Minimum istehlak s\u0259b\u0259tinin t\u0259rkibin\u0259 daxil olan bir s\u0131ra \u0259sas \u0259rzaq mallar\u0131n\u0131n v\u0259 onlar\u0131n istehsal\u0131nda istifad\u0259 olunan mallar\u0131n \u00f6lk\u0259 \u0259razisind\u0259n apar\u0131lmas\u0131n\u0131n t\u0259nziml\u0259nm\u0259sin\u0259 dair t\u0259dbirl\u0259r haqq\u0131nda\u201d q\u0259rar\u0131nda \u0259ksini tap\u0131b. H\u0259min mallar\u0131n g\u00f6mr\u00fck orqanlar\u0131 t\u0259r\u0259find\u0259n g\u00f6mr\u00fck \u0259razisind\u0259n burax\u0131l\u0131\u015f\u0131 h\u0259min mallar\u0131n \u0130qtisadiyyat Nazirliyinin m\u00fcsb\u0259t r\u0259y m\u0259ktubu il\u0259 m\u00fc\u015fayi\u0259t olunmas\u0131 \u015f\u0259rtil\u0259 h\u0259yata ke\u00e7iril\u0259c\u0259k. Q\u0259rara \u0259sas\u0259n, h\u0259min m\u0259hsullar a\u015fa\u011f\u0131dak\u0131lard\u0131r: &#8211; Diri iribuynuzlu mal-qara; &#8211; Diri qoyunlar v\u0259 ke\u00e7il\u0259r; &#8211; T\u0259z\u0259 v\u0259 ya soyudulmu\u015f\u00a0iribuynuzlu mal-qara&hellip;<\/p>\n","protected":false},"author":2,"featured_media":453672,"comment_status":"closed","ping_status":"closed","sticky":false,"template":"","format":"standard","meta":{"om_disable_all_campaigns":false,"_monsterinsights_skip_tracking":false,"_monsterinsights_sitenote_active":false,"_monsterinsights_sitenote_note":"","_monsterinsights_sitenote_category":0},"categories":[19],"tags":[],"aioseo_notices":[],"gutentor_comment":0,"rttpg_featured_image_url":{"full":["https:\/\/arantv.az\/wp-content\/uploads\/2022\/03\/toyuq.jpg",660,438,false],"landscape":["https:\/\/arantv.az\/wp-content\/uploads\/2022\/03\/toyuq.jpg",660,438,false],"portraits":["https:\/\/arantv.az\/wp-content\/uploads\/2022\/03\/toyuq.jpg",660,438,false],"thumbnail":["https:\/\/arantv.az\/wp-content\/uploads\/2022\/03\/toyuq-500x280.jpg",500,280,true],"medium":["https:\/\/arantv.az\/wp-content\/uploads\/2022\/03\/toyuq-550x365.jpg",550,365,true],"large":["https:\/\/arantv.az\/wp-content\/uploads\/2022\/03\/toyuq.jpg",640,425,false],"1536x1536":["https:\/\/arantv.az\/wp-content\/uploads\/2022\/03\/toyuq.jpg",660,438,false],"2048x2048":["https:\/\/arantv.az\/wp-content\/uploads\/2022\/03\/toyuq.jpg",660,438,false],"post-thumbnail":["https:\/\/arantv.az\/wp-content\/uploads\/2022\/03\/toyuq-240x172.jpg",240,172,true],"advps-thumb-one":["https:\/\/arantv.az\/wp-content\/uploads\/2022\/03\/toyuq.jpg",660,438,false]},"rttpg_author":{"display_name":"V\u00fcsal Rafiqo\u011flu","author_link":"https:\/\/arantv.az\/?author=2"},"rttpg_comment":0,"rttpg_category":"<a href=\"https:\/\/arantv.az\/?cat=19\" rel=\"category\">G\u00fcnd\u0259m<\/a>","rttpg_excerpt":"Bu il dekabr\u0131n 31-d\u0259k \u0259t v\u0259 toyuq m\u0259hsullar\u0131n\u0131n\u00a0Az\u0259rbaycan Respublikas\u0131n\u0131n g\u00f6mr\u00fck \u0259razisind\u0259n apar\u0131lmas\u0131 m\u00fcv\u0259qq\u0259ti olaraq t\u0259nziml\u0259n\u0259c\u0259k. ARANTV.AZ x\u0259b\u0259r verir ki, bu, Nazirl\u0259r Kabinetinin Minimum istehlak s\u0259b\u0259tinin t\u0259rkibin\u0259 daxil olan bir s\u0131ra \u0259sas \u0259rzaq mallar\u0131n\u0131n v\u0259 onlar\u0131n istehsal\u0131nda istifad\u0259 olunan mallar\u0131n \u00f6lk\u0259 \u0259razisind\u0259n apar\u0131lmas\u0131n\u0131n t\u0259nziml\u0259nm\u0259sin\u0259 dair t\u0259dbirl\u0259r haqq\u0131nda\u201d q\u0259rar\u0131nda \u0259ksini tap\u0131b. H\u0259min mallar\u0131n g\u00f6mr\u00fck orqanlar\u0131 t\u0259r\u0259find\u0259n g\u00f6mr\u00fck&hellip;","_links":{"self":[{"href":"https:\/\/arantv.az\/index.php?rest_route=\/wp\/v2\/posts\/453671"}],"collection":[{"href":"https:\/\/arantv.az\/index.php?rest_route=\/wp\/v2\/posts"}],"about":[{"href":"https:\/\/arantv.az\/index.php?rest_route=\/wp\/v2\/types\/post"}],"author":[{"embeddable":true,"href":"https:\/\/arantv.az\/index.php?rest_route=\/wp\/v2\/users\/2"}],"replies":[{"embeddable":true,"href":"https:\/\/arantv.az\/index.php?rest_route=%2Fwp%2Fv2%2Fcomments&post=453671"}],"version-history":[{"count":0,"href":"https:\/\/arantv.az\/index.php?rest_route=\/wp\/v2\/posts\/453671\/revisions"}],"wp:featuredmedia":[{"embeddable":true,"href":"https:\/\/arantv.az\/index.php?rest_route=\/wp\/v2\/media\/453672"}],"wp:attachment":[{"href":"https:\/\/arantv.az\/index.php?rest_route=%2Fwp%2Fv2%2Fmedia&parent=453671"}],"wp:term":[{"taxonomy":"category","embeddable":true,"href":"https:\/\/arantv.az\/index.php?rest_route=%2Fwp%2Fv2%2Fcategories&post=453671"},{"taxonomy":"post_tag","embeddable":true,"href":"https:\/\/arantv.az\/index.php?rest_route=%2Fwp%2Fv2%2Ftags&post=453671"}],"curies":[{"name":"wp","href":"https:\/\/api.w.org\/{rel}","templated":true}]}}