{"id":453680,"date":"2022-03-19T10:55:20","date_gmt":"2022-03-19T07:55:20","guid":{"rendered":"http:\/\/arantv.az\/?p=453680"},"modified":"2022-03-19T10:55:20","modified_gmt":"2022-03-19T07:55:20","slug":"turkun-ulu-bayrami-yeni-il-biz%c9%99-n%c9%99-v%c9%99d-edir-arasdirma-foto","status":"publish","type":"post","link":"https:\/\/arantv.az\/?p=453680","title":{"rendered":"T\u00fcrk\u00fcn ulu bayram\u0131: Yeni il biz\u0259 n\u0259 v\u0259d edir? &#8211; ARA\u015eDIRMA + FOTO"},"content":{"rendered":"<p>Astroloqlar Novruzun g\u0259li\u015fi il\u0259 ba\u011fl\u0131 m\u00fcxt\u0259lif proqnozlar vers\u0259l\u0259r d\u0259, \u0259sas qay\u0259 budur ki, \u00f6t\u0259n il he\u00e7 n\u0259y\u0259 s\u0259rf etm\u0259diyimiz enerjimizi bu il\u00a0\u00fcmid, sevinc v\u0259 \u0259yl\u0259nc\u0259 \u0259v\u0259z ed\u0259c\u0259k. \u0130qtisadiyyatda da c\u00fcc\u0259rtil\u0259r g\u00f6r\u0259c\u0259yik. 2022-ci ild\u0259 ba\u015flayan bu tendensiya 2025-ci il\u0259 q\u0259d\u0259r artacaq.<\/p>\n<p>Elimiz\u0259 bahar g\u0259lir. T\u0259bi\u0259t canlan\u0131r, g\u00fcnl\u0259r uzanma\u011fa ba\u015flay\u0131r, torpaq isinir, a\u011faclar oyan\u0131r. \u0130lk yarpaqlar, ilk \u00e7i\u00e7\u0259kl\u0259r t\u0259bi\u0259ti b\u0259z\u0259yir. B\u0259zi heyvanlar q\u0131\u015f yuxusundan ay\u0131l\u0131r. K\u00f6\u00e7\u00fcb getmi\u015f qu\u015flar geri d\u00f6n\u00fcr. \u0130nsanlar \u0259kin\u0259-bi\u00e7in\u0259 haz\u0131rla\u015f\u0131rlar. Ona g\u00f6r\u0259 d\u0259 ulular\u0131m\u0131z \u00e7ox q\u0259dim zamanlardan bahar\u0131n ilk g\u00fcn\u00fcn\u00fc yeni ilin ba\u015flan\u011f\u0131c\u0131 kimi q\u0259bul edir v\u0259 t\u0259mt\u0259raqla qar\u015f\u0131lay\u0131rd\u0131lar.<\/p>\n<p><strong>\u201cT\u0259bi\u0259t astroloji olaraq da d\u0259yi\u015fir\u201d<\/strong><\/p>\n<div class=\"AdviadNativeVideo\"><\/div>\n<p>AMEA Nax\u00e7\u0131van B\u00f6lm\u0259sinin \u0130nc\u0259s\u0259n\u0259t, Dil v\u0259 \u018fd\u0259biyyat \u0130nstitutunun icra\u00e7\u0131 direktoru Elxan M\u0259mm\u0259dov da t\u0259sdiql\u0259yir ki, bizim \u00fc\u00e7\u00fcn yeni ilin g\u0259li\u015fi m\u0259hz Novruzla ba\u011fl\u0131d\u0131r:<\/p>\n<p>\u201cH\u0259r bir xalq\u0131n \u00f6z\u00fcn\u0259m\u0259xsus t\u0259qviml\u0259ri olub. Biz Novruzu Yeni ilin g\u0259li\u015fi kimi qeyd edirik. \u00c7oxlar\u0131 bunu fars m\u0259n\u015f\u0259li s\u00f6z kimi q\u0259bul edir. Amma farslar\u0131n q\u0259bul etm\u0259diyi bir h\u0259qiq\u0259t var ki, farslarda isim \u0259vv\u0259ld\u0259 g\u0259lir. \u018fg\u0259r bayram\u0131n ad\u0131 fars dilind\u0259 olsayd\u0131, Ruzinov olmal\u0131 idi. Bunu at\u0259\u015fp\u0259r\u0259stlikl\u0259\u00a0d\u0259 ba\u011flay\u0131rlar, amma yanl\u0131\u015fd\u0131r, q\u0259tiyy\u0259n \u0259laq\u0259si yoxdur. \u00c7\u00fcnki at\u0259\u015fp\u0259r\u0259stlikd\u0259 od m\u00fcq\u0259dd\u0259sdir. Biz is\u0259 a\u011f\u0131rl\u0131\u011f\u0131m\u0131z\u0131 oda t\u00f6k\u00fcr\u00fck. Novruz t\u00fcrk d\u00fcnyas\u0131n\u0131n bayram\u0131d\u0131r. T\u00fcrk d\u00fcnyas\u0131nda yeni ilin ilk g\u00fcn\u00fcd\u00fcr. 21 martda t\u0259bi\u0259t astroloji olaraq da d\u0259yi\u015fir, qo\u00e7 b\u00fcrc\u00fcn\u0259 daxil oluruq. Qo\u00e7un \u00f6z\u00fc d\u0259 Novruzun simvollar\u0131ndand\u0131r\u201d.<\/p>\n<p><img src=\"https:\/\/cdn.oxu.az\/uploads\/W1siZiIsIjIwMjIvMDMvMTkvMTEvMTIvMjMvODFkNGIwMDktMmZhMi00NDA0LWFmM2QtNzk5ZTU0NmJjM2QzLzE2NDc2Njk4NDhfMS5naWYiXSxbInAiLCJlbmNvZGUiLCJqcGciLCItcXVhbGl0eSA4MCJdLFsicCIsInRodW1iIiwiNTkweDU5MFx1MDAzZSJdXQ?sha=faabf366c4ab6d97\" alt=\"\" \/><\/p>\n<p><strong>T\u00fcrk\u00fcn ulu bayram\u0131<\/strong><\/p>\n<p>Folklor\u015f\u00fcnas vur\u011fulay\u0131r ki, Novruz t\u00fcrk\u00fcn ulu bayram\u0131d\u0131r:<\/p>\n<p>\u201cAz\u0259rbaycan xalq\u0131n\u0131n q\u0259dim ilkin qaynaqlar\u0131n\u0131 \u00f6z\u00fcnd\u0259 \u0259ks etdir\u0259n Novruz bayram\u0131 \u0259kin\u00e7ilik h\u0259yat\u0131n\u0131n ba\u015flan\u011f\u0131c\u0131, \u00f6l\u00fcb-dirilm\u0259 tanr\u0131s\u0131n\u0131 \u00f6z\u00fcnd\u0259 t\u0259c\u0259ss\u00fcm etdir\u0259n t\u00fcrk\u00fcn ulu bayram\u0131d\u0131r. Novruz bayram\u0131 insanlar aras\u0131nda b\u0259rab\u0259rlik, dostluq, s\u00fclh bayram\u0131 olmaqla yana\u015f\u0131, milli v\u0259 b\u0259\u015f\u0259ri d\u0259y\u0259rl\u0259rimizi \u00f6z\u00fcnd\u0259 \u0259ks etdir\u0259n, xalq\u0131 firavan h\u0259yata, s\u00fclh\u0259, dostlu\u011fa \u00e7a\u011f\u0131ran z\u0259ngin, \u0259v\u0259zsiz yaz bayram\u0131d\u0131r\u201d.<\/p>\n<p><strong>Novruz ili biz\u0259 n\u0259 v\u0259d edir?<\/strong><\/p>\n<p><strong><img src=\"https:\/\/cdn.oxu.az\/uploads\/W1siZiIsIjIwMjIvMDMvMTkvMTEvMTIvMjMvOTNkNGQzNzMtZWM5NS00YTc5LTlmNjUtNGM4Y2ViMzdiMGM1LzE2NDc2Njk4NzdfMi5naWYiXSxbInAiLCJlbmNvZGUiLCJqcGciLCItcXVhbGl0eSA4MCJdLFsicCIsInRodW1iIiwiNTkweDU5MFx1MDAzZSJdXQ?sha=770f0926759495d6\" alt=\"\" \/><\/strong><\/p>\n<p>Xalq \u015faxtadan, soyuqdan, q\u0131\u015f\u0131n \u0259ziyy\u0259tind\u0259n qurtulmas\u0131n\u0131n ilk g\u00fcn\u00fcn\u00fc bayram edir. Mart\u0131n 21-d\u0259 astronomik yaz b\u0259rab\u0259rliyi g\u00fcn\u00fc qeyd olunur. D\u00fcnyada 300 milyondan \u00e7ox insan \u00fc\u00e7\u00fcn bu g\u00fcn yeni ilin ba\u015flan\u011f\u0131c\u0131d\u0131r. B\u0259s bu il biz\u0259 n\u0259 v\u0259d edir?<\/p>\n<p><strong>\u0130nsanlar\u0131n s\u0259bir kasas\u0131n\u0131n doldu\u011fu il?<\/strong><\/p>\n<p>Astroloq S\u0259buhi R\u0259himli\u00a0<strong><a href=\"https:\/\/kaspi.az\/az\/en-qedim-yeni-il-arasdirma?fbclid=IwAR3vnH075jc90fd6cRsmoDkXDMH5NY1ciREyZeCLYbGjKsAkBwVw9eOgiIE\" target=\"_blank\" rel=\"noopener\">\u201cKaspi\u201d q\u0259zeti<\/a><\/strong>n\u0259\u00a0a\u00e7\u0131qlamas\u0131nda bildirdi ki, g\u00fcn\u0259\u015fin qo\u00e7 b\u00fcrc\u00fcn\u0259 daxil oldu\u011fu m\u0259qam yaz\u0131n g\u0259li\u015fini g\u00f6st\u0259rir. Gec\u0259 il\u0259 g\u00fcnd\u00fcz b\u0259rab\u0259rl\u0259\u015fir:<\/p>\n<p>\u201cG\u00fcn\u0259\u015f qo\u00e7 b\u00fcrc\u00fcn\u0259 gir\u0259nd\u0259n sonra ilk dan yeri s\u00f6k\u00fcl\u0259nd\u0259 art\u0131q yaz\u0131n ba\u015fland\u0131\u011f\u0131 g\u00fcn say\u0131l\u0131r. Bu il yeni il mart\u0131n 19-da Bak\u0131 vaxtil\u0259 saat 19:33-d\u0259 g\u0259lir. Y\u0259ni ert\u0259si g\u00fcn art\u0131q Yeni ilin ilk g\u00fcn\u00fcd\u00fcr\u201d.<\/p>\n<p>Astroloq vur\u011fulay\u0131r ki, b\u0259bir ili d\u0259 p\u0259l\u0259ngl\u0259 eyni xarakter\u0259 malikdir:<\/p>\n<p>\u201c\u0130nsanlar\u0131 riyakarl\u0131\u011fa, yanl\u0131\u015fl\u0131\u011fa, \u015f\u0259r ruhun t\u00f6r\u0259tdiyi m\u0259qamlara qar\u015f\u0131 m\u00fcbariz\u0259 aparma\u011fa s\u00f6vq edir. Yalana qar\u015f\u0131 d\u00fcr\u00fcstl\u00fcy\u00fc, \u0259xlaqs\u0131zl\u0131\u011fa qar\u015f\u0131 etiraz\u0131 t\u0259lqin edir. Ona g\u00f6r\u0259 d\u0259 d\u00fcnyada i\u011fti\u015fa\u015flar, insanlar\u0131n etiraz\u0131 olacaq. B\u0259bir ili insanlar\u0131n s\u0259bir kasas\u0131n\u0131n doldu\u011fu ildir\u201d.<\/p>\n<p><strong>G\u00fcc v\u0259 liderlik&#8230;<\/strong><\/p>\n<p>T\u00fcrk astroloq Lara Ceren bu t\u0259qvimin \u201ck\u0259nd\u00e7i t\u0259qvimi\u201d adland\u0131r\u0131ld\u0131\u011f\u0131n\u0131 deyir. Y\u0259ni onlar \u00fc\u00e7\u00fcn yeni il a\u011faclar\u0131n \u00e7i\u00e7\u0259kl\u0259ndiyi, t\u0259bi\u0259tin oyand\u0131\u011f\u0131 ildir. Bu t\u0259qvimin 5 min illik \u00f6mr\u00fc var. Astroloq deyir ki, b\u0259bir ili g\u00fcc\u00fc v\u0259 liderliyi xarakteriz\u0259 edir:<\/p>\n<p>\u201cBu ilin g\u00fccl\u00fcy\u0259 m\u00fcsb\u0259t enerjisi var. H\u0259m\u00e7inin, 2022-ci il odu simvoliz\u0259 edir. T\u0259xmin\u0259n 3-4 ildir g\u00f6rm\u0259diyimiz od \u00fcns\u00fcr\u00fc, n\u0259hay\u0259t g\u0259ldi. Ke\u00e7\u0259n il he\u00e7 n\u0259y\u0259 s\u0259rf etm\u0259diyimiz enerjimizi bu il\u00a0 \u00fcmid, sevinc v\u0259 \u0259yl\u0259nc\u0259 \u0259v\u0259z ed\u0259c\u0259k. \u0130qtisadiyyatda da c\u00fcc\u0259rtil\u0259r g\u00f6r\u0259c\u0259yik. 2022-ci ild\u0259 ba\u015flayan bu tendensiya 2025-ci il\u0259 q\u0259d\u0259r g\u00fccl\u00fc \u015f\u0259kild\u0259 artacaq\u201d.<\/p>\n<p><strong>B\u0259s pandemiya?<\/strong><\/p>\n<p>Astroloqun proqnozuna g\u00f6r\u0259, pandemiya m\u00fctl\u0259q bit\u0259c\u0259k:<\/p>\n<p>\u201c2022-ci ilin ilk 6 ay\u0131nda virusun \u00f6l\u00fcmc\u00fcl t\u0259hl\u00fck\u0259l\u0259rind\u0259n qurtulma\u011fa ba\u015flayaca\u011f\u0131q. COVID soyuqd\u0259ym\u0259 v\u0259 qrip kimi sad\u0259 bir d\u0259rmanla m\u00fcalic\u0259 olunacaq x\u0259st\u0259liy\u0259 \u00e7evril\u0259c\u0259k. Lakin od elementi \u00fcr\u0259kl\u0259 \u0259laq\u0259li h\u0259ssasl\u0131\u011f\u0131 olan insanlar\u0131 narahat ed\u0259 bil\u0259r. T\u0259bii ki, bu, ham\u0131da bel\u0259 deyil. Amma x\u0259st\u0259lik qap\u0131m\u0131z\u0131 d\u00f6ym\u0259mi\u015f, bel\u0259 problem varsa, m\u00fcayin\u0259 olunmal\u0131y\u0131q. B\u0259bir sabit v\u0259 liderdir. Ba\u015flad\u0131\u011f\u0131 i\u015fi ba\u015fa \u00e7atd\u0131rmaq v\u0259 ya\u015fad\u0131\u011f\u0131 m\u00fchitd\u0259 daha da g\u00fccl\u0259nm\u0259k ist\u0259yir. Bu s\u0259b\u0259bd\u0259n p\u0259hriz saxlay\u0131b idmana ba\u015flamaq ist\u0259y\u0259n, lakin o enerjini tapa bilm\u0259y\u0259nl\u0259r ist\u0259dikl\u0259rin\u0259 nail olacaqlar\u201d.<\/p>\n","protected":false},"excerpt":{"rendered":"<p>Astroloqlar Novruzun g\u0259li\u015fi il\u0259 ba\u011fl\u0131 m\u00fcxt\u0259lif proqnozlar vers\u0259l\u0259r d\u0259, \u0259sas qay\u0259 budur ki, \u00f6t\u0259n il he\u00e7 n\u0259y\u0259 s\u0259rf etm\u0259diyimiz enerjimizi bu il\u00a0\u00fcmid, sevinc v\u0259 \u0259yl\u0259nc\u0259 \u0259v\u0259z ed\u0259c\u0259k. \u0130qtisadiyyatda da c\u00fcc\u0259rtil\u0259r g\u00f6r\u0259c\u0259yik. 2022-ci ild\u0259 ba\u015flayan bu tendensiya 2025-ci il\u0259 q\u0259d\u0259r artacaq. Elimiz\u0259 bahar g\u0259lir. T\u0259bi\u0259t canlan\u0131r, g\u00fcnl\u0259r uzanma\u011fa ba\u015flay\u0131r, torpaq isinir, a\u011faclar oyan\u0131r. \u0130lk yarpaqlar, ilk \u00e7i\u00e7\u0259kl\u0259r t\u0259bi\u0259ti b\u0259z\u0259yir. B\u0259zi heyvanlar q\u0131\u015f yuxusundan ay\u0131l\u0131r. K\u00f6\u00e7\u00fcb getmi\u015f qu\u015flar geri d\u00f6n\u00fcr. \u0130nsanlar \u0259kin\u0259-bi\u00e7in\u0259 haz\u0131rla\u015f\u0131rlar. Ona g\u00f6r\u0259 d\u0259 ulular\u0131m\u0131z \u00e7ox q\u0259dim zamanlardan bahar\u0131n ilk g\u00fcn\u00fcn\u00fc yeni ilin ba\u015flan\u011f\u0131c\u0131 kimi q\u0259bul edir v\u0259 t\u0259mt\u0259raqla qar\u015f\u0131lay\u0131rd\u0131lar.&hellip;<\/p>\n","protected":false},"author":2,"featured_media":453681,"comment_status":"closed","ping_status":"closed","sticky":false,"template":"","format":"standard","meta":{"om_disable_all_campaigns":false,"_monsterinsights_skip_tracking":false,"_monsterinsights_sitenote_active":false,"_monsterinsights_sitenote_note":"","_monsterinsights_sitenote_category":0},"categories":[1],"tags":[],"aioseo_notices":[],"gutentor_comment":0,"rttpg_featured_image_url":{"full":["https:\/\/arantv.az\/wp-content\/uploads\/2022\/03\/1647669980_3.jpg",620,347,false],"landscape":["https:\/\/arantv.az\/wp-content\/uploads\/2022\/03\/1647669980_3.jpg",620,347,false],"portraits":["https:\/\/arantv.az\/wp-content\/uploads\/2022\/03\/1647669980_3.jpg",620,347,false],"thumbnail":["https:\/\/arantv.az\/wp-content\/uploads\/2022\/03\/1647669980_3-500x280.jpg",500,280,true],"medium":["https:\/\/arantv.az\/wp-content\/uploads\/2022\/03\/1647669980_3.jpg",620,347,false],"large":["https:\/\/arantv.az\/wp-content\/uploads\/2022\/03\/1647669980_3.jpg",620,347,false],"1536x1536":["https:\/\/arantv.az\/wp-content\/uploads\/2022\/03\/1647669980_3.jpg",620,347,false],"2048x2048":["https:\/\/arantv.az\/wp-content\/uploads\/2022\/03\/1647669980_3.jpg",620,347,false],"post-thumbnail":["https:\/\/arantv.az\/wp-content\/uploads\/2022\/03\/1647669980_3-240x172.jpg",240,172,true],"advps-thumb-one":["https:\/\/arantv.az\/wp-content\/uploads\/2022\/03\/1647669980_3.jpg",620,347,false]},"rttpg_author":{"display_name":"V\u00fcsal Rafiqo\u011flu","author_link":"https:\/\/arantv.az\/?author=2"},"rttpg_comment":0,"rttpg_category":"<a href=\"https:\/\/arantv.az\/?cat=1\" rel=\"category\">C\u0259miyy\u0259t<\/a>","rttpg_excerpt":"Astroloqlar Novruzun g\u0259li\u015fi il\u0259 ba\u011fl\u0131 m\u00fcxt\u0259lif proqnozlar vers\u0259l\u0259r d\u0259, \u0259sas qay\u0259 budur ki, \u00f6t\u0259n il he\u00e7 n\u0259y\u0259 s\u0259rf etm\u0259diyimiz enerjimizi bu il\u00a0\u00fcmid, sevinc v\u0259 \u0259yl\u0259nc\u0259 \u0259v\u0259z ed\u0259c\u0259k. \u0130qtisadiyyatda da c\u00fcc\u0259rtil\u0259r g\u00f6r\u0259c\u0259yik. 2022-ci ild\u0259 ba\u015flayan bu tendensiya 2025-ci il\u0259 q\u0259d\u0259r artacaq. Elimiz\u0259 bahar g\u0259lir. T\u0259bi\u0259t canlan\u0131r, g\u00fcnl\u0259r uzanma\u011fa ba\u015flay\u0131r, torpaq isinir, a\u011faclar oyan\u0131r. \u0130lk yarpaqlar, ilk&hellip;","_links":{"self":[{"href":"https:\/\/arantv.az\/index.php?rest_route=\/wp\/v2\/posts\/453680"}],"collection":[{"href":"https:\/\/arantv.az\/index.php?rest_route=\/wp\/v2\/posts"}],"about":[{"href":"https:\/\/arantv.az\/index.php?rest_route=\/wp\/v2\/types\/post"}],"author":[{"embeddable":true,"href":"https:\/\/arantv.az\/index.php?rest_route=\/wp\/v2\/users\/2"}],"replies":[{"embeddable":true,"href":"https:\/\/arantv.az\/index.php?rest_route=%2Fwp%2Fv2%2Fcomments&post=453680"}],"version-history":[{"count":0,"href":"https:\/\/arantv.az\/index.php?rest_route=\/wp\/v2\/posts\/453680\/revisions"}],"wp:featuredmedia":[{"embeddable":true,"href":"https:\/\/arantv.az\/index.php?rest_route=\/wp\/v2\/media\/453681"}],"wp:attachment":[{"href":"https:\/\/arantv.az\/index.php?rest_route=%2Fwp%2Fv2%2Fmedia&parent=453680"}],"wp:term":[{"taxonomy":"category","embeddable":true,"href":"https:\/\/arantv.az\/index.php?rest_route=%2Fwp%2Fv2%2Fcategories&post=453680"},{"taxonomy":"post_tag","embeddable":true,"href":"https:\/\/arantv.az\/index.php?rest_route=%2Fwp%2Fv2%2Ftags&post=453680"}],"curies":[{"name":"wp","href":"https:\/\/api.w.org\/{rel}","templated":true}]}}