{"id":453690,"date":"2022-03-19T11:00:09","date_gmt":"2022-03-19T08:00:09","guid":{"rendered":"http:\/\/arantv.az\/?p=453690"},"modified":"2022-03-19T11:00:09","modified_gmt":"2022-03-19T08:00:09","slug":"bas-m%c9%99sqci-prezidentin-g%c9%99nc-gul%c9%99scil%c9%99ri-q%c9%99bul-etm%c9%99si-cox-sevindirici-idi","status":"publish","type":"post","link":"https:\/\/arantv.az\/?p=453690","title":{"rendered":"Ba\u015f m\u0259\u015fq\u00e7i: \u201cPrezidentin g\u0259nc g\u00fcl\u0259\u015f\u00e7il\u0259ri q\u0259bul etm\u0259si \u00e7ox sevindirici idi\u201d"},"content":{"rendered":"<p>\u201c\u0130lk d\u0259f\u0259 idi c\u0259nab Prezidentin q\u0259bulunda olurdum. D\u00f6vl\u0259t ba\u015f\u00e7\u0131s\u0131n\u0131n g\u0259nc g\u00fcl\u0259\u015f\u00e7il\u0259ri q\u0259bul etm\u0259si \u00e7ox sevindirici v\u0259 g\u00f6zl\u0259nilm\u0259z hal idi\u201d.<\/p>\n<div class=\"AdviadNativeVideo\"><\/div>\n<p>Bunu \u201cReport\u201da a\u00e7\u0131qlamas\u0131nda Az\u0259rbaycan\u0131n s\u0259rb\u0259st g\u00fcl\u0259\u015f \u00fczr\u0259 g\u0259ncl\u0259rd\u0259n ibar\u0259t y\u0131\u011fma komandas\u0131n\u0131n ba\u015f m\u0259\u015fq\u00e7isi Arif Abdullayev Bolqar\u0131stan\u0131n Plovdiv \u015f\u0259h\u0259rind\u0259ki U-23 Avropa \u00e7empionat\u0131ndan sonra Prezident \u0130lham \u018fliyevl\u0259 g\u00f6r\u00fc\u015f bar\u0259d\u0259 t\u0259\u0259ss\u00fcratlar\u0131n\u0131 b\u00f6l\u00fc\u015f\u0259rk\u0259n deyib.<\/p>\n<p>54 ya\u015fl\u0131 m\u00fct\u0259x\u0259ssis bildirib ki, \u00f6lk\u0259 r\u0259hb\u0259ri xo\u015f s\u00f6zl\u0259ri il\u0259 idman\u00e7\u0131lar\u0131 ruhland\u0131r\u0131b, g\u00fcl\u0259\u015f\u00e7il\u0259r is\u0259 qar\u015f\u0131dak\u0131 b\u00fct\u00fcn yar\u0131\u015flarda Az\u0259rbaycan bayra\u011f\u0131n\u0131 y\u00fcks\u0259kl\u0259r\u0259 qald\u0131raraq, D\u00f6vl\u0259t Himnini s\u0259sl\u0259ndir\u0259c\u0259kl\u0259rin\u0259 s\u00f6z veribl\u0259r: \u201cP\u0259hl\u0259vanlar\u0131m\u0131z\u0131n buna g\u00fccl\u0259ri d\u0259 var. Onlar g\u0259l\u0259c\u0259kd\u0259 d\u0259 g\u00f6z\u0259l n\u0259tic\u0259l\u0259rl\u0259 Az\u0259rbaycan xalq\u0131n\u0131 sevindir\u0259c\u0259kl\u0259r. Prezidentl\u0259 g\u00f6r\u00fc\u015f bar\u0259d\u0259 biz\u0259 bir g\u00fcn \u0259vv\u0259l m\u0259lumat verdil\u0259r. H\u0259min vaxt t\u0259lim-m\u0259\u015fq toplan\u0131\u015f\u0131nda idik. Ham\u0131 bu x\u0259b\u0259r\u0259 \u00e7ox sevindi\u201d.<\/p>\n<p>Abdullayev Prezident \u0130lham \u018fliyevin Erm\u0259nistan t\u0259msil\u00e7il\u0259ri \u00fcz\u0259rind\u0259 q\u0259l\u0259b\u0259l\u0259r\u0259 diqq\u0259t \u00e7\u0259kdiyini d\u0259 xat\u0131rlad\u0131b. Onun s\u00f6zl\u0259rin\u0259 g\u00f6r\u0259, 44 g\u00fcnl\u00fck V\u0259t\u0259n m\u00fcharib\u0259sind\u0259ki q\u0259l\u0259b\u0259d\u0259n sonra komandas\u0131n\u0131n \u00fczvl\u0259ri erm\u0259nil\u0259r\u0259 qar\u015f\u0131 daha b\u00f6y\u00fck ruh y\u00fcks\u0259kliyi il\u0259 m\u00fcbariz\u0259 apar\u0131rlar: \u201c\u018fvv\u0259ll\u0259r torpaqlar\u0131m\u0131z i\u015f\u011fal alt\u0131nda idi. Sevindiricidir ki, iki ildir yar\u0131\u015flara qalib \u00f6lk\u0259 kimi qat\u0131l\u0131r v\u0259 \u00e7oxunda u\u011fur qazan\u0131r\u0131q. M\u0259s\u0259l\u0259n, son Avropa \u00e7empionat\u0131nda \u00fc\u00e7 g\u00fcl\u0259\u015f\u00e7imiz erm\u0259nil\u0259rl\u0259 \u00fcz-\u00fcz\u0259 g\u0259ldi. 65 kq-da Zir\u0259ddin Bayramov finalda Qra\u00e7ya Marqaryan \u00fcz\u0259rind\u0259 \u00e7ox m\u00fch\u00fcm q\u0259l\u0259b\u0259 qazand\u0131 v\u0259 \u00e7empion oldu. 74 kq-da C\u0259bray\u0131l Hac\u0131yev 1\/8 finalda Menua Yaribekyan\u0131, 125 kq-da is\u0259 Ayd\u0131n \u018fhm\u0259dov Hovannes Ma\u011fakyan\u0131 m\u0259\u011flub etdi. \u018fvv\u0259ll\u0259r d\u00f6\u015f\u0259k \u00fcz\u0259rin\u0259 ba\u015fqa \u0259hval-ruhiyy\u0259 il\u0259 \u00e7\u0131x\u0131rd\u0131q. \u0130ndi is\u0259 qalib \u00f6lk\u0259 t\u0259msil\u00e7il\u0259ri kimi ruh y\u00fcks\u0259kliyi il\u0259 m\u00fcbariz\u0259 apar\u0131r\u0131q\u201d.<\/p>\n<p>Bununla yana\u015f\u0131, ba\u015f m\u0259\u015fq\u00e7i erm\u0259nil\u0259rl\u0259 g\u00f6r\u00fc\u015fl\u0259r zaman\u0131 idman prinsipl\u0259rin\u0259 \u0259m\u0259l olundu\u011funu vur\u011fulay\u0131b: \u201cBu, idmand\u0131r. \u0130st\u0259r-ist\u0259m\u0259z erm\u0259nil\u0259rl\u0259 qar\u015f\u0131la\u015fmalar da olur. D\u00f6\u015f\u0259y\u0259 \u00e7\u0131xanda bir-biril\u0259rinin \u0259ll\u0259rini s\u0131x\u0131rlar. Amma k\u0259narda h\u0259r\u0259 \u00f6z fikrind\u0259 qal\u0131r. Biz qalib, Erm\u0259nistan is\u0259 m\u0259\u011flub d\u00f6vl\u0259tdir\u201d.<\/p>\n","protected":false},"excerpt":{"rendered":"<p>\u201c\u0130lk d\u0259f\u0259 idi c\u0259nab Prezidentin q\u0259bulunda olurdum. D\u00f6vl\u0259t ba\u015f\u00e7\u0131s\u0131n\u0131n g\u0259nc g\u00fcl\u0259\u015f\u00e7il\u0259ri q\u0259bul etm\u0259si \u00e7ox sevindirici v\u0259 g\u00f6zl\u0259nilm\u0259z hal idi\u201d. Bunu \u201cReport\u201da a\u00e7\u0131qlamas\u0131nda Az\u0259rbaycan\u0131n s\u0259rb\u0259st g\u00fcl\u0259\u015f \u00fczr\u0259 g\u0259ncl\u0259rd\u0259n ibar\u0259t y\u0131\u011fma komandas\u0131n\u0131n ba\u015f m\u0259\u015fq\u00e7isi Arif Abdullayev Bolqar\u0131stan\u0131n Plovdiv \u015f\u0259h\u0259rind\u0259ki U-23 Avropa \u00e7empionat\u0131ndan sonra Prezident \u0130lham \u018fliyevl\u0259 g\u00f6r\u00fc\u015f bar\u0259d\u0259 t\u0259\u0259ss\u00fcratlar\u0131n\u0131 b\u00f6l\u00fc\u015f\u0259rk\u0259n deyib. 54 ya\u015fl\u0131 m\u00fct\u0259x\u0259ssis bildirib ki, \u00f6lk\u0259 r\u0259hb\u0259ri xo\u015f s\u00f6zl\u0259ri il\u0259 idman\u00e7\u0131lar\u0131 ruhland\u0131r\u0131b, g\u00fcl\u0259\u015f\u00e7il\u0259r is\u0259 qar\u015f\u0131dak\u0131 b\u00fct\u00fcn yar\u0131\u015flarda Az\u0259rbaycan bayra\u011f\u0131n\u0131 y\u00fcks\u0259kl\u0259r\u0259 qald\u0131raraq, D\u00f6vl\u0259t Himnini s\u0259sl\u0259ndir\u0259c\u0259kl\u0259rin\u0259 s\u00f6z veribl\u0259r: \u201cP\u0259hl\u0259vanlar\u0131m\u0131z\u0131n buna g\u00fccl\u0259ri d\u0259 var. Onlar g\u0259l\u0259c\u0259kd\u0259 d\u0259 g\u00f6z\u0259l n\u0259tic\u0259l\u0259rl\u0259 Az\u0259rbaycan xalq\u0131n\u0131 sevindir\u0259c\u0259kl\u0259r. Prezidentl\u0259 g\u00f6r\u00fc\u015f&hellip;<\/p>\n","protected":false},"author":2,"featured_media":453691,"comment_status":"closed","ping_status":"closed","sticky":false,"template":"","format":"standard","meta":{"om_disable_all_campaigns":false,"_monsterinsights_skip_tracking":false,"_monsterinsights_sitenote_active":false,"_monsterinsights_sitenote_note":"","_monsterinsights_sitenote_category":0},"categories":[4],"tags":[],"aioseo_notices":[],"gutentor_comment":0,"rttpg_featured_image_url":{"full":["https:\/\/arantv.az\/wp-content\/uploads\/2022\/03\/c9302965-d889-380a-b3af-263e5e210c2b_850.jpg",620,387,false],"landscape":["https:\/\/arantv.az\/wp-content\/uploads\/2022\/03\/c9302965-d889-380a-b3af-263e5e210c2b_850.jpg",620,387,false],"portraits":["https:\/\/arantv.az\/wp-content\/uploads\/2022\/03\/c9302965-d889-380a-b3af-263e5e210c2b_850.jpg",620,387,false],"thumbnail":["https:\/\/arantv.az\/wp-content\/uploads\/2022\/03\/c9302965-d889-380a-b3af-263e5e210c2b_850-500x280.jpg",500,280,true],"medium":["https:\/\/arantv.az\/wp-content\/uploads\/2022\/03\/c9302965-d889-380a-b3af-263e5e210c2b_850-585x365.jpg",585,365,true],"large":["https:\/\/arantv.az\/wp-content\/uploads\/2022\/03\/c9302965-d889-380a-b3af-263e5e210c2b_850.jpg",620,387,false],"1536x1536":["https:\/\/arantv.az\/wp-content\/uploads\/2022\/03\/c9302965-d889-380a-b3af-263e5e210c2b_850.jpg",620,387,false],"2048x2048":["https:\/\/arantv.az\/wp-content\/uploads\/2022\/03\/c9302965-d889-380a-b3af-263e5e210c2b_850.jpg",620,387,false],"post-thumbnail":["https:\/\/arantv.az\/wp-content\/uploads\/2022\/03\/c9302965-d889-380a-b3af-263e5e210c2b_850-240x172.jpg",240,172,true],"advps-thumb-one":["https:\/\/arantv.az\/wp-content\/uploads\/2022\/03\/c9302965-d889-380a-b3af-263e5e210c2b_850.jpg",620,387,false]},"rttpg_author":{"display_name":"V\u00fcsal Rafiqo\u011flu","author_link":"https:\/\/arantv.az\/?author=2"},"rttpg_comment":0,"rttpg_category":"<a href=\"https:\/\/arantv.az\/?cat=4\" rel=\"category\">Siyas\u0259t<\/a>","rttpg_excerpt":"\u201c\u0130lk d\u0259f\u0259 idi c\u0259nab Prezidentin q\u0259bulunda olurdum. D\u00f6vl\u0259t ba\u015f\u00e7\u0131s\u0131n\u0131n g\u0259nc g\u00fcl\u0259\u015f\u00e7il\u0259ri q\u0259bul etm\u0259si \u00e7ox sevindirici v\u0259 g\u00f6zl\u0259nilm\u0259z hal idi\u201d. Bunu \u201cReport\u201da a\u00e7\u0131qlamas\u0131nda Az\u0259rbaycan\u0131n s\u0259rb\u0259st g\u00fcl\u0259\u015f \u00fczr\u0259 g\u0259ncl\u0259rd\u0259n ibar\u0259t y\u0131\u011fma komandas\u0131n\u0131n ba\u015f m\u0259\u015fq\u00e7isi Arif Abdullayev Bolqar\u0131stan\u0131n Plovdiv \u015f\u0259h\u0259rind\u0259ki U-23 Avropa \u00e7empionat\u0131ndan sonra Prezident \u0130lham \u018fliyevl\u0259 g\u00f6r\u00fc\u015f bar\u0259d\u0259 t\u0259\u0259ss\u00fcratlar\u0131n\u0131 b\u00f6l\u00fc\u015f\u0259rk\u0259n deyib. 54 ya\u015fl\u0131 m\u00fct\u0259x\u0259ssis bildirib ki, \u00f6lk\u0259&hellip;","_links":{"self":[{"href":"https:\/\/arantv.az\/index.php?rest_route=\/wp\/v2\/posts\/453690"}],"collection":[{"href":"https:\/\/arantv.az\/index.php?rest_route=\/wp\/v2\/posts"}],"about":[{"href":"https:\/\/arantv.az\/index.php?rest_route=\/wp\/v2\/types\/post"}],"author":[{"embeddable":true,"href":"https:\/\/arantv.az\/index.php?rest_route=\/wp\/v2\/users\/2"}],"replies":[{"embeddable":true,"href":"https:\/\/arantv.az\/index.php?rest_route=%2Fwp%2Fv2%2Fcomments&post=453690"}],"version-history":[{"count":0,"href":"https:\/\/arantv.az\/index.php?rest_route=\/wp\/v2\/posts\/453690\/revisions"}],"wp:featuredmedia":[{"embeddable":true,"href":"https:\/\/arantv.az\/index.php?rest_route=\/wp\/v2\/media\/453691"}],"wp:attachment":[{"href":"https:\/\/arantv.az\/index.php?rest_route=%2Fwp%2Fv2%2Fmedia&parent=453690"}],"wp:term":[{"taxonomy":"category","embeddable":true,"href":"https:\/\/arantv.az\/index.php?rest_route=%2Fwp%2Fv2%2Fcategories&post=453690"},{"taxonomy":"post_tag","embeddable":true,"href":"https:\/\/arantv.az\/index.php?rest_route=%2Fwp%2Fv2%2Ftags&post=453690"}],"curies":[{"name":"wp","href":"https:\/\/api.w.org\/{rel}","templated":true}]}}