{"id":453696,"date":"2022-03-19T11:02:49","date_gmt":"2022-03-19T08:02:49","guid":{"rendered":"http:\/\/arantv.az\/?p=453696"},"modified":"2022-03-19T11:02:49","modified_gmt":"2022-03-19T08:02:49","slug":"v%c9%99t%c9%99nin-yaz-mujd%c9%99cil%c9%99ri-adli-t%c9%99dbir","status":"publish","type":"post","link":"https:\/\/arantv.az\/?p=453696","title":{"rendered":",,V\u0259t\u0259nin yaz m\u00fcjd\u0259\u00e7il\u0259ri \u201cadl\u0131 t\u0259dbir"},"content":{"rendered":"<div dir=\"auto\">Masall\u0131 Tarix-Diyar\u015f\u00fcnasl\u0131q Muzeyi, Masall\u0131 D\u00f6vl\u0259t R\u0259sm Qalereyas\u0131 v\u0259 ,,\u00dcmidim S\u0259ns\u0259n\u201d Sosial \u0130nki\u015fafa Yard\u0131m \u0130ctimai birliyinin s\u0259dri Fidan Abbasl\u0131n\u0131n birg\u0259 t\u0259\u015fkilat\u00e7\u0131l\u0131\u011f\u0131 il\u0259 ,,V\u0259t\u0259nin \u00f6lm\u0259z o\u011fullar\u0131\u201d layih\u0259si \u00e7\u0259r\u00e7iv\u0259sind\u0259 n\u00f6vb\u0259ti ,,V\u0259t\u0259nin yaz m\u00fcjd\u0259\u00e7il\u0259ri \u201cadl\u0131 t\u0259dbir ke\u00e7irildi. Novruz bayram\u0131 m\u00fcnasib\u0259ti il\u0259 ke\u00e7iril\u0259n t\u0259dbird\u0259 ad\u0131 \u00e7\u0259kil\u0259n m\u00fc\u0259ssis\u0259l\u0259rin \u0259m\u0259kda\u015flar\u0131, \u015f\u0259hid ail\u0259l\u0259ri, qazil\u0259r, m\u0259d\u0259niyy\u0259t n\u00fcmay\u0259nd\u0259l\u0259ri i\u015ftirak etdil\u0259r.<\/div>\n<div dir=\"auto\">\u0130lk \u00f6nc\u0259 V\u0259t\u0259nin azadl\u0131\u011f\u0131 u\u011frunda canlar\u0131ndan ke\u00e7\u0259n \u015f\u0259hidl\u0259rimizin \u0259ziz xatir\u0259si bir d\u0259qiq\u0259lik s\u00fckutla yad edildi.<\/div>\n<div dir=\"auto\">Muzeyin direktoru \u018fntiq\u0259 Ta\u011f\u0131yeva t\u0259dbir i\u015ftirak\u00e7\u0131lar\u0131n\u0131 Bayram m\u00fcnasib\u0259ti il\u0259 t\u0259brik etdi. O, M\u00fcz\u0259ff\u0259r Ali Ba\u015f Komandan\u0131n r\u0259hb\u0259rliyi alt\u0131nda 44 g\u00fcnl\u00fck m\u00fcharib\u0259d\u0259 qazand\u0131\u011f\u0131m\u0131z Z\u0259f\u0259r xalq\u0131m\u0131z\u0131n minl\u0259rl\u0259 q\u0259hr\u0259man \u00f6vlad\u0131n\u0131n can\u0131-qan\u0131 bahas\u0131na \u0259sg\u0259r v\u0259 zabitl\u0259rimizin c\u0259bh\u0259y\u0259 k\u00f6n\u00fcll\u00fc yollanm\u0131\u015f v\u0259t\u0259np\u0259rv\u0259r g\u0259ncl\u0259rimizin igidliyi v\u0259 r\u0259\u015fad\u0259ti say\u0259sind\u0259 tariximiz\u0259 yaz\u0131lm\u0131\u015f \u015fanl\u0131 salnam\u0259dir dedi. B\u00fct\u00fcn d\u00fcnyada pandemiyan\u0131n yaratd\u0131\u011f\u0131 iqtisadi \u00e7\u0259tinlikl\u0259r olsa da ,\u00f6lk\u0259mizd\u0259 h\u0259yata ke\u00e7iril\u0259n u\u011furlu d\u00f6vl\u0259t siyas\u0259ti say\u0259sind\u0259 he\u00e7 bir sosial layih\u0259 t\u0259xir\u0259 sal\u0131nm\u0131r. Xalq\u0131m\u0131za ba\u015f ucal\u0131\u011f\u0131 ,azadl\u0131q b\u0259x\u015f ed\u0259n o\u011fullar\u0131n onlar\u0131n ail\u0259l\u0259ri v\u0259 \u00f6vladlar\u0131na qay\u011f\u0131 il\u0259 yana\u015fmaq is\u0259 bizl\u0259r\u0259 bir borc olmal\u0131d\u0131r s\u00f6yl\u0259di.<\/div>\n<div dir=\"auto\">\u0130ki \u015f\u0259hid anas\u0131 Ziba \u018fsg\u0259rli \u00f6vlad, o\u011ful itgisi n\u0259 q\u0259d\u0259r a\u011f\u0131r olsa bel\u0259, b\u00fct\u00fcn q\u0259hr\u0259man o\u011fullar\u0131mla q\u00fcrur duyuram, bizl\u0259r\u0259 g\u00f6st\u0259ril\u0259n diqq\u0259t v\u0259 qay\u011f\u0131ya g\u00f6r\u0259 is\u0259 d\u00f6vl\u0259t\u0259 v\u0259 onu icra ed\u0259n h\u0259r bir k\u0259s\u0259 \u015f\u0259hid analar\u0131 ad\u0131ndan t\u0259\u015f\u0259kk\u00fcr\u00fcm\u00fc bildirir\u0259m dedi. Eyni zamanda Ziba ana ham\u0131n\u0131 bayram m\u00fcnasib\u0259ti il\u0259 t\u0259brik etdi.<\/div>\n<div dir=\"auto\">Sonra Qaraba\u011f vetetan\u0131 Camal\u0259ddin M\u0259mm\u0259dov d\u00f6y\u00fc\u015f xatir\u0259l\u0259rind\u0259n dan\u0131\u015faraq qeyd etdi ki, bu g\u00fcn biz d\u00f6y\u00fc\u015fl\u0259rd\u0259 i\u015ftirak ed\u0259n h\u0259r bir q\u0259hr\u0259man qarda\u015flar\u0131m\u0131zla q\u00fcrur hissi ke\u00e7iririk.<\/div>\n<div dir=\"auto\">Masall\u0131 Regional M\u0259d\u0259niyy\u0259t \u0130dar\u0259sinin ba\u015f m\u0259sl\u0259h\u0259t\u00e7isi Salman Yusifov bayram t\u0259brikini ed\u0259r\u0259k, Qaraba\u011fda v\u0259 V\u0259t\u0259n m\u00fcharib\u0259sind\u0259 \u015f\u0259hid olmu\u015f \u015f\u0259xsl\u0259rin ail\u0259l\u0259ri, qazil\u0259r, x\u00fcsusil\u0259 d\u00f6y\u00fc\u015fl\u0259rd\u0259 yaralananlar daim d\u00f6vl\u0259timizin diqq\u0259t m\u0259rk\u0259zind\u0259 olub, onlara h\u0259r zaman maddi v\u0259 m\u0259n\u0259vi d\u0259st\u0259k g\u00f6st\u0259rildiyini qeyd etdi.<\/div>\n<div dir=\"auto\">Daha sonra Fidan Abbasl\u0131 h\u0259r bir d\u00f6vl\u0259t v\u0259 c\u0259miyy\u0259t \u00fc\u00e7\u00fcn h\u0259rbi \u0259m\u0259liyyatlarda i\u015ftirak ed\u0259n \u015f\u0259xsl\u0259rin m\u00fcharib\u0259l\u0259rd\u0259n sonra m\u00f6vcud durumu, \u015f\u0259hid v\u0259 qazi ail\u0259l\u0259rinin sosial-psixoloji v\u0259ziyy\u0259ti, bu kimi \u00e7a\u011f\u0131r\u0131\u015flar\u0131n \u00f6hd\u0259sind\u0259n m\u0259hz s\u00f6z\u00fcn \u0259sl m\u0259nas\u0131nda b\u00fct\u00fcn parametrl\u0259rin\u0259 g\u00f6r\u0259 sosial d\u00f6vl\u0259t kriteriyalar\u0131na cavab ver\u0259n v\u0259 siyas\u0259tind\u0259 \u0259sas amil v\u0259t\u0259nda\u015f olan d\u00f6vl\u0259tl\u0259r g\u0259lir s\u00f6yl\u0259di. Qalereyan\u0131n direktor \u0259v\u0259zi T\u0259hmasib M\u0259cidov da \u00f6z n\u00f6vb\u0259sind\u0259 qonaqlar\u0131 Novruz bayram\u0131 m\u00fcnasib\u0259ti il\u0259 t\u0259brik ed\u0259r\u0259k, \u00fcr\u0259k s\u00f6zl\u0259rini ifad\u0259 etdi.<\/div>\n<div dir=\"auto\">T\u0259dbirin sonunda mart ay\u0131nda do\u011fum g\u00fcn\u00fc olan \u015f\u0259hidl\u0259rin valideynl\u0259rin\u0259 v\u0259 qazil\u0259r\u0259 \u201cT\u0259\u015f\u0259kk\u00fcrnam\u0259\u201dl\u0259r t\u0259qdim olunaraq, \u015f\u0259hid \u00f6vladlar\u0131na h\u0259diyy\u0259l\u0259r verildi. Qonaqlar bayram s\u00fcfr\u0259si arxas\u0131nda s\u0259mimi s\u00f6hb\u0259tl\u0259r etdil\u0259r.<\/div>\n","protected":false},"excerpt":{"rendered":"<p>Masall\u0131 Tarix-Diyar\u015f\u00fcnasl\u0131q Muzeyi, Masall\u0131 D\u00f6vl\u0259t R\u0259sm Qalereyas\u0131 v\u0259 ,,\u00dcmidim S\u0259ns\u0259n\u201d Sosial \u0130nki\u015fafa Yard\u0131m \u0130ctimai birliyinin s\u0259dri Fidan Abbasl\u0131n\u0131n birg\u0259 t\u0259\u015fkilat\u00e7\u0131l\u0131\u011f\u0131 il\u0259 ,,V\u0259t\u0259nin \u00f6lm\u0259z o\u011fullar\u0131\u201d layih\u0259si \u00e7\u0259r\u00e7iv\u0259sind\u0259 n\u00f6vb\u0259ti ,,V\u0259t\u0259nin yaz m\u00fcjd\u0259\u00e7il\u0259ri \u201cadl\u0131 t\u0259dbir ke\u00e7irildi. Novruz bayram\u0131 m\u00fcnasib\u0259ti il\u0259 ke\u00e7iril\u0259n t\u0259dbird\u0259 ad\u0131 \u00e7\u0259kil\u0259n m\u00fc\u0259ssis\u0259l\u0259rin \u0259m\u0259kda\u015flar\u0131, \u015f\u0259hid ail\u0259l\u0259ri, qazil\u0259r, m\u0259d\u0259niyy\u0259t n\u00fcmay\u0259nd\u0259l\u0259ri i\u015ftirak etdil\u0259r. \u0130lk \u00f6nc\u0259 V\u0259t\u0259nin azadl\u0131\u011f\u0131 u\u011frunda canlar\u0131ndan ke\u00e7\u0259n \u015f\u0259hidl\u0259rimizin \u0259ziz xatir\u0259si bir d\u0259qiq\u0259lik s\u00fckutla yad edildi. Muzeyin direktoru \u018fntiq\u0259 Ta\u011f\u0131yeva t\u0259dbir i\u015ftirak\u00e7\u0131lar\u0131n\u0131 Bayram m\u00fcnasib\u0259ti il\u0259 t\u0259brik etdi. O, M\u00fcz\u0259ff\u0259r Ali Ba\u015f Komandan\u0131n r\u0259hb\u0259rliyi alt\u0131nda 44 g\u00fcnl\u00fck m\u00fcharib\u0259d\u0259 qazand\u0131\u011f\u0131m\u0131z Z\u0259f\u0259r xalq\u0131m\u0131z\u0131n minl\u0259rl\u0259&hellip;<\/p>\n","protected":false},"author":2,"featured_media":453697,"comment_status":"closed","ping_status":"closed","sticky":false,"template":"","format":"standard","meta":{"om_disable_all_campaigns":false,"_monsterinsights_skip_tracking":false,"_monsterinsights_sitenote_active":false,"_monsterinsights_sitenote_note":"","_monsterinsights_sitenote_category":0},"categories":[2],"tags":[],"aioseo_notices":[],"gutentor_comment":0,"rttpg_featured_image_url":{"full":["https:\/\/arantv.az\/wp-content\/uploads\/2022\/03\/276276059_294650462793676_3337968717092561272_n.jpg",747,449,false],"landscape":["https:\/\/arantv.az\/wp-content\/uploads\/2022\/03\/276276059_294650462793676_3337968717092561272_n.jpg",747,449,false],"portraits":["https:\/\/arantv.az\/wp-content\/uploads\/2022\/03\/276276059_294650462793676_3337968717092561272_n.jpg",747,449,false],"thumbnail":["https:\/\/arantv.az\/wp-content\/uploads\/2022\/03\/276276059_294650462793676_3337968717092561272_n-500x280.jpg",500,280,true],"medium":["https:\/\/arantv.az\/wp-content\/uploads\/2022\/03\/276276059_294650462793676_3337968717092561272_n-607x365.jpg",607,365,true],"large":["https:\/\/arantv.az\/wp-content\/uploads\/2022\/03\/276276059_294650462793676_3337968717092561272_n.jpg",640,385,false],"1536x1536":["https:\/\/arantv.az\/wp-content\/uploads\/2022\/03\/276276059_294650462793676_3337968717092561272_n.jpg",747,449,false],"2048x2048":["https:\/\/arantv.az\/wp-content\/uploads\/2022\/03\/276276059_294650462793676_3337968717092561272_n.jpg",747,449,false],"post-thumbnail":["https:\/\/arantv.az\/wp-content\/uploads\/2022\/03\/276276059_294650462793676_3337968717092561272_n-240x172.jpg",240,172,true],"advps-thumb-one":["https:\/\/arantv.az\/wp-content\/uploads\/2022\/03\/276276059_294650462793676_3337968717092561272_n.jpg",747,449,false]},"rttpg_author":{"display_name":"V\u00fcsal Rafiqo\u011flu","author_link":"https:\/\/arantv.az\/?author=2"},"rttpg_comment":0,"rttpg_category":"<a href=\"https:\/\/arantv.az\/?cat=2\" rel=\"category\">Region X\u0259b\u0259rl\u0259ri<\/a>","rttpg_excerpt":"Masall\u0131 Tarix-Diyar\u015f\u00fcnasl\u0131q Muzeyi, Masall\u0131 D\u00f6vl\u0259t R\u0259sm Qalereyas\u0131 v\u0259 ,,\u00dcmidim S\u0259ns\u0259n\u201d Sosial \u0130nki\u015fafa Yard\u0131m \u0130ctimai birliyinin s\u0259dri Fidan Abbasl\u0131n\u0131n birg\u0259 t\u0259\u015fkilat\u00e7\u0131l\u0131\u011f\u0131 il\u0259 ,,V\u0259t\u0259nin \u00f6lm\u0259z o\u011fullar\u0131\u201d layih\u0259si \u00e7\u0259r\u00e7iv\u0259sind\u0259 n\u00f6vb\u0259ti ,,V\u0259t\u0259nin yaz m\u00fcjd\u0259\u00e7il\u0259ri \u201cadl\u0131 t\u0259dbir ke\u00e7irildi. Novruz bayram\u0131 m\u00fcnasib\u0259ti il\u0259 ke\u00e7iril\u0259n t\u0259dbird\u0259 ad\u0131 \u00e7\u0259kil\u0259n m\u00fc\u0259ssis\u0259l\u0259rin \u0259m\u0259kda\u015flar\u0131, \u015f\u0259hid ail\u0259l\u0259ri, qazil\u0259r, m\u0259d\u0259niyy\u0259t n\u00fcmay\u0259nd\u0259l\u0259ri i\u015ftirak etdil\u0259r. \u0130lk \u00f6nc\u0259 V\u0259t\u0259nin azadl\u0131\u011f\u0131 u\u011frunda&hellip;","_links":{"self":[{"href":"https:\/\/arantv.az\/index.php?rest_route=\/wp\/v2\/posts\/453696"}],"collection":[{"href":"https:\/\/arantv.az\/index.php?rest_route=\/wp\/v2\/posts"}],"about":[{"href":"https:\/\/arantv.az\/index.php?rest_route=\/wp\/v2\/types\/post"}],"author":[{"embeddable":true,"href":"https:\/\/arantv.az\/index.php?rest_route=\/wp\/v2\/users\/2"}],"replies":[{"embeddable":true,"href":"https:\/\/arantv.az\/index.php?rest_route=%2Fwp%2Fv2%2Fcomments&post=453696"}],"version-history":[{"count":0,"href":"https:\/\/arantv.az\/index.php?rest_route=\/wp\/v2\/posts\/453696\/revisions"}],"wp:featuredmedia":[{"embeddable":true,"href":"https:\/\/arantv.az\/index.php?rest_route=\/wp\/v2\/media\/453697"}],"wp:attachment":[{"href":"https:\/\/arantv.az\/index.php?rest_route=%2Fwp%2Fv2%2Fmedia&parent=453696"}],"wp:term":[{"taxonomy":"category","embeddable":true,"href":"https:\/\/arantv.az\/index.php?rest_route=%2Fwp%2Fv2%2Fcategories&post=453696"},{"taxonomy":"post_tag","embeddable":true,"href":"https:\/\/arantv.az\/index.php?rest_route=%2Fwp%2Fv2%2Ftags&post=453696"}],"curies":[{"name":"wp","href":"https:\/\/api.w.org\/{rel}","templated":true}]}}