{"id":453719,"date":"2022-03-19T11:29:48","date_gmt":"2022-03-19T08:29:48","guid":{"rendered":"http:\/\/arantv.az\/?p=453719"},"modified":"2022-03-19T11:29:48","modified_gmt":"2022-03-19T08:29:48","slug":"az%c9%99rbaycanin-%c9%99n-guclu-v%c9%99-nufuzlu-siyasi-partiyasi","status":"publish","type":"post","link":"https:\/\/arantv.az\/?p=453719","title":{"rendered":"Az\u0259rbaycan\u0131n \u0259n g\u00fccl\u00fc v\u0259 n\u00fcfuzlu siyasi partiyas\u0131"},"content":{"rendered":"<p>YAP \u00a0sahib oldu\u011fu resurslar\u0131na, ictimai-siyasi n\u00fcfuzuna g\u00f6r\u0259 c\u0259miiy\u0259td\u0259 qazand\u0131\u011f\u0131 d\u0259rin etimad\u0131na g\u00f6r\u0259 Az\u0259rbaycan\u0131n \u0259n g\u00fccl\u00fc v\u0259 n\u00fcfuzlu siyasi partiyas\u0131d\u0131r.<\/p>\n<p>YAP \u00f6lk\u0259mizd\u0259 siyasi sistemin formala\u015fmas\u0131nda samball\u0131 t\u00f6hf\u0259l\u0259r ver\u0259n \u00fcmumxalq partiyas\u0131d\u0131r. YAP-\u0131n S\u0259dri \u0130lham \u018fliyevin qeyd etdiyi kimi YAP-\u0131n yarad\u0131lmas\u0131 Az\u0259rbaycanda siyasi sistemin yarad\u0131lmas\u0131 dem\u0259k idi.<\/p>\n<p>YAP-\u0131n f\u0259aliyy\u0259tind\u0259 \u00a0\u0259sas istiqam\u0259tl\u0259rind\u0259n\u00a0 birini \u00a0onun ideoloji siyas\u0259ti t\u0259\u015fkil edir. M\u00fcst\u0259qillik d\u00f6vl\u0259t\u00e7ilik prinsipi , qanun\u00e7uluq prinsipi Az\u0259rbaycan\u00e7\u0131l\u0131q prinsipi, varislik prinsipi , v\u0259t\u0259nda\u015f h\u0259mr\u0259yliyi prinsipi , sosial \u0259dal\u0259t prinsipi c\u0259miyy\u0259td\u0259 t\u0259\u015f\u0259kk\u00fcl tapm\u0131\u015f demokratik norma\u00a0 v\u0259 d\u0259y\u0259rl\u0259rin m\u00f6hk\u0259ml\u0259nm\u0259sin\u0259 m\u00fch\u00fcm t\u00f6hf\u0259l\u0259r b\u0259x\u015f edib v\u0259 bu proses haz\u0131rda da davam etm\u0259kd\u0259dir. Ulu \u00d6nd\u0259rin siyasi kursunu b\u00fct\u00fcn sah\u0259l\u0259rd\u0259 u\u011furla davam etdir\u0259n Prezident \u0130lham \u018fliyevin\u00a0 v\u0259 onun S\u0259dri oldu\u011fu \u00a0YAP-\u0131n f\u0259aliyy\u0259tinin \u00fcst\u00fcn \u00a0istiqam\u0259tl\u0259rind\u0259n\u00a0\u00a0 biri kimi bu g\u00fcnd\u0259 Az\u0259rbaycan g\u0259ncl\u0259rinin \u00a0h\u0259rt\u0259r\u0259fli inki\u015faf\u0131 , \u00f6lk\u0259nin ictimai- siyasi ,m\u0259d\u0259ni h\u0259yat\u0131ndak\u0131 rolunun artmas\u0131 v\u0259 idar\u0259\u00e7ilik strukturlar\u0131nda\u00a0 geni\u015f t\u0259msil olunmalar\u0131 x\u00fcsusi diqq\u0259t m\u0259rk\u0259zind\u0259dir.<\/p>\n<p>Son ill\u0259rd\u0259 YAP-\u0131n da \u00a0t\u0259\u015f\u0259bb\u00fcsl\u0259rl\u0259 \u00e7\u0131x\u0131\u015f etdiyi, h\u0259yata ke\u00e7iril\u0259n islahatlar idar\u0259etm\u0259d\u0259 keyfiyy\u0259tin\u00a0 v\u0259 s\u0259m\u0259r\u0259liyin daha da art\u0131r\u0131lmas\u0131na , v\u0259t\u0259nda\u015f m\u0259mnuniyy\u0259tinin y\u00fcks\u0259ldilm\u0259sin\u0259 xidm\u0259t etm\u0259kd\u0259dir. \u00a0C\u0259miyy\u0259timizd\u0259ki yenilikl\u0259r\u00a0 fonunda ke\u00e7iril\u0259n YAP-\u0131n VII Qurultay\u0131 q\u0259bul etdiyi q\u0259rarlarla \u00f6lk\u0259nin siyasi h\u0259yat\u0131nda m\u00fch\u00fcm d\u0259yi\u015fiklikl\u0259r etmi\u015fdir. Bel\u0259 ki, \u00f6lk\u0259d\u0259 f\u0259aliyy\u0259t g\u00f6st\u0259r\u0259n dig\u0259r siyasi partiyalarla dialoqun qurulmas\u0131 v\u0259 dig\u0259r \u00f6lk\u0259l\u0259rin apar\u0131c\u0131 siyasi partiyalar\u0131 il\u0259\u00a0 s\u0259m\u0259r\u0259li \u0259m\u0259kda\u015fl\u0131\u011f\u0131n\u00a0 davam etdirilm\u0259si\u00a0 bu fikrin\u00a0 h\u0259yatda \u00f6z yerini tapmas\u0131n\u0131n s\u00fcbutudur. \u018flb\u0259tt\u0259, VII Qurultaya q\u0259d\u0259rki d\u00f6vr\u00fcn \u0259n b\u00f6y\u00fck\u00a0 hadis\u0259si is\u0259 torpaqlar\u0131m\u0131z\u0131n i\u015f\u011faldan azad olunmas\u0131 idi. B\u00fct\u00fcn bunlar\u00a0 dem\u0259y\u0259 \u0259sas verir ki, YAP bundan sonrada\u00a0 \u00a0h\u0259d\u0259fl\u0259diyi\u00a0 h\u0259r bir v\u0259zif\u0259ni layiqinc\u0259 yerin\u0259 yetir\u0259c\u0259k.<\/p>\n<p><strong>Samir\u0259 Zeynalova,<\/strong><br \/>\n<u>YAP T\u0259rt\u0259r rayon t\u0259\u015fkilat\u0131n\u0131n \u00fczv\u00fc<\/u><\/p>\n","protected":false},"excerpt":{"rendered":"<p>YAP \u00a0sahib oldu\u011fu resurslar\u0131na, ictimai-siyasi n\u00fcfuzuna g\u00f6r\u0259 c\u0259miiy\u0259td\u0259 qazand\u0131\u011f\u0131 d\u0259rin etimad\u0131na g\u00f6r\u0259 Az\u0259rbaycan\u0131n \u0259n g\u00fccl\u00fc v\u0259 n\u00fcfuzlu siyasi partiyas\u0131d\u0131r. YAP \u00f6lk\u0259mizd\u0259 siyasi sistemin formala\u015fmas\u0131nda samball\u0131 t\u00f6hf\u0259l\u0259r ver\u0259n \u00fcmumxalq partiyas\u0131d\u0131r. YAP-\u0131n S\u0259dri \u0130lham \u018fliyevin qeyd etdiyi kimi YAP-\u0131n yarad\u0131lmas\u0131 Az\u0259rbaycanda siyasi sistemin yarad\u0131lmas\u0131 dem\u0259k idi. YAP-\u0131n f\u0259aliyy\u0259tind\u0259 \u00a0\u0259sas istiqam\u0259tl\u0259rind\u0259n\u00a0 birini \u00a0onun ideoloji siyas\u0259ti t\u0259\u015fkil edir. M\u00fcst\u0259qillik d\u00f6vl\u0259t\u00e7ilik prinsipi , qanun\u00e7uluq prinsipi Az\u0259rbaycan\u00e7\u0131l\u0131q prinsipi, varislik prinsipi , v\u0259t\u0259nda\u015f h\u0259mr\u0259yliyi prinsipi , sosial \u0259dal\u0259t prinsipi c\u0259miyy\u0259td\u0259 t\u0259\u015f\u0259kk\u00fcl tapm\u0131\u015f demokratik norma\u00a0 v\u0259 d\u0259y\u0259rl\u0259rin m\u00f6hk\u0259ml\u0259nm\u0259sin\u0259 m\u00fch\u00fcm t\u00f6hf\u0259l\u0259r b\u0259x\u015f edib v\u0259 bu proses haz\u0131rda da davam&hellip;<\/p>\n","protected":false},"author":2,"featured_media":453720,"comment_status":"closed","ping_status":"closed","sticky":false,"template":"","format":"standard","meta":{"om_disable_all_campaigns":false,"_monsterinsights_skip_tracking":false,"_monsterinsights_sitenote_active":false,"_monsterinsights_sitenote_note":"","_monsterinsights_sitenote_category":0},"categories":[2],"tags":[],"aioseo_notices":[],"gutentor_comment":0,"rttpg_featured_image_url":{"full":["https:\/\/arantv.az\/wp-content\/uploads\/2022\/03\/2e74c2cf164763032813195532110312136.jpg",975,540,false],"landscape":["https:\/\/arantv.az\/wp-content\/uploads\/2022\/03\/2e74c2cf164763032813195532110312136.jpg",975,540,false],"portraits":["https:\/\/arantv.az\/wp-content\/uploads\/2022\/03\/2e74c2cf164763032813195532110312136.jpg",975,540,false],"thumbnail":["https:\/\/arantv.az\/wp-content\/uploads\/2022\/03\/2e74c2cf164763032813195532110312136-500x280.jpg",500,280,true],"medium":["https:\/\/arantv.az\/wp-content\/uploads\/2022\/03\/2e74c2cf164763032813195532110312136-660x365.jpg",660,365,true],"large":["https:\/\/arantv.az\/wp-content\/uploads\/2022\/03\/2e74c2cf164763032813195532110312136-840x465.jpg",640,354,true],"1536x1536":["https:\/\/arantv.az\/wp-content\/uploads\/2022\/03\/2e74c2cf164763032813195532110312136.jpg",975,540,false],"2048x2048":["https:\/\/arantv.az\/wp-content\/uploads\/2022\/03\/2e74c2cf164763032813195532110312136.jpg",975,540,false],"post-thumbnail":["https:\/\/arantv.az\/wp-content\/uploads\/2022\/03\/2e74c2cf164763032813195532110312136-240x172.jpg",240,172,true],"advps-thumb-one":["https:\/\/arantv.az\/wp-content\/uploads\/2022\/03\/2e74c2cf164763032813195532110312136.jpg",975,540,false]},"rttpg_author":{"display_name":"V\u00fcsal Rafiqo\u011flu","author_link":"https:\/\/arantv.az\/?author=2"},"rttpg_comment":0,"rttpg_category":"<a href=\"https:\/\/arantv.az\/?cat=2\" rel=\"category\">Region X\u0259b\u0259rl\u0259ri<\/a>","rttpg_excerpt":"YAP \u00a0sahib oldu\u011fu resurslar\u0131na, ictimai-siyasi n\u00fcfuzuna g\u00f6r\u0259 c\u0259miiy\u0259td\u0259 qazand\u0131\u011f\u0131 d\u0259rin etimad\u0131na g\u00f6r\u0259 Az\u0259rbaycan\u0131n \u0259n g\u00fccl\u00fc v\u0259 n\u00fcfuzlu siyasi partiyas\u0131d\u0131r. YAP \u00f6lk\u0259mizd\u0259 siyasi sistemin formala\u015fmas\u0131nda samball\u0131 t\u00f6hf\u0259l\u0259r ver\u0259n \u00fcmumxalq partiyas\u0131d\u0131r. YAP-\u0131n S\u0259dri \u0130lham \u018fliyevin qeyd etdiyi kimi YAP-\u0131n yarad\u0131lmas\u0131 Az\u0259rbaycanda siyasi sistemin yarad\u0131lmas\u0131 dem\u0259k idi. YAP-\u0131n f\u0259aliyy\u0259tind\u0259 \u00a0\u0259sas istiqam\u0259tl\u0259rind\u0259n\u00a0 birini \u00a0onun ideoloji siyas\u0259ti t\u0259\u015fkil edir. M\u00fcst\u0259qillik&hellip;","_links":{"self":[{"href":"https:\/\/arantv.az\/index.php?rest_route=\/wp\/v2\/posts\/453719"}],"collection":[{"href":"https:\/\/arantv.az\/index.php?rest_route=\/wp\/v2\/posts"}],"about":[{"href":"https:\/\/arantv.az\/index.php?rest_route=\/wp\/v2\/types\/post"}],"author":[{"embeddable":true,"href":"https:\/\/arantv.az\/index.php?rest_route=\/wp\/v2\/users\/2"}],"replies":[{"embeddable":true,"href":"https:\/\/arantv.az\/index.php?rest_route=%2Fwp%2Fv2%2Fcomments&post=453719"}],"version-history":[{"count":0,"href":"https:\/\/arantv.az\/index.php?rest_route=\/wp\/v2\/posts\/453719\/revisions"}],"wp:featuredmedia":[{"embeddable":true,"href":"https:\/\/arantv.az\/index.php?rest_route=\/wp\/v2\/media\/453720"}],"wp:attachment":[{"href":"https:\/\/arantv.az\/index.php?rest_route=%2Fwp%2Fv2%2Fmedia&parent=453719"}],"wp:term":[{"taxonomy":"category","embeddable":true,"href":"https:\/\/arantv.az\/index.php?rest_route=%2Fwp%2Fv2%2Fcategories&post=453719"},{"taxonomy":"post_tag","embeddable":true,"href":"https:\/\/arantv.az\/index.php?rest_route=%2Fwp%2Fv2%2Ftags&post=453719"}],"curies":[{"name":"wp","href":"https:\/\/api.w.org\/{rel}","templated":true}]}}