{"id":453727,"date":"2022-03-19T11:40:07","date_gmt":"2022-03-19T08:40:07","guid":{"rendered":"http:\/\/arantv.az\/?p=453727"},"modified":"2022-03-19T11:40:07","modified_gmt":"2022-03-19T08:40:07","slug":"bayram-gunl%c9%99rind%c9%99-susaya-avtobuslar-isl%c9%99y%c9%99c%c9%99k-video","status":"publish","type":"post","link":"https:\/\/arantv.az\/?p=453727","title":{"rendered":"Bayram g\u00fcnl\u0259rind\u0259 \u015eu\u015faya avtobuslar i\u015fl\u0259y\u0259c\u0259k &#8211; V\u0130DEO"},"content":{"rendered":"<article class=\"news\">\n<div class=\"news-inner\">\n<p>Builki bayram\u0131n dig\u0259rl\u0259rind\u0259n f\u0259rql\u0259ndir\u0259n \u0259sas m\u0259qamlardan biri\u00a0ondan ibar\u0259tdir ki, s\u0131ravi v\u0259t\u0259nda\u015flar Novruzu \u015eu\u015fada, A\u011fdamda qeyd ed\u0259 bil\u0259c\u0259kl\u0259r.<\/p>\n<p>\u0130ll\u0259rd\u0259n sonra, i\u015f\u011faldan azad edil\u0259n torpaqlar\u0131m\u0131zda qalanacaq tonqal\u0131n \u0259traf\u0131na topla\u015facaqlar, bayram yall\u0131s\u0131 ged\u0259c\u0259kl\u0259r.<\/p>\n<div class=\"AdviadNativeVideo\"><\/div>\n<p>Qeyd etm\u0259k ist\u0259yirik ki, bayram g\u00fcnl\u0259rini Qaraba\u011fda ke\u00e7irm\u0259k ist\u0259y\u0259nl\u0259rin say\u0131 xeyli \u00e7oxdur.<\/p>\n<p>Buna g\u00f6r\u0259 d\u0259 D\u00f6vl\u0259t Avtomobil N\u0259qliyyat\u0131 Xidm\u0259ti t\u0259r\u0259find\u0259n avtobuslar\u0131n h\u0259r\u0259k\u0259t qrafikas\u0131nda d\u0259yi\u015fiklik edilib.<\/p>\n<p>Daha \u0259trafl\u0131 s\u00fcjetd\u0259:<\/p>\n<p><iframe loading=\"lazy\" title=\"YouTube video player\" src=\"https:\/\/www.youtube.com\/embed\/YaKHmPXWadw\" width=\"560\" height=\"315\" frameborder=\"0\" allowfullscreen=\"allowfullscreen\" data-mce-fragment=\"1\"><\/iframe><\/p>\n<\/div>\n<\/article>\n","protected":false},"excerpt":{"rendered":"<p>Builki bayram\u0131n dig\u0259rl\u0259rind\u0259n f\u0259rql\u0259ndir\u0259n \u0259sas m\u0259qamlardan biri\u00a0ondan ibar\u0259tdir ki, s\u0131ravi v\u0259t\u0259nda\u015flar Novruzu \u015eu\u015fada, A\u011fdamda qeyd ed\u0259 bil\u0259c\u0259kl\u0259r. \u0130ll\u0259rd\u0259n sonra, i\u015f\u011faldan azad edil\u0259n torpaqlar\u0131m\u0131zda qalanacaq tonqal\u0131n \u0259traf\u0131na topla\u015facaqlar, bayram yall\u0131s\u0131 ged\u0259c\u0259kl\u0259r. Qeyd etm\u0259k ist\u0259yirik ki, bayram g\u00fcnl\u0259rini Qaraba\u011fda ke\u00e7irm\u0259k ist\u0259y\u0259nl\u0259rin say\u0131 xeyli \u00e7oxdur. Buna g\u00f6r\u0259 d\u0259 D\u00f6vl\u0259t Avtomobil N\u0259qliyyat\u0131 Xidm\u0259ti t\u0259r\u0259find\u0259n avtobuslar\u0131n h\u0259r\u0259k\u0259t qrafikas\u0131nda d\u0259yi\u015fiklik edilib. Daha \u0259trafl\u0131 s\u00fcjetd\u0259:<\/p>\n","protected":false},"author":2,"featured_media":453728,"comment_status":"closed","ping_status":"closed","sticky":false,"template":"","format":"standard","meta":{"om_disable_all_campaigns":false,"_monsterinsights_skip_tracking":false,"_monsterinsights_sitenote_active":false,"_monsterinsights_sitenote_note":"","_monsterinsights_sitenote_category":0},"categories":[1],"tags":[],"aioseo_notices":[],"gutentor_comment":0,"rttpg_featured_image_url":{"full":["https:\/\/arantv.az\/wp-content\/uploads\/2022\/03\/FotoJet-2022-01-26T123952.336.jpg",620,413,false],"landscape":["https:\/\/arantv.az\/wp-content\/uploads\/2022\/03\/FotoJet-2022-01-26T123952.336.jpg",620,413,false],"portraits":["https:\/\/arantv.az\/wp-content\/uploads\/2022\/03\/FotoJet-2022-01-26T123952.336.jpg",620,413,false],"thumbnail":["https:\/\/arantv.az\/wp-content\/uploads\/2022\/03\/FotoJet-2022-01-26T123952.336-500x280.jpg",500,280,true],"medium":["https:\/\/arantv.az\/wp-content\/uploads\/2022\/03\/FotoJet-2022-01-26T123952.336-548x365.jpg",548,365,true],"large":["https:\/\/arantv.az\/wp-content\/uploads\/2022\/03\/FotoJet-2022-01-26T123952.336.jpg",620,413,false],"1536x1536":["https:\/\/arantv.az\/wp-content\/uploads\/2022\/03\/FotoJet-2022-01-26T123952.336.jpg",620,413,false],"2048x2048":["https:\/\/arantv.az\/wp-content\/uploads\/2022\/03\/FotoJet-2022-01-26T123952.336.jpg",620,413,false],"post-thumbnail":["https:\/\/arantv.az\/wp-content\/uploads\/2022\/03\/FotoJet-2022-01-26T123952.336-240x172.jpg",240,172,true],"advps-thumb-one":["https:\/\/arantv.az\/wp-content\/uploads\/2022\/03\/FotoJet-2022-01-26T123952.336.jpg",620,413,false]},"rttpg_author":{"display_name":"V\u00fcsal Rafiqo\u011flu","author_link":"https:\/\/arantv.az\/?author=2"},"rttpg_comment":0,"rttpg_category":"<a href=\"https:\/\/arantv.az\/?cat=1\" rel=\"category\">C\u0259miyy\u0259t<\/a>","rttpg_excerpt":"Builki bayram\u0131n dig\u0259rl\u0259rind\u0259n f\u0259rql\u0259ndir\u0259n \u0259sas m\u0259qamlardan biri\u00a0ondan ibar\u0259tdir ki, s\u0131ravi v\u0259t\u0259nda\u015flar Novruzu \u015eu\u015fada, A\u011fdamda qeyd ed\u0259 bil\u0259c\u0259kl\u0259r. \u0130ll\u0259rd\u0259n sonra, i\u015f\u011faldan azad edil\u0259n torpaqlar\u0131m\u0131zda qalanacaq tonqal\u0131n \u0259traf\u0131na topla\u015facaqlar, bayram yall\u0131s\u0131 ged\u0259c\u0259kl\u0259r. Qeyd etm\u0259k ist\u0259yirik ki, bayram g\u00fcnl\u0259rini Qaraba\u011fda ke\u00e7irm\u0259k ist\u0259y\u0259nl\u0259rin say\u0131 xeyli \u00e7oxdur. Buna g\u00f6r\u0259 d\u0259 D\u00f6vl\u0259t Avtomobil N\u0259qliyyat\u0131 Xidm\u0259ti t\u0259r\u0259find\u0259n avtobuslar\u0131n h\u0259r\u0259k\u0259t qrafikas\u0131nda d\u0259yi\u015fiklik edilib.&hellip;","_links":{"self":[{"href":"https:\/\/arantv.az\/index.php?rest_route=\/wp\/v2\/posts\/453727"}],"collection":[{"href":"https:\/\/arantv.az\/index.php?rest_route=\/wp\/v2\/posts"}],"about":[{"href":"https:\/\/arantv.az\/index.php?rest_route=\/wp\/v2\/types\/post"}],"author":[{"embeddable":true,"href":"https:\/\/arantv.az\/index.php?rest_route=\/wp\/v2\/users\/2"}],"replies":[{"embeddable":true,"href":"https:\/\/arantv.az\/index.php?rest_route=%2Fwp%2Fv2%2Fcomments&post=453727"}],"version-history":[{"count":0,"href":"https:\/\/arantv.az\/index.php?rest_route=\/wp\/v2\/posts\/453727\/revisions"}],"wp:featuredmedia":[{"embeddable":true,"href":"https:\/\/arantv.az\/index.php?rest_route=\/wp\/v2\/media\/453728"}],"wp:attachment":[{"href":"https:\/\/arantv.az\/index.php?rest_route=%2Fwp%2Fv2%2Fmedia&parent=453727"}],"wp:term":[{"taxonomy":"category","embeddable":true,"href":"https:\/\/arantv.az\/index.php?rest_route=%2Fwp%2Fv2%2Fcategories&post=453727"},{"taxonomy":"post_tag","embeddable":true,"href":"https:\/\/arantv.az\/index.php?rest_route=%2Fwp%2Fv2%2Ftags&post=453727"}],"curies":[{"name":"wp","href":"https:\/\/api.w.org\/{rel}","templated":true}]}}