{"id":453733,"date":"2022-03-19T11:52:30","date_gmt":"2022-03-19T08:52:30","guid":{"rendered":"http:\/\/arantv.az\/?p=453733"},"modified":"2022-03-19T11:52:30","modified_gmt":"2022-03-19T08:52:30","slug":"novruz-t%c9%99kc%c9%99-onu-kecir%c9%99n-turk-xalqlarinin-deyil-umumilikd%c9%99-b%c9%99s%c9%99riyy%c9%99tin-m%c9%99n%c9%99vi-d%c9%99y%c9%99ri-hesab-edilir-2","status":"publish","type":"post","link":"https:\/\/arantv.az\/?p=453733","title":{"rendered":"Novruz t\u0259kc\u0259 onu ke\u00e7ir\u0259n t\u00fcrk xalqlar\u0131n\u0131n deyil, \u00fcmumilikd\u0259 b\u0259\u015f\u0259riyy\u0259tin m\u0259n\u0259vi d\u0259y\u0259ri hesab edilir"},"content":{"rendered":"<div class=\"cxmmr5t8 oygrvhab hcukyx3x c1et5uql o9v6fnle ii04i59q\">\n<div dir=\"auto\">Novruz bayram\u0131 sovetl\u0259r birliyi d\u00f6vr\u00fcnd\u0259 r\u0259sm\u0259n qada\u011fan edils\u0259 d\u0259, \u00fcmummilli lider Heyd\u0259r \u018fliyevin milli \u0259n\u0259n\u0259 v\u0259 d\u0259y\u0259rl\u0259r\u0259 daxil\u0259n m\u00f6hk\u0259m ba\u011fl\u0131l\u0131\u011f\u0131 bu bayram\u0131n xalq aras\u0131nda sevil\u0259r\u0259k ya\u015fad\u0131lmas\u0131n\u0131 t\u0259min etmi\u015f, folklor\u015f\u00fcnasl\u0131q v\u0259 f\u0259ls\u0259f\u0259 sah\u0259sind\u0259 apar\u0131lan elmi t\u0259dqiqatlarda onun ideoloji-siyasi \u0259h\u0259miyy\u0259ti h\u0259r zaman \u00f6n\u0259 \u00e7\u0259kilmi\u015fdir. Diqq\u0259t\u0259layiq hald\u0131r ki, \u00f6t\u0259n \u0259srin 70-ci ill\u0259rind\u0259 Novruz bayram\u0131 ilk d\u0259f\u0259 olaraq m\u0259hz ulu \u00f6nd\u0259rin xeyir-duas\u0131 il\u0259 r\u0259sm\u0259n qeyd olunmu\u015f, bayram \u015f\u0259nlikl\u0259rini \u0259ks etdir\u0259n reportajlar televiziya il\u0259 yay\u0131mlanm\u0131\u015fd\u0131r. \u00dcmumxalq bayram\u0131n\u0131n y\u00fcks\u0259k s\u0259viyy\u0259d\u0259 ke\u00e7irilm\u0259si Az\u0259rbaycan xalq\u0131n\u0131n milli ruhunu y\u00fcks\u0259ldir, milli irs\u0259, tarix\u0259 b\u00f6y\u00fck m\u0259h\u0259bb\u0259t yarad\u0131r, \u00f6z\u00fcn\u00fcd\u0259rki g\u00fccl\u0259ndirirdi. Novruz ad\u0259t-\u0259n\u0259n\u0259l\u0259ri o d\u00f6vrd\u0259 \u00e7\u0259kilmi\u015f filml\u0259rd\u0259 d\u0259 \u00f6z\u00fcn\u0259 yer tap\u0131rd\u0131.<\/div>\n<div dir=\"auto\">Az\u0259rbaycan xalq\u0131n\u0131n \u00fcmummilli lideri Heyd\u0259r \u018fliyev Novruz bayram\u0131 haqq\u0131nda bel\u0259 deyib: \u201cNovruz h\u0259r bir az\u0259rbaycanl\u0131n\u0131n q\u0259lbinin bayram\u0131d\u0131r. H\u0259r bir insan\u0131n, ail\u0259nin bayram\u0131d\u0131r. Bizim m\u00fcst\u0259qil Az\u0259rbaycan Respublikas\u0131n\u0131n bayram\u0131d\u0131r. Novruz dostluq, mehribanl\u0131q, m\u0259rh\u0259m\u0259t, m\u0259d\u0259niyy\u0259t bayram\u0131d\u0131r. Xalq\u0131n q\u0259hr\u0259manl\u0131\u011f\u0131n\u0131, r\u0259\u015fad\u0259tini, \u015f\u00fcca\u0259tini n\u00fcmayi\u015f etdir\u0259n bayramd\u0131r. Novruz xalq\u0131m\u0131z\u0131 bir-biril\u0259 h\u0259mi\u015f\u0259 daha s\u0131x birl\u0259\u015fdirib, insanlar\u0131m\u0131z aras\u0131nda mehribanl\u0131q \u0259laq\u0259l\u0259ri yarad\u0131b, insanlar\u0131 bir-birin\u0259 dost edibdir&#8221;.<\/div>\n<div dir=\"auto\">Art\u0131q ikinci ildir ki, Az\u0259rbaycan xalq\u0131 bu q\u0259dim bayram\u0131 \u0259vv\u0259ll\u0259r b\u0259lk\u0259 d\u0259 he\u00e7 zaman m\u00fc\u015fahid\u0259 olunmam\u0131\u015f ruh y\u00fcks\u0259kliyi il\u0259 qeyd edir. \u0130ki il bundan \u00f6nc\u0259 r\u0259\u015fad\u0259tli Az\u0259rbaycan Ordusu M\u00fcz\u0259ff\u0259r Ali Ba\u015f Komandan c\u0259nab \u0130lham \u018fliyevin r\u0259hb\u0259rliyi il\u0259 V\u0259t\u0259n m\u00fcharib\u0259sini tarixi Q\u0259l\u0259b\u0259 il\u0259 ba\u015fa vuraraq m\u0259nfur erm\u0259ni q\u0259sbkarlar\u0131n\u0131n torpaqlar\u0131m\u0131zdan qovdu, 30 il i\u015f\u011fal alt\u0131nda olan torpaqlar\u0131m\u0131z\u0131 azad etdi. Bununla da Ulu \u00d6nd\u0259r Heyd\u0259r \u018fliyevin h\u0259l\u0259 uzaq 1998-ci ild\u0259 s\u00f6yl\u0259diyi tarixi fikirl\u0259r realla\u015fm\u0131\u015f oldu. G\u00fcn o g\u00fcn olacaq ki, Novruz bayram\u0131n\u0131 bir d\u0259f\u0259 \u015eu\u015fada, o biri il La\u00e7\u0131nda, o biri il K\u0259lb\u0259c\u0259rd\u0259, A\u011fdamda, F\u00fczulid\u0259, C\u0259bray\u0131lda, Z\u0259ngilanda, Qubadl\u0131da ke\u00e7ir\u0259c\u0259yik. \u018fmin\u0259m ki, bel\u0259 d\u0259 olacaqd\u0131r. M\u0259n buna inan\u0131ram v\u0259 bu inamla ya\u015fay\u0131ram, bu inamla i\u015fl\u0259yir\u0259m v\u0259 bu inamla da Az\u0259rbaycan xalq\u0131na r\u0259hb\u0259rlik edir\u0259m.<\/div>\n<div dir=\"auto\">Bu m\u00f6ht\u0259\u015f\u0259m Z\u0259f\u0259r b\u00fct\u00fcn Az\u0259rbaycana \u0259b\u0259di bahar g\u0259tirdi. Novruzu milli m\u0259n\u0259vi d\u0259y\u0259rl\u0259rimizin t\u0259c\u0259ss\u00fcm\u00fc adland\u0131ran Prezident \u0130lham \u018fliyevin h\u0259r il bayram \u015f\u0259nlikl\u0259rin\u0259 qat\u0131lmas\u0131, \u0259hali il\u0259 bayramla\u015fmas\u0131, Bak\u0131n\u0131n q\u0259dim meydan\u0131ndak\u0131 tonqal\u0131 alovland\u0131rmas\u0131 bayram ovqat\u0131n\u0131 daha da art\u0131rmaqla yana\u015f\u0131, xalqla iqtidar aras\u0131nda s\u0131x v\u0259hd\u0259ti d\u0259 s\u00fcbut edir. \u201cNovruz g\u0259l\u0259c\u0259y\u0259 inam hissi a\u015f\u0131lay\u0131r, k\u00f6n\u00fcll\u0259rd\u0259 \u0259n ali duy\u011fular\u0131 oyad\u0131r, insanlar\u0131 daha xeyirxah, m\u0259rh\u0259m\u0259tli v\u0259 mehriban olma\u011fa \u00e7a\u011f\u0131r\u0131r\u201d, &#8211; dey\u0259n Prezident \u0130lham \u018fliyev onun insanlarda qurub-yaratmaq \u0259zmi a\u015f\u0131layan bayram oldu\u011funu qeyd etmi\u015fdir. Novruz bayram\u0131 m\u00fcnasib\u0259til\u0259 Az\u0259rbaycan Respublikas\u0131n\u0131n Prezidenti c\u0259nab \u0130lham \u018fliyev il\u0259 \u00f6lk\u0259mizd\u0259 f\u0259aliyy\u0259t g\u00f6st\u0259r\u0259n siyasi partiyan\u0131n r\u0259hb\u0259rl\u0259ri aras\u0131nda qar\u015f\u0131l\u0131ql\u0131 bayramla\u015fma \u00f6lk\u0259d\u0259 yeni, m\u00fct\u0259r\u0259qqi siyasi m\u0259d\u0259niyy\u0259tin t\u0259\u015f\u0259kk\u00fcl\u00fcn\u00fc g\u00f6st\u0259rir.<\/div>\n<div dir=\"auto\">Az\u0259rbaycan\u0131n Birinci vitse-prezidenti, Heyd\u0259r \u018fliyev Fondunun prezidenti, UNESCO v\u0259 ISESCO-nun xo\u015fm\u0259raml\u0131 s\u0259firi Mehriban xan\u0131m \u018fliyevan\u0131n b\u00f6y\u00fck s\u0259yi n\u0259tic\u0259sind\u0259 Novruz bayram\u0131 UNESCO t\u0259r\u0259find\u0259n Qeyri-Maddi M\u0259d\u0259ni \u0130rs \u00fczr\u0259 Reprezentativ siyah\u0131s\u0131na daxil edilib. 28 sentyabr &#8211; 2 oktyabr 2009-cu ild\u0259 Birl\u0259\u015fmi\u015f \u018fr\u0259b \u018fmirlikl\u0259rinin Abu-Dabi \u015f\u0259h\u0259rind\u0259 ke\u00e7irilmi\u015f UNESCO-nun Qeyri-Maddi M\u0259d\u0259ni \u0130rs \u00fczr\u0259 H\u00f6k\u00fcm\u0259tl\u0259raras\u0131 Komit\u0259sinin 4-c\u00fc Sessiyas\u0131 \u00e7\u0259r\u00e7iv\u0259sind\u0259 q\u0259bul edilmi\u015f q\u0259rara \u0259sas\u0259n, Novruz \u00e7oxmill\u0259tli nominasiya kimi UNESCO-nun Qeyri-Maddi M\u0259d\u0259ni \u0130rsin reprezentativ siyah\u0131s\u0131na sal\u0131n\u0131b.<\/div>\n<div dir=\"auto\">M\u00fcq\u0259dd\u0259s Novruz art\u0131q \u00f6lk\u0259miz\u0259 q\u0259d\u0259m qoymu\u015f, ilax\u0131r \u00e7\u0259r\u015f\u0259nb\u0259l\u0259ri il\u0259 Az\u0259rbaycan xalq\u0131n\u0131n h\u0259yat\u0131na sevinc, \u015fadl\u0131q g\u0259tirmi\u015fdir. O, ne\u00e7\u0259 \u0259srl\u0259r v\u0259 minill\u0259rdir ki, insanlar\u0131 g\u0259li\u015fi il\u0259 m\u00fcjd\u0259l\u0259yir, onlara xeyir-b\u0259r\u0259k\u0259t, bolluq, xo\u015f h\u0259yat, firavanl\u0131q b\u0259x\u015f edir. M\u0259\u015f\u0259qq\u0259tli g\u00fcnl\u0259r\u0259, s\u0131x\u0131nt\u0131l\u0131 h\u0259yata son qoyub t\u00fck\u0259n\u0259n g\u00fccl\u0259ri b\u0259rpa edir. \u0130nsanlar\u0131n g\u00f6zl\u0259rin\u0259 i\u015f\u0131q, qollar\u0131na q\u00fcvv\u0259t, ayaqlar\u0131na g\u00fcc verib, q\u0259lbl\u0259rini \u00fcmid v\u0259 inamla doldurur. Tarix boyu z\u0259hm\u0259t v\u0259 halall\u0131qla ya\u015fayan xalq\u0131m\u0131z Novruzun g\u0259li\u015fini ruzi-b\u0259r\u0259k\u0259t qap\u0131s\u0131n\u0131n a\u00e7\u0131lmas\u0131 kimi intizarla g\u00f6zl\u0259mi\u015f, b\u00fct\u00fcn cismi v\u0259 ruhu il\u0259 onun h\u0259sr\u0259tind\u0259 olmu\u015fdur. Min ill\u0259ri haqlayan Novruz f\u0259ls\u0259f\u0259si milli m\u0259n\u0259viyyat\u0131m\u0131z\u0131n simvoluna \u00e7evril\u0259r\u0259k, Az\u0259rbaycan xalq\u0131n\u0131 d\u00fcnyada insan\u0131n, t\u0259bi\u0259tin vur\u011funu kimi tan\u0131tm\u0131\u015fd\u0131r.<\/div>\n<\/div>\n<div class=\"cxmmr5t8 oygrvhab hcukyx3x c1et5uql o9v6fnle ii04i59q\">\n<div dir=\"auto\">Nadir Quliyev,<\/div>\n<div dir=\"auto\">Sabirabad rayon G\u0259ncl\u0259r v\u0259 idman idar\u0259sinin r\u0259isi<\/div>\n<\/div>\n","protected":false},"excerpt":{"rendered":"<p>Novruz bayram\u0131 sovetl\u0259r birliyi d\u00f6vr\u00fcnd\u0259 r\u0259sm\u0259n qada\u011fan edils\u0259 d\u0259, \u00fcmummilli lider Heyd\u0259r \u018fliyevin milli \u0259n\u0259n\u0259 v\u0259 d\u0259y\u0259rl\u0259r\u0259 daxil\u0259n m\u00f6hk\u0259m ba\u011fl\u0131l\u0131\u011f\u0131 bu bayram\u0131n xalq aras\u0131nda sevil\u0259r\u0259k ya\u015fad\u0131lmas\u0131n\u0131 t\u0259min etmi\u015f, folklor\u015f\u00fcnasl\u0131q v\u0259 f\u0259ls\u0259f\u0259 sah\u0259sind\u0259 apar\u0131lan elmi t\u0259dqiqatlarda onun ideoloji-siyasi \u0259h\u0259miyy\u0259ti h\u0259r zaman \u00f6n\u0259 \u00e7\u0259kilmi\u015fdir. Diqq\u0259t\u0259layiq hald\u0131r ki, \u00f6t\u0259n \u0259srin 70-ci ill\u0259rind\u0259 Novruz bayram\u0131 ilk d\u0259f\u0259 olaraq m\u0259hz ulu \u00f6nd\u0259rin xeyir-duas\u0131 il\u0259 r\u0259sm\u0259n qeyd olunmu\u015f, bayram \u015f\u0259nlikl\u0259rini \u0259ks etdir\u0259n reportajlar televiziya il\u0259 yay\u0131mlanm\u0131\u015fd\u0131r. \u00dcmumxalq bayram\u0131n\u0131n y\u00fcks\u0259k s\u0259viyy\u0259d\u0259 ke\u00e7irilm\u0259si Az\u0259rbaycan xalq\u0131n\u0131n milli ruhunu y\u00fcks\u0259ldir, milli irs\u0259, tarix\u0259 b\u00f6y\u00fck m\u0259h\u0259bb\u0259t yarad\u0131r, \u00f6z\u00fcn\u00fcd\u0259rki g\u00fccl\u0259ndirirdi. Novruz ad\u0259t-\u0259n\u0259n\u0259l\u0259ri&hellip;<\/p>\n","protected":false},"author":2,"featured_media":453734,"comment_status":"closed","ping_status":"closed","sticky":false,"template":"","format":"standard","meta":{"om_disable_all_campaigns":false,"_monsterinsights_skip_tracking":false,"_monsterinsights_sitenote_active":false,"_monsterinsights_sitenote_note":"","_monsterinsights_sitenote_category":0},"categories":[2],"tags":[],"aioseo_notices":[],"gutentor_comment":0,"rttpg_featured_image_url":{"full":["https:\/\/arantv.az\/wp-content\/uploads\/2022\/03\/276165781_1311052162723255_5810245374334332346_n.jpg",810,540,false],"landscape":["https:\/\/arantv.az\/wp-content\/uploads\/2022\/03\/276165781_1311052162723255_5810245374334332346_n.jpg",810,540,false],"portraits":["https:\/\/arantv.az\/wp-content\/uploads\/2022\/03\/276165781_1311052162723255_5810245374334332346_n.jpg",810,540,false],"thumbnail":["https:\/\/arantv.az\/wp-content\/uploads\/2022\/03\/276165781_1311052162723255_5810245374334332346_n-500x280.jpg",500,280,true],"medium":["https:\/\/arantv.az\/wp-content\/uploads\/2022\/03\/276165781_1311052162723255_5810245374334332346_n-548x365.jpg",548,365,true],"large":["https:\/\/arantv.az\/wp-content\/uploads\/2022\/03\/276165781_1311052162723255_5810245374334332346_n.jpg",640,427,false],"1536x1536":["https:\/\/arantv.az\/wp-content\/uploads\/2022\/03\/276165781_1311052162723255_5810245374334332346_n.jpg",810,540,false],"2048x2048":["https:\/\/arantv.az\/wp-content\/uploads\/2022\/03\/276165781_1311052162723255_5810245374334332346_n.jpg",810,540,false],"post-thumbnail":["https:\/\/arantv.az\/wp-content\/uploads\/2022\/03\/276165781_1311052162723255_5810245374334332346_n-240x172.jpg",240,172,true],"advps-thumb-one":["https:\/\/arantv.az\/wp-content\/uploads\/2022\/03\/276165781_1311052162723255_5810245374334332346_n.jpg",810,540,false]},"rttpg_author":{"display_name":"V\u00fcsal Rafiqo\u011flu","author_link":"https:\/\/arantv.az\/?author=2"},"rttpg_comment":0,"rttpg_category":"<a href=\"https:\/\/arantv.az\/?cat=2\" rel=\"category\">Region X\u0259b\u0259rl\u0259ri<\/a>","rttpg_excerpt":"Novruz bayram\u0131 sovetl\u0259r birliyi d\u00f6vr\u00fcnd\u0259 r\u0259sm\u0259n qada\u011fan edils\u0259 d\u0259, \u00fcmummilli lider Heyd\u0259r \u018fliyevin milli \u0259n\u0259n\u0259 v\u0259 d\u0259y\u0259rl\u0259r\u0259 daxil\u0259n m\u00f6hk\u0259m ba\u011fl\u0131l\u0131\u011f\u0131 bu bayram\u0131n xalq aras\u0131nda sevil\u0259r\u0259k ya\u015fad\u0131lmas\u0131n\u0131 t\u0259min etmi\u015f, folklor\u015f\u00fcnasl\u0131q v\u0259 f\u0259ls\u0259f\u0259 sah\u0259sind\u0259 apar\u0131lan elmi t\u0259dqiqatlarda onun ideoloji-siyasi \u0259h\u0259miyy\u0259ti h\u0259r zaman \u00f6n\u0259 \u00e7\u0259kilmi\u015fdir. Diqq\u0259t\u0259layiq hald\u0131r ki, \u00f6t\u0259n \u0259srin 70-ci ill\u0259rind\u0259 Novruz bayram\u0131 ilk d\u0259f\u0259 olaraq m\u0259hz&hellip;","_links":{"self":[{"href":"https:\/\/arantv.az\/index.php?rest_route=\/wp\/v2\/posts\/453733"}],"collection":[{"href":"https:\/\/arantv.az\/index.php?rest_route=\/wp\/v2\/posts"}],"about":[{"href":"https:\/\/arantv.az\/index.php?rest_route=\/wp\/v2\/types\/post"}],"author":[{"embeddable":true,"href":"https:\/\/arantv.az\/index.php?rest_route=\/wp\/v2\/users\/2"}],"replies":[{"embeddable":true,"href":"https:\/\/arantv.az\/index.php?rest_route=%2Fwp%2Fv2%2Fcomments&post=453733"}],"version-history":[{"count":0,"href":"https:\/\/arantv.az\/index.php?rest_route=\/wp\/v2\/posts\/453733\/revisions"}],"wp:featuredmedia":[{"embeddable":true,"href":"https:\/\/arantv.az\/index.php?rest_route=\/wp\/v2\/media\/453734"}],"wp:attachment":[{"href":"https:\/\/arantv.az\/index.php?rest_route=%2Fwp%2Fv2%2Fmedia&parent=453733"}],"wp:term":[{"taxonomy":"category","embeddable":true,"href":"https:\/\/arantv.az\/index.php?rest_route=%2Fwp%2Fv2%2Fcategories&post=453733"},{"taxonomy":"post_tag","embeddable":true,"href":"https:\/\/arantv.az\/index.php?rest_route=%2Fwp%2Fv2%2Ftags&post=453733"}],"curies":[{"name":"wp","href":"https:\/\/api.w.org\/{rel}","templated":true}]}}