{"id":453800,"date":"2022-03-19T14:05:03","date_gmt":"2022-03-19T11:05:03","guid":{"rendered":"http:\/\/arantv.az\/?p=453800"},"modified":"2022-03-19T14:05:03","modified_gmt":"2022-03-19T11:05:03","slug":"ukraynadan-9-n%c9%99f%c9%99r-moskva-vasit%c9%99sil%c9%99-az%c9%99rbaycana-t%c9%99xliy%c9%99-olunub-video","status":"publish","type":"post","link":"https:\/\/arantv.az\/?p=453800","title":{"rendered":"Ukraynadan 9 n\u0259f\u0259r Moskva vasit\u0259sil\u0259 Az\u0259rbaycana t\u0259xliy\u0259 olunub &#8211; V\u0130DEO"},"content":{"rendered":"<p>9 n\u0259f\u0259r Ukraynan\u0131n Xerson vilay\u0259tind\u0259n Moskvaya apar\u0131l\u0131b.<\/p>\n<article class=\"news\">\n<div class=\"news-inner\">\n<p>Az\u0259rbaycan\u0131n Rusiyadak\u0131 s\u0259firliyinin yard\u0131m\u0131 il\u0259 t\u0259xliy\u0259 edil\u0259nl\u0259rd\u0259n 2-si Ukrayna, 7-si Az\u0259rbaycan v\u0259t\u0259nda\u015f\u0131d\u0131r. Onlar daha sonra Moskvadan Bak\u0131ya t\u0259yyar\u0259 reysi il\u0259 yola sal\u0131n\u0131b.<\/p>\n<p>Az\u0259rbaycan\u0131n Rusiyadak\u0131 s\u0259firi Polad B\u00fclb\u00fclo\u011flu t\u0259xliy\u0259 edil\u0259n soyda\u015flar\u0131m\u0131zla g\u00f6r\u00fc\u015f\u00fcb.<\/p>\n<p>Bildirilib ki, indiy\u0259d\u0259k minl\u0259rl\u0259 az\u0259rbaycanl\u0131 d\u00f6y\u00fc\u015f zonas\u0131ndan \u00e7\u0131xar\u0131l\u0131b.<\/p>\n<p>\u201cSoyda\u015flar\u0131m\u0131z\u0131n V\u0259t\u0259n\u0259 d\u00f6nm\u0259si \u00fc\u00e7\u00fcn diplomatik kanallarla i\u015f apar\u0131l\u0131r. Biz sizi Moskva vasit\u0259sil\u0259 Az\u0259rbaycana t\u0259xliy\u0259 etm\u0259k q\u0259rar\u0131na g\u0259ldik. Rusiya bizim strateji m\u00fctt\u0259fiqimizdir. Bizim Ukrayna il\u0259 d\u0259 yax\u015f\u0131 m\u00fcnasib\u0259tl\u0259rimiz var. \u0130nan\u0131r\u0131q ki, Rusiya v\u0259 Ukrayna yax\u0131n vaxtlarda raz\u0131l\u0131\u011fa g\u0259l\u0259c\u0259kl\u0259r\u201d, &#8211; dey\u0259\u00a0s\u0259fir Polad B\u00fclb\u00fclo\u011flu qeyd edib.<\/p>\n<div><iframe loading=\"lazy\" title=\"YouTube video player\" src=\"https:\/\/www.youtube.com\/embed\/_zHfsYH2qrU\" width=\"560\" height=\"315\" frameborder=\"0\" allowfullscreen=\"allowfullscreen\" data-mce-fragment=\"1\"><\/iframe><\/div>\n<\/div>\n<\/article>\n","protected":false},"excerpt":{"rendered":"<p>9 n\u0259f\u0259r Ukraynan\u0131n Xerson vilay\u0259tind\u0259n Moskvaya apar\u0131l\u0131b. Az\u0259rbaycan\u0131n Rusiyadak\u0131 s\u0259firliyinin yard\u0131m\u0131 il\u0259 t\u0259xliy\u0259 edil\u0259nl\u0259rd\u0259n 2-si Ukrayna, 7-si Az\u0259rbaycan v\u0259t\u0259nda\u015f\u0131d\u0131r. Onlar daha sonra Moskvadan Bak\u0131ya t\u0259yyar\u0259 reysi il\u0259 yola sal\u0131n\u0131b. Az\u0259rbaycan\u0131n Rusiyadak\u0131 s\u0259firi Polad B\u00fclb\u00fclo\u011flu t\u0259xliy\u0259 edil\u0259n soyda\u015flar\u0131m\u0131zla g\u00f6r\u00fc\u015f\u00fcb. Bildirilib ki, indiy\u0259d\u0259k minl\u0259rl\u0259 az\u0259rbaycanl\u0131 d\u00f6y\u00fc\u015f zonas\u0131ndan \u00e7\u0131xar\u0131l\u0131b. \u201cSoyda\u015flar\u0131m\u0131z\u0131n V\u0259t\u0259n\u0259 d\u00f6nm\u0259si \u00fc\u00e7\u00fcn diplomatik kanallarla i\u015f apar\u0131l\u0131r. Biz sizi Moskva vasit\u0259sil\u0259 Az\u0259rbaycana t\u0259xliy\u0259 etm\u0259k q\u0259rar\u0131na g\u0259ldik. Rusiya bizim strateji m\u00fctt\u0259fiqimizdir. Bizim Ukrayna il\u0259 d\u0259 yax\u015f\u0131 m\u00fcnasib\u0259tl\u0259rimiz var. \u0130nan\u0131r\u0131q ki, Rusiya v\u0259 Ukrayna yax\u0131n vaxtlarda raz\u0131l\u0131\u011fa g\u0259l\u0259c\u0259kl\u0259r\u201d, &#8211; dey\u0259\u00a0s\u0259fir Polad B\u00fclb\u00fclo\u011flu qeyd edib.<\/p>\n","protected":false},"author":2,"featured_media":453801,"comment_status":"closed","ping_status":"closed","sticky":false,"template":"","format":"standard","meta":{"om_disable_all_campaigns":false,"_monsterinsights_skip_tracking":false,"_monsterinsights_sitenote_active":false,"_monsterinsights_sitenote_note":"","_monsterinsights_sitenote_category":0},"categories":[1],"tags":[],"aioseo_notices":[],"gutentor_comment":0,"rttpg_featured_image_url":{"full":["https:\/\/arantv.az\/wp-content\/uploads\/2022\/03\/b57f777d-381d-4f30-a4c6-9c0f7e445fa6.jpg",573,465,false],"landscape":["https:\/\/arantv.az\/wp-content\/uploads\/2022\/03\/b57f777d-381d-4f30-a4c6-9c0f7e445fa6.jpg",573,465,false],"portraits":["https:\/\/arantv.az\/wp-content\/uploads\/2022\/03\/b57f777d-381d-4f30-a4c6-9c0f7e445fa6.jpg",573,465,false],"thumbnail":["https:\/\/arantv.az\/wp-content\/uploads\/2022\/03\/b57f777d-381d-4f30-a4c6-9c0f7e445fa6-500x280.jpg",500,280,true],"medium":["https:\/\/arantv.az\/wp-content\/uploads\/2022\/03\/b57f777d-381d-4f30-a4c6-9c0f7e445fa6-450x365.jpg",450,365,true],"large":["https:\/\/arantv.az\/wp-content\/uploads\/2022\/03\/b57f777d-381d-4f30-a4c6-9c0f7e445fa6.jpg",573,465,false],"1536x1536":["https:\/\/arantv.az\/wp-content\/uploads\/2022\/03\/b57f777d-381d-4f30-a4c6-9c0f7e445fa6.jpg",573,465,false],"2048x2048":["https:\/\/arantv.az\/wp-content\/uploads\/2022\/03\/b57f777d-381d-4f30-a4c6-9c0f7e445fa6.jpg",573,465,false],"post-thumbnail":["https:\/\/arantv.az\/wp-content\/uploads\/2022\/03\/b57f777d-381d-4f30-a4c6-9c0f7e445fa6-240x172.jpg",240,172,true],"advps-thumb-one":["https:\/\/arantv.az\/wp-content\/uploads\/2022\/03\/b57f777d-381d-4f30-a4c6-9c0f7e445fa6.jpg",573,465,false]},"rttpg_author":{"display_name":"V\u00fcsal Rafiqo\u011flu","author_link":"https:\/\/arantv.az\/?author=2"},"rttpg_comment":0,"rttpg_category":"<a href=\"https:\/\/arantv.az\/?cat=1\" rel=\"category\">C\u0259miyy\u0259t<\/a>","rttpg_excerpt":"9 n\u0259f\u0259r Ukraynan\u0131n Xerson vilay\u0259tind\u0259n Moskvaya apar\u0131l\u0131b. Az\u0259rbaycan\u0131n Rusiyadak\u0131 s\u0259firliyinin yard\u0131m\u0131 il\u0259 t\u0259xliy\u0259 edil\u0259nl\u0259rd\u0259n 2-si Ukrayna, 7-si Az\u0259rbaycan v\u0259t\u0259nda\u015f\u0131d\u0131r. Onlar daha sonra Moskvadan Bak\u0131ya t\u0259yyar\u0259 reysi il\u0259 yola sal\u0131n\u0131b. Az\u0259rbaycan\u0131n Rusiyadak\u0131 s\u0259firi Polad B\u00fclb\u00fclo\u011flu t\u0259xliy\u0259 edil\u0259n soyda\u015flar\u0131m\u0131zla g\u00f6r\u00fc\u015f\u00fcb. Bildirilib ki, indiy\u0259d\u0259k minl\u0259rl\u0259 az\u0259rbaycanl\u0131 d\u00f6y\u00fc\u015f zonas\u0131ndan \u00e7\u0131xar\u0131l\u0131b. \u201cSoyda\u015flar\u0131m\u0131z\u0131n V\u0259t\u0259n\u0259 d\u00f6nm\u0259si \u00fc\u00e7\u00fcn diplomatik kanallarla i\u015f apar\u0131l\u0131r. Biz&hellip;","_links":{"self":[{"href":"https:\/\/arantv.az\/index.php?rest_route=\/wp\/v2\/posts\/453800"}],"collection":[{"href":"https:\/\/arantv.az\/index.php?rest_route=\/wp\/v2\/posts"}],"about":[{"href":"https:\/\/arantv.az\/index.php?rest_route=\/wp\/v2\/types\/post"}],"author":[{"embeddable":true,"href":"https:\/\/arantv.az\/index.php?rest_route=\/wp\/v2\/users\/2"}],"replies":[{"embeddable":true,"href":"https:\/\/arantv.az\/index.php?rest_route=%2Fwp%2Fv2%2Fcomments&post=453800"}],"version-history":[{"count":0,"href":"https:\/\/arantv.az\/index.php?rest_route=\/wp\/v2\/posts\/453800\/revisions"}],"wp:featuredmedia":[{"embeddable":true,"href":"https:\/\/arantv.az\/index.php?rest_route=\/wp\/v2\/media\/453801"}],"wp:attachment":[{"href":"https:\/\/arantv.az\/index.php?rest_route=%2Fwp%2Fv2%2Fmedia&parent=453800"}],"wp:term":[{"taxonomy":"category","embeddable":true,"href":"https:\/\/arantv.az\/index.php?rest_route=%2Fwp%2Fv2%2Fcategories&post=453800"},{"taxonomy":"post_tag","embeddable":true,"href":"https:\/\/arantv.az\/index.php?rest_route=%2Fwp%2Fv2%2Ftags&post=453800"}],"curies":[{"name":"wp","href":"https:\/\/api.w.org\/{rel}","templated":true}]}}