{"id":45398,"date":"2019-03-14T13:54:07","date_gmt":"2019-03-14T10:54:07","guid":{"rendered":"http:\/\/arantv.az\/?p=45398"},"modified":"2019-03-14T13:54:07","modified_gmt":"2019-03-14T10:54:07","slug":"nizami-g%c9%99nc%c9%99vi-beyn%c9%99lxalq-m%c9%99rk%c9%99zinin-m%c9%99d%c9%99niyy%c9%99tl%c9%99rarasi-dialoq-v%c9%99-%c9%99m%c9%99kdasligin-t%c9%99sviqi-il%c9%99-bagli-t%c9%99s%c9%99bbusu-artir-v","status":"publish","type":"post","link":"https:\/\/arantv.az\/?p=45398","title":{"rendered":"&#8220;Nizami G\u0259nc\u0259vi Beyn\u0259lxalq M\u0259rk\u0259zinin m\u0259d\u0259niyy\u0259tl\u0259raras\u0131 dialoq v\u0259 \u0259m\u0259kda\u015fl\u0131\u011f\u0131n t\u0259\u015fviqi il\u0259 ba\u011fl\u0131 t\u0259\u015f\u0259bb\u00fcs\u00fc art\u0131r v\u0259 m\u00f6hk\u0259ml\u0259nir&#8221;"},"content":{"rendered":"<blockquote><p><em><strong>Nizami G\u0259nc\u0259vi Beyn\u0259lxalq M\u0259rk\u0259zinin m\u0259d\u0259niyy\u0259tl\u0259raras\u0131 dialoq v\u0259 \u0259m\u0259kda\u015fl\u0131\u011f\u0131n t\u0259\u015fviqi il\u0259 ba\u011fl\u0131 t\u0259\u015f\u0259bb\u00fcs\u00fc art\u0131r v\u0259 m\u00f6hk\u0259ml\u0259nir.<\/strong><\/em><\/p><\/blockquote>\n<p><strong>ARANTV.AZ<\/strong> trend-\u0259 istinad\u0259n x\u0259b\u0259r verir ki, bu bar\u0259d\u0259 \u0130taliya Prezidenti Sercio Mattarellan\u0131n Bak\u0131da ke\u00e7iril\u0259n &#8220;D\u00fcnyan\u0131n yeni xarici siyas\u0259ti&#8221; m\u00f6vzusunda VII Qlobal Bak\u0131 Forumunun i\u015ftirak\u00e7\u0131lar\u0131na m\u00fcraci\u0259tind\u0259 deyilir.<\/p>\n<p>M\u00fcraci\u0259ti \u0130taliyan\u0131n Az\u0259rbaycandak\u0131 s\u0259firi Auqusto Massari s\u0259sl\u0259ndirib.<\/p>\n<p>\u0130taliya Prezidenti d\u00fcnyada g\u0259rginlik v\u0259 d\u00f6z\u00fcms\u00fczl\u00fcy\u00fcn qar\u015f\u0131s\u0131n\u0131n al\u0131nmas\u0131 \u00fc\u00e7\u00fcn Forumun m\u00fcst\u0259sna vacibliyini qeyd edib:<\/p>\n<p>&#8220;M\u0259n 2018-ci ild\u0259 Bak\u0131da Prezident \u0130lham \u018fliyevl\u0259 m\u0259hsuldar g\u00f6r\u00fc\u015f\u00fcm olub. Qlobal Forum anla\u015f\u0131lmazl\u0131qlar\u0131n, g\u0259rginliyin v\u0259 d\u00f6z\u00fcms\u00fczl\u00fcy\u00fcn qar\u015f\u0131s\u0131n\u0131n al\u0131nmas\u0131, el\u0259c\u0259 d\u0259 konkret t\u0259klifl\u0259rin siyasi s\u0259lahiyy\u0259tl\u0259r\u0259 malik \u015f\u0259xsl\u0259r\u0259 \u00e7atd\u0131r\u0131lmas\u0131 \u00fc\u00e7\u00fcn vacib \u0259h\u0259miyy\u0259t da\u015f\u0131y\u0131r&#8221;.<\/p>\n<p>M\u00fcraci\u0259td\u0259 qeyd olunur ki, m\u00fcasir d\u00f6vr\u00fcn aktual probleml\u0259ri h\u0259m h\u00f6kum\u0259tl\u0259rin, h\u0259m d\u0259 v\u0259t\u0259nda\u015f c\u0259miyy\u0259ti n\u00fcmay\u0259nd\u0259l\u0259rinin f\u0259al i\u015ftirak\u0131n\u0131 t\u0259l\u0259b edir.<\/p>\n<p>Qeyd ed\u0259k ki, mart\u0131n 14-d\u0259 VII Qlobal Bak\u0131 Forumu \u00f6z i\u015fin\u0259 ba\u015flay\u0131b. Mart\u0131n 16-na q\u0259d\u0259r davam ed\u0259c\u0259k forum Nizami G\u0259nc\u0259vi Beyn\u0259lxalq M\u0259rk\u0259zinin t\u0259\u015fkilat\u00e7\u0131l\u0131\u011f\u0131 il\u0259 ke\u00e7irilir.<\/p>\n<p>M\u00f6vzusu &#8220;D\u00fcnyan\u0131n yeni xarici siyas\u0259ti&#8221; olan VII Qlobal Bak\u0131 Forumunda d\u00fcnyan\u0131n 50-d\u0259n \u00e7ox \u00f6lk\u0259sind\u0259n 500-d\u0259n art\u0131q n\u00fcmay\u0259nd\u0259, o c\u00fcml\u0259d\u0259n bir s\u0131ra \u00f6lk\u0259l\u0259rin haz\u0131rk\u0131 d\u00f6vl\u0259t v\u0259 h\u00f6kum\u0259t ba\u015f\u00e7\u0131lar\u0131, n\u00fcfuzlu siyasi, ictimai xadiml\u0259r i\u015ftirak edirl\u0259r.<\/p>\n<p>Forumda d\u00fcnyan\u0131 narahat ed\u0259n qlobal siyasi v\u0259 iqtisadi probleml\u0259r, m\u00fcasir beyn\u0259lxalq m\u00fcnasib\u0259tl\u0259rin m\u00fcxt\u0259lif aspektl\u0259ri il\u0259 ba\u011fl\u0131 m\u00fczakir\u0259l\u0259r apar\u0131l\u0131r.<\/p>\n","protected":false},"excerpt":{"rendered":"<p>Nizami G\u0259nc\u0259vi Beyn\u0259lxalq M\u0259rk\u0259zinin m\u0259d\u0259niyy\u0259tl\u0259raras\u0131 dialoq v\u0259 \u0259m\u0259kda\u015fl\u0131\u011f\u0131n t\u0259\u015fviqi il\u0259 ba\u011fl\u0131 t\u0259\u015f\u0259bb\u00fcs\u00fc art\u0131r v\u0259 m\u00f6hk\u0259ml\u0259nir. ARANTV.AZ trend-\u0259 istinad\u0259n x\u0259b\u0259r verir ki, bu bar\u0259d\u0259 \u0130taliya Prezidenti Sercio Mattarellan\u0131n Bak\u0131da ke\u00e7iril\u0259n &#8220;D\u00fcnyan\u0131n yeni xarici siyas\u0259ti&#8221; m\u00f6vzusunda VII Qlobal Bak\u0131 Forumunun i\u015ftirak\u00e7\u0131lar\u0131na m\u00fcraci\u0259tind\u0259 deyilir. M\u00fcraci\u0259ti \u0130taliyan\u0131n Az\u0259rbaycandak\u0131 s\u0259firi Auqusto Massari s\u0259sl\u0259ndirib. \u0130taliya Prezidenti d\u00fcnyada g\u0259rginlik v\u0259 d\u00f6z\u00fcms\u00fczl\u00fcy\u00fcn qar\u015f\u0131s\u0131n\u0131n al\u0131nmas\u0131 \u00fc\u00e7\u00fcn Forumun m\u00fcst\u0259sna vacibliyini qeyd edib: &#8220;M\u0259n 2018-ci ild\u0259 Bak\u0131da Prezident \u0130lham \u018fliyevl\u0259 m\u0259hsuldar g\u00f6r\u00fc\u015f\u00fcm olub. Qlobal Forum anla\u015f\u0131lmazl\u0131qlar\u0131n, g\u0259rginliyin v\u0259 d\u00f6z\u00fcms\u00fczl\u00fcy\u00fcn qar\u015f\u0131s\u0131n\u0131n al\u0131nmas\u0131, el\u0259c\u0259 d\u0259 konkret t\u0259klifl\u0259rin siyasi s\u0259lahiyy\u0259tl\u0259r\u0259 malik \u015f\u0259xsl\u0259r\u0259 \u00e7atd\u0131r\u0131lmas\u0131 \u00fc\u00e7\u00fcn&hellip;<\/p>\n","protected":false},"author":2,"featured_media":45399,"comment_status":"closed","ping_status":"closed","sticky":false,"template":"","format":"standard","meta":{"om_disable_all_campaigns":false,"_monsterinsights_skip_tracking":false,"_monsterinsights_sitenote_active":false,"_monsterinsights_sitenote_note":"","_monsterinsights_sitenote_category":0},"categories":[4],"tags":[],"aioseo_notices":[],"gutentor_comment":0,"rttpg_featured_image_url":{"full":["https:\/\/arantv.az\/wp-content\/uploads\/2019\/03\/738863.jpg",1280,720,false],"landscape":["https:\/\/arantv.az\/wp-content\/uploads\/2019\/03\/738863.jpg",1280,720,false],"portraits":["https:\/\/arantv.az\/wp-content\/uploads\/2019\/03\/738863.jpg",1280,720,false],"thumbnail":["https:\/\/arantv.az\/wp-content\/uploads\/2019\/03\/738863-150x150.jpg",150,150,true],"medium":["https:\/\/arantv.az\/wp-content\/uploads\/2019\/03\/738863-300x169.jpg",300,169,true],"large":["https:\/\/arantv.az\/wp-content\/uploads\/2019\/03\/738863-1024x576.jpg",640,360,true],"1536x1536":["https:\/\/arantv.az\/wp-content\/uploads\/2019\/03\/738863.jpg",1280,720,false],"2048x2048":["https:\/\/arantv.az\/wp-content\/uploads\/2019\/03\/738863.jpg",1280,720,false],"post-thumbnail":["https:\/\/arantv.az\/wp-content\/uploads\/2019\/03\/738863-240x172.jpg",240,172,true],"advps-thumb-one":["https:\/\/arantv.az\/wp-content\/uploads\/2019\/03\/738863-1200x620.jpg",1200,620,true]},"rttpg_author":{"display_name":"V\u00fcsal Rafiqo\u011flu","author_link":"https:\/\/arantv.az\/?author=2"},"rttpg_comment":0,"rttpg_category":"<a href=\"https:\/\/arantv.az\/?cat=4\" rel=\"category\">Siyas\u0259t<\/a>","rttpg_excerpt":"Nizami G\u0259nc\u0259vi Beyn\u0259lxalq M\u0259rk\u0259zinin m\u0259d\u0259niyy\u0259tl\u0259raras\u0131 dialoq v\u0259 \u0259m\u0259kda\u015fl\u0131\u011f\u0131n t\u0259\u015fviqi il\u0259 ba\u011fl\u0131 t\u0259\u015f\u0259bb\u00fcs\u00fc art\u0131r v\u0259 m\u00f6hk\u0259ml\u0259nir. ARANTV.AZ trend-\u0259 istinad\u0259n x\u0259b\u0259r verir ki, bu bar\u0259d\u0259 \u0130taliya Prezidenti Sercio Mattarellan\u0131n Bak\u0131da ke\u00e7iril\u0259n &#8220;D\u00fcnyan\u0131n yeni xarici siyas\u0259ti&#8221; m\u00f6vzusunda VII Qlobal Bak\u0131 Forumunun i\u015ftirak\u00e7\u0131lar\u0131na m\u00fcraci\u0259tind\u0259 deyilir. M\u00fcraci\u0259ti \u0130taliyan\u0131n Az\u0259rbaycandak\u0131 s\u0259firi Auqusto Massari s\u0259sl\u0259ndirib. \u0130taliya Prezidenti d\u00fcnyada g\u0259rginlik v\u0259 d\u00f6z\u00fcms\u00fczl\u00fcy\u00fcn qar\u015f\u0131s\u0131n\u0131n&hellip;","_links":{"self":[{"href":"https:\/\/arantv.az\/index.php?rest_route=\/wp\/v2\/posts\/45398"}],"collection":[{"href":"https:\/\/arantv.az\/index.php?rest_route=\/wp\/v2\/posts"}],"about":[{"href":"https:\/\/arantv.az\/index.php?rest_route=\/wp\/v2\/types\/post"}],"author":[{"embeddable":true,"href":"https:\/\/arantv.az\/index.php?rest_route=\/wp\/v2\/users\/2"}],"replies":[{"embeddable":true,"href":"https:\/\/arantv.az\/index.php?rest_route=%2Fwp%2Fv2%2Fcomments&post=45398"}],"version-history":[{"count":0,"href":"https:\/\/arantv.az\/index.php?rest_route=\/wp\/v2\/posts\/45398\/revisions"}],"wp:featuredmedia":[{"embeddable":true,"href":"https:\/\/arantv.az\/index.php?rest_route=\/wp\/v2\/media\/45399"}],"wp:attachment":[{"href":"https:\/\/arantv.az\/index.php?rest_route=%2Fwp%2Fv2%2Fmedia&parent=45398"}],"wp:term":[{"taxonomy":"category","embeddable":true,"href":"https:\/\/arantv.az\/index.php?rest_route=%2Fwp%2Fv2%2Fcategories&post=45398"},{"taxonomy":"post_tag","embeddable":true,"href":"https:\/\/arantv.az\/index.php?rest_route=%2Fwp%2Fv2%2Ftags&post=45398"}],"curies":[{"name":"wp","href":"https:\/\/api.w.org\/{rel}","templated":true}]}}