{"id":454067,"date":"2022-03-20T08:48:24","date_gmt":"2022-03-20T05:48:24","guid":{"rendered":"http:\/\/arantv.az\/?p=454067"},"modified":"2022-03-20T08:48:24","modified_gmt":"2022-03-20T05:48:24","slug":"bu-gun-novruz-bayramidir","status":"publish","type":"post","link":"https:\/\/arantv.az\/?p=454067","title":{"rendered":"Bu g\u00fcn Novruz bayram\u0131d\u0131r"},"content":{"rendered":"<p>Bu g\u00fcn Az\u0259rbaycan xalq\u0131 \u0259n sevimli bayramlar\u0131ndan biri olan Novruz bayram\u0131n\u0131 qeyd edir.<\/p>\n<p>Bu, V\u0259t\u0259n m\u00fcharib\u0259sind\u0259ki q\u0259l\u0259b\u0259d\u0259n sonra Az\u0259rbaycan xalq\u0131n\u0131n qeyd etdiyi ikinci Novruz bayram\u0131d\u0131r.<\/p>\n<div class=\"AdviadNativeVideo\"><\/div>\n<p>Xalq\u0131m\u0131z\u0131n q\u0259dim ad\u0259t-\u0259n\u0259n\u0259l\u0259rind\u0259n olan bu bayram art\u0131q ikinci d\u0259f\u0259dir Az\u0259rbaycan\u0131n i\u015f\u011faldan azad olunan \u0259razil\u0259rind\u0259 d\u0259 qeyd olunur. Ona g\u00f6r\u0259 d\u0259 Az\u0259rbaycan xalq\u0131 \u00f6t\u0259n il oldu\u011fu kimi, bu il d\u0259 Novruz bayram\u0131n\u0131 q\u00fcrur hissi il\u0259 qar\u015f\u0131lay\u0131r.<\/p>\n<p>Bu il Az\u0259rbaycana yaz f\u0259slinin g\u0259li\u015fi mart\u0131n 20-d\u0259 saat 19:33:23-\u0259 t\u0259sad\u00fcf ed\u0259c\u0259k. Bu zaman gec\u0259 il\u0259 g\u00fcnd\u00fcz b\u0259rab\u0259rl\u0259\u015f\u0259c\u0259k, G\u00fcn\u0259\u015f ekliptika \u00fczr\u0259 h\u0259r\u0259k\u0259t ed\u0259r\u0259k ekvatoru k\u0259s\u0259c\u0259k v\u0259 C\u0259nub yar\u0131mk\u00fcr\u0259sind\u0259n \u015eimal yar\u0131mk\u00fcr\u0259sin\u0259 ke\u00e7\u0259c\u0259k. H\u0259min andan \u015eimal yar\u0131mk\u00fcr\u0259sind\u0259 astronomik yaz f\u0259sli, C\u0259nub yar\u0131mk\u00fcr\u0259sind\u0259 is\u0259 pay\u0131z f\u0259sli ba\u015flayacaq. Yaz f\u0259slinin uzunlu\u011fu 92 g\u00fcn, 17 saat, 40 d\u0259qiq\u0259 olacaq.<\/p>\n<p>T\u0259bi\u0259tin \u0259b\u0259di qanunlar\u0131 v\u0259 kainat\u0131n d\u0259yi\u015fm\u0259z nizam\u0131 il\u0259 \u0259laq\u0259dar olan Novruz bayram\u0131 gec\u0259 il\u0259 g\u00fcnd\u00fcz\u00fcn b\u0259rab\u0259rl\u0259\u015fdiyini x\u0259b\u0259r ver\u0259n ilk bahar g\u00fcn\u00fcd\u00fcr. Novruzun qeyd edilm\u0259si yeni ilin, yaz\u0131n ilk g\u00fcn\u00fcn\u00fcn qar\u015f\u0131lanmas\u0131 anlam\u0131na g\u0259lir.<\/p>\n<p>Novruz bayram\u0131 2009-cu il sentyabr\u0131n 30-da YUNESKO t\u0259r\u0259find\u0259n qeyri-maddi m\u0259d\u0259ni irs siyah\u0131s\u0131na daxil edilib.<\/p>\n<p>Q\u0259dim zamanlarda bir s\u0131ra xalqlar yaz f\u0259slinin g\u0259lm\u0259sini t\u0259bi\u0259tin canlanmas\u0131 il\u0259 ba\u011flay\u0131b, bu m\u00fcnasib\u0259tl\u0259 \u015f\u0259nlikl\u0259r ke\u00e7irib, onu yeni ilin ba\u015flan\u011f\u0131c\u0131 kimi bayram edibl\u0259r. B\u0259zi q\u0259dim inanclara g\u00f6r\u0259, kainat d\u00f6rd \u00fcns\u00fcrd\u0259n &#8211; su, od, torpaq v\u0259 k\u00fcl\u0259kd\u0259n yaran\u0131b. M\u0259hz bu s\u0259b\u0259bd\u0259n d\u0259 h\u0259r il Novruz bayram\u0131ndan \u0259vv\u0259l 4 \u00e7\u0259r\u015f\u0259nb\u0259 qeyd olunur.<\/p>\n<p>Bu bayram\u0131n \u00f6z\u00fcn\u0259m\u0259xsus ad\u0259t-\u0259n\u0259n\u0259l\u0259ri d\u0259 var: qur\u015faq atmaq v\u0259 ya \u015fallaq sallamaq, qulaq fal\u0131na \u00e7\u0131xmaq, tonqal\u0131n \u00fcz\u0259rind\u0259n tullanmaq, s\u0259m\u0259ni yeti\u015fdirm\u0259k, s\u0259m\u0259ni xon\u00e7alar\u0131 b\u0259z\u0259m\u0259k, yumurta d\u00f6y\u00fc\u015fd\u00fcrm\u0259k, qonaq getm\u0259k, \u015fam yand\u0131rmaq, yall\u0131 getm\u0259k, Novruz oyunlar\u0131 oynamaq (m\u0259s\u0259l\u0259n, \u0259nz\u0259li) v\u0259 s.<\/p>\n<p>Novruz bayram\u0131na dair inanclar: &#8220;Qap\u0131ya at\u0131lan qur\u015fa\u011f\u0131 bo\u015f qaytarmazlar, &#8220;Gizlin dinl\u0259n\u0259n evd\u0259n xo\u015f s\u00f6hb\u0259t e\u015fidil\u0259rs\u0259, bu, arzunun yerin\u0259 yet\u0259c\u0259yin\u0259 i\u015far\u0259dir&#8221;, &#8220;Tonqaldan tullanark\u0259n bu ifad\u0259 deyilir: &#8220;A\u011fr\u0131m s\u0259nd\u0259, u\u011furun m\u0259nd\u0259&#8221;, &#8220;Novruzda qohumlar\u0131n v\u0259 qon\u015fular\u0131n evin\u0259 qonaq ged\u0259rl\u0259r, onlara Novruz pay\u0131 apararlar&#8221;, &#8220;Bayram g\u00fcn\u00fc ail\u0259nin say\u0131 q\u0259d\u0259r \u015fam yand\u0131rarlar&#8221; v\u0259 s.<\/p>\n","protected":false},"excerpt":{"rendered":"<p>Bu g\u00fcn Az\u0259rbaycan xalq\u0131 \u0259n sevimli bayramlar\u0131ndan biri olan Novruz bayram\u0131n\u0131 qeyd edir. Bu, V\u0259t\u0259n m\u00fcharib\u0259sind\u0259ki q\u0259l\u0259b\u0259d\u0259n sonra Az\u0259rbaycan xalq\u0131n\u0131n qeyd etdiyi ikinci Novruz bayram\u0131d\u0131r. Xalq\u0131m\u0131z\u0131n q\u0259dim ad\u0259t-\u0259n\u0259n\u0259l\u0259rind\u0259n olan bu bayram art\u0131q ikinci d\u0259f\u0259dir Az\u0259rbaycan\u0131n i\u015f\u011faldan azad olunan \u0259razil\u0259rind\u0259 d\u0259 qeyd olunur. Ona g\u00f6r\u0259 d\u0259 Az\u0259rbaycan xalq\u0131 \u00f6t\u0259n il oldu\u011fu kimi, bu il d\u0259 Novruz bayram\u0131n\u0131 q\u00fcrur hissi il\u0259 qar\u015f\u0131lay\u0131r. Bu il Az\u0259rbaycana yaz f\u0259slinin g\u0259li\u015fi mart\u0131n 20-d\u0259 saat 19:33:23-\u0259 t\u0259sad\u00fcf ed\u0259c\u0259k. Bu zaman gec\u0259 il\u0259 g\u00fcnd\u00fcz b\u0259rab\u0259rl\u0259\u015f\u0259c\u0259k, G\u00fcn\u0259\u015f ekliptika \u00fczr\u0259 h\u0259r\u0259k\u0259t ed\u0259r\u0259k ekvatoru k\u0259s\u0259c\u0259k v\u0259 C\u0259nub yar\u0131mk\u00fcr\u0259sind\u0259n \u015eimal yar\u0131mk\u00fcr\u0259sin\u0259&hellip;<\/p>\n","protected":false},"author":2,"featured_media":454068,"comment_status":"closed","ping_status":"closed","sticky":false,"template":"","format":"standard","meta":{"om_disable_all_campaigns":false,"_monsterinsights_skip_tracking":false,"_monsterinsights_sitenote_active":false,"_monsterinsights_sitenote_note":"","_monsterinsights_sitenote_category":0},"categories":[1],"tags":[],"aioseo_notices":[],"gutentor_comment":0,"rttpg_featured_image_url":{"full":["https:\/\/arantv.az\/wp-content\/uploads\/2022\/03\/276167262_285654123718876_5208011658393928359_n.jpg",620,414,false],"landscape":["https:\/\/arantv.az\/wp-content\/uploads\/2022\/03\/276167262_285654123718876_5208011658393928359_n.jpg",620,414,false],"portraits":["https:\/\/arantv.az\/wp-content\/uploads\/2022\/03\/276167262_285654123718876_5208011658393928359_n.jpg",620,414,false],"thumbnail":["https:\/\/arantv.az\/wp-content\/uploads\/2022\/03\/276167262_285654123718876_5208011658393928359_n-500x280.jpg",500,280,true],"medium":["https:\/\/arantv.az\/wp-content\/uploads\/2022\/03\/276167262_285654123718876_5208011658393928359_n-547x365.jpg",547,365,true],"large":["https:\/\/arantv.az\/wp-content\/uploads\/2022\/03\/276167262_285654123718876_5208011658393928359_n.jpg",620,414,false],"1536x1536":["https:\/\/arantv.az\/wp-content\/uploads\/2022\/03\/276167262_285654123718876_5208011658393928359_n.jpg",620,414,false],"2048x2048":["https:\/\/arantv.az\/wp-content\/uploads\/2022\/03\/276167262_285654123718876_5208011658393928359_n.jpg",620,414,false],"post-thumbnail":["https:\/\/arantv.az\/wp-content\/uploads\/2022\/03\/276167262_285654123718876_5208011658393928359_n-240x172.jpg",240,172,true],"advps-thumb-one":["https:\/\/arantv.az\/wp-content\/uploads\/2022\/03\/276167262_285654123718876_5208011658393928359_n.jpg",620,414,false]},"rttpg_author":{"display_name":"V\u00fcsal Rafiqo\u011flu","author_link":"https:\/\/arantv.az\/?author=2"},"rttpg_comment":0,"rttpg_category":"<a href=\"https:\/\/arantv.az\/?cat=1\" rel=\"category\">C\u0259miyy\u0259t<\/a>","rttpg_excerpt":"Bu g\u00fcn Az\u0259rbaycan xalq\u0131 \u0259n sevimli bayramlar\u0131ndan biri olan Novruz bayram\u0131n\u0131 qeyd edir. Bu, V\u0259t\u0259n m\u00fcharib\u0259sind\u0259ki q\u0259l\u0259b\u0259d\u0259n sonra Az\u0259rbaycan xalq\u0131n\u0131n qeyd etdiyi ikinci Novruz bayram\u0131d\u0131r. Xalq\u0131m\u0131z\u0131n q\u0259dim ad\u0259t-\u0259n\u0259n\u0259l\u0259rind\u0259n olan bu bayram art\u0131q ikinci d\u0259f\u0259dir Az\u0259rbaycan\u0131n i\u015f\u011faldan azad olunan \u0259razil\u0259rind\u0259 d\u0259 qeyd olunur. Ona g\u00f6r\u0259 d\u0259 Az\u0259rbaycan xalq\u0131 \u00f6t\u0259n il oldu\u011fu kimi, bu il d\u0259 Novruz&hellip;","_links":{"self":[{"href":"https:\/\/arantv.az\/index.php?rest_route=\/wp\/v2\/posts\/454067"}],"collection":[{"href":"https:\/\/arantv.az\/index.php?rest_route=\/wp\/v2\/posts"}],"about":[{"href":"https:\/\/arantv.az\/index.php?rest_route=\/wp\/v2\/types\/post"}],"author":[{"embeddable":true,"href":"https:\/\/arantv.az\/index.php?rest_route=\/wp\/v2\/users\/2"}],"replies":[{"embeddable":true,"href":"https:\/\/arantv.az\/index.php?rest_route=%2Fwp%2Fv2%2Fcomments&post=454067"}],"version-history":[{"count":0,"href":"https:\/\/arantv.az\/index.php?rest_route=\/wp\/v2\/posts\/454067\/revisions"}],"wp:featuredmedia":[{"embeddable":true,"href":"https:\/\/arantv.az\/index.php?rest_route=\/wp\/v2\/media\/454068"}],"wp:attachment":[{"href":"https:\/\/arantv.az\/index.php?rest_route=%2Fwp%2Fv2%2Fmedia&parent=454067"}],"wp:term":[{"taxonomy":"category","embeddable":true,"href":"https:\/\/arantv.az\/index.php?rest_route=%2Fwp%2Fv2%2Fcategories&post=454067"},{"taxonomy":"post_tag","embeddable":true,"href":"https:\/\/arantv.az\/index.php?rest_route=%2Fwp%2Fv2%2Ftags&post=454067"}],"curies":[{"name":"wp","href":"https:\/\/api.w.org\/{rel}","templated":true}]}}