{"id":454089,"date":"2022-03-20T10:24:39","date_gmt":"2022-03-20T07:24:39","guid":{"rendered":"http:\/\/arantv.az\/?p=454089"},"modified":"2022-03-20T10:24:39","modified_gmt":"2022-03-20T07:24:39","slug":"rusiya-ukraynadaki-muharib%c9%99d%c9%99-ilk-d%c9%99f%c9%99-hipers%c9%99s-raketd%c9%99n-istifad%c9%99-etdi-video","status":"publish","type":"post","link":"https:\/\/arantv.az\/?p=454089","title":{"rendered":"Rusiya Ukraynadak\u0131 m\u00fcharib\u0259d\u0259 ilk d\u0259f\u0259 hipers\u0259s raketd\u0259n istifad\u0259 etdi \u2013 V\u0130DEO"},"content":{"rendered":"<article class=\"news\">\n<div class=\"news-inner\">\n<p>Sosial \u015f\u0259b\u0259k\u0259l\u0259rd\u0259 \u201cKinjal\u201d hipers\u0259s raketinin h\u0259rbi \u0259m\u0259liyyatlar zaman\u0131 ilk r\u0259smi istifad\u0259sini \u0259ks etdir\u0259n videog\u00f6r\u00fcnt\u00fcl\u0259r yay\u0131l\u0131b.<\/p>\n<p>Rusiya Silahl\u0131 Q\u00fcvv\u0259l\u0259ri bu silahlardan Ukraynan\u0131n \u0130vano-Frankovsk vilay\u0259tind\u0259ki h\u0259rbi bazas\u0131n\u0131 at\u0259\u015f\u0259 tutark\u0259n istifad\u0259 edib.<\/p>\n<p>Xat\u0131rladaq ki, daha \u0259vv\u0259l Rusiya M\u00fcdafi\u0259 Nazirliyinin r\u0259smi n\u00fcmay\u0259nd\u0259si general-mayor \u0130qor Kona\u015fenkov brifinqd\u0259 hipers\u0259s raketl\u0259rinin Ukraynada ilk d\u0259f\u0259 istifad\u0259 edildiyini bildirmi\u015fdi.<\/p>\n<div><iframe loading=\"lazy\" src=\"https:\/\/baku.tv\/embed\/51860\" width=\"640\" height=\"360\" frameborder=\"0\" scrolling=\"no\" allowfullscreen=\"allowfullscreen\" data-mce-fragment=\"1\"><\/iframe><\/div>\n<\/div>\n<\/article>\n","protected":false},"excerpt":{"rendered":"<p>Sosial \u015f\u0259b\u0259k\u0259l\u0259rd\u0259 \u201cKinjal\u201d hipers\u0259s raketinin h\u0259rbi \u0259m\u0259liyyatlar zaman\u0131 ilk r\u0259smi istifad\u0259sini \u0259ks etdir\u0259n videog\u00f6r\u00fcnt\u00fcl\u0259r yay\u0131l\u0131b. Rusiya Silahl\u0131 Q\u00fcvv\u0259l\u0259ri bu silahlardan Ukraynan\u0131n \u0130vano-Frankovsk vilay\u0259tind\u0259ki h\u0259rbi bazas\u0131n\u0131 at\u0259\u015f\u0259 tutark\u0259n istifad\u0259 edib. Xat\u0131rladaq ki, daha \u0259vv\u0259l Rusiya M\u00fcdafi\u0259 Nazirliyinin r\u0259smi n\u00fcmay\u0259nd\u0259si general-mayor \u0130qor Kona\u015fenkov brifinqd\u0259 hipers\u0259s raketl\u0259rinin Ukraynada ilk d\u0259f\u0259 istifad\u0259 edildiyini bildirmi\u015fdi.<\/p>\n","protected":false},"author":2,"featured_media":454090,"comment_status":"closed","ping_status":"closed","sticky":false,"template":"","format":"standard","meta":{"om_disable_all_campaigns":false,"_monsterinsights_skip_tracking":false,"_monsterinsights_sitenote_active":false,"_monsterinsights_sitenote_note":"","_monsterinsights_sitenote_category":0},"categories":[7],"tags":[],"aioseo_notices":[],"gutentor_comment":0,"rttpg_featured_image_url":{"full":["https:\/\/arantv.az\/wp-content\/uploads\/2022\/03\/Kinjal.jpg",620,465,false],"landscape":["https:\/\/arantv.az\/wp-content\/uploads\/2022\/03\/Kinjal.jpg",620,465,false],"portraits":["https:\/\/arantv.az\/wp-content\/uploads\/2022\/03\/Kinjal.jpg",620,465,false],"thumbnail":["https:\/\/arantv.az\/wp-content\/uploads\/2022\/03\/Kinjal-500x280.jpg",500,280,true],"medium":["https:\/\/arantv.az\/wp-content\/uploads\/2022\/03\/Kinjal-487x365.jpg",487,365,true],"large":["https:\/\/arantv.az\/wp-content\/uploads\/2022\/03\/Kinjal.jpg",620,465,false],"1536x1536":["https:\/\/arantv.az\/wp-content\/uploads\/2022\/03\/Kinjal.jpg",620,465,false],"2048x2048":["https:\/\/arantv.az\/wp-content\/uploads\/2022\/03\/Kinjal.jpg",620,465,false],"post-thumbnail":["https:\/\/arantv.az\/wp-content\/uploads\/2022\/03\/Kinjal-240x172.jpg",240,172,true],"advps-thumb-one":["https:\/\/arantv.az\/wp-content\/uploads\/2022\/03\/Kinjal.jpg",620,465,false]},"rttpg_author":{"display_name":"V\u00fcsal Rafiqo\u011flu","author_link":"https:\/\/arantv.az\/?author=2"},"rttpg_comment":0,"rttpg_category":"<a href=\"https:\/\/arantv.az\/?cat=7\" rel=\"category\">D\u00fcnya<\/a>","rttpg_excerpt":"Sosial \u015f\u0259b\u0259k\u0259l\u0259rd\u0259 \u201cKinjal\u201d hipers\u0259s raketinin h\u0259rbi \u0259m\u0259liyyatlar zaman\u0131 ilk r\u0259smi istifad\u0259sini \u0259ks etdir\u0259n videog\u00f6r\u00fcnt\u00fcl\u0259r yay\u0131l\u0131b. Rusiya Silahl\u0131 Q\u00fcvv\u0259l\u0259ri bu silahlardan Ukraynan\u0131n \u0130vano-Frankovsk vilay\u0259tind\u0259ki h\u0259rbi bazas\u0131n\u0131 at\u0259\u015f\u0259 tutark\u0259n istifad\u0259 edib. Xat\u0131rladaq ki, daha \u0259vv\u0259l Rusiya M\u00fcdafi\u0259 Nazirliyinin r\u0259smi n\u00fcmay\u0259nd\u0259si general-mayor \u0130qor Kona\u015fenkov brifinqd\u0259 hipers\u0259s raketl\u0259rinin Ukraynada ilk d\u0259f\u0259 istifad\u0259 edildiyini bildirmi\u015fdi.","_links":{"self":[{"href":"https:\/\/arantv.az\/index.php?rest_route=\/wp\/v2\/posts\/454089"}],"collection":[{"href":"https:\/\/arantv.az\/index.php?rest_route=\/wp\/v2\/posts"}],"about":[{"href":"https:\/\/arantv.az\/index.php?rest_route=\/wp\/v2\/types\/post"}],"author":[{"embeddable":true,"href":"https:\/\/arantv.az\/index.php?rest_route=\/wp\/v2\/users\/2"}],"replies":[{"embeddable":true,"href":"https:\/\/arantv.az\/index.php?rest_route=%2Fwp%2Fv2%2Fcomments&post=454089"}],"version-history":[{"count":0,"href":"https:\/\/arantv.az\/index.php?rest_route=\/wp\/v2\/posts\/454089\/revisions"}],"wp:featuredmedia":[{"embeddable":true,"href":"https:\/\/arantv.az\/index.php?rest_route=\/wp\/v2\/media\/454090"}],"wp:attachment":[{"href":"https:\/\/arantv.az\/index.php?rest_route=%2Fwp%2Fv2%2Fmedia&parent=454089"}],"wp:term":[{"taxonomy":"category","embeddable":true,"href":"https:\/\/arantv.az\/index.php?rest_route=%2Fwp%2Fv2%2Fcategories&post=454089"},{"taxonomy":"post_tag","embeddable":true,"href":"https:\/\/arantv.az\/index.php?rest_route=%2Fwp%2Fv2%2Ftags&post=454089"}],"curies":[{"name":"wp","href":"https:\/\/api.w.org\/{rel}","templated":true}]}}