{"id":454092,"date":"2022-03-20T10:25:29","date_gmt":"2022-03-20T07:25:29","guid":{"rendered":"http:\/\/arantv.az\/?p=454092"},"modified":"2022-03-20T10:25:29","modified_gmt":"2022-03-20T07:25:29","slug":"s%c9%99fird%c9%99n-az%c9%99rbaycanlilara-duygusal-t%c9%99brik-ukraynaya-bahar-%c9%99v%c9%99zin%c9%99-muharib%c9%99-g%c9%99ls%c9%99-d%c9%99-foto","status":"publish","type":"post","link":"https:\/\/arantv.az\/?p=454092","title":{"rendered":"S\u0259fird\u0259n az\u0259rbaycanl\u0131lara duy\u011fusal t\u0259brik: \u201cUkraynaya bahar \u0259v\u0259zin\u0259 m\u00fcharib\u0259 g\u0259ls\u0259 d\u0259\u2026\u201d \u2013 FOTO"},"content":{"rendered":"<p>\u201cNovruz yaz\u0131n, dir\u00e7\u0259li\u015fin, rifah\u0131n, h\u0259yat\u0131n v\u0259 s\u00fclh\u00fcn r\u0259mzidir!\u201d<\/p>\n<div class=\"AdviadNativeVideo\"><\/div>\n<p>Bu s\u00f6zl\u0259ri Ukraynan\u0131n Az\u0259rbaycandak\u0131 s\u0259firi Vladislav Kanevski \u00f6z \u201cTwitter\u201d hesab\u0131nda yaz\u0131b.<\/p>\n<p>S\u0259fir bayram m\u00fcnasib\u0259til\u0259 Az\u0259rbaycan xalq\u0131n\u0131 t\u0259brik edib.<\/p>\n<p>\u201cUkraynaya bahar \u0259v\u0259zin\u0259 m\u00fcharib\u0259 g\u0259ls\u0259 d\u0259, bu z\u00fclm\u0259t\u0259 qalib g\u0259l\u0259c\u0259yik, \u0259ziz az\u0259rbaycanl\u0131lar! Sizin kimi \u0259sl dostlarla s\u0259mimi v\u0259 \u015f\u0259n g\u00f6r\u00fc\u015fl\u0259rin v\u0259 ail\u0259 rahatl\u0131\u011f\u0131n\u0131n xo\u015fb\u0259xtliyini yen\u0259 hiss ed\u0259c\u0259yik! Novruz Bayram\u0131n\u0131z M\u00fcbar\u0259k!\u201d, &#8211; dey\u0259 s\u0259fir qeyd edib.<\/p>\n<div>\n<div class=\"twitter-tweet twitter-tweet-rendered\"><iframe id=\"twitter-widget-0\" class=\"\" title=\"Twitter Tweet\" src=\"https:\/\/platform.twitter.com\/embed\/Tweet.html?creatorScreenName=oxuaz&amp;dnt=false&amp;embedId=twitter-widget-0&amp;features=eyJ0ZndfZXhwZXJpbWVudHNfY29va2llX2V4cGlyYXRpb24iOnsiYnVja2V0IjoxMjA5NjAwLCJ2ZXJzaW9uIjpudWxsfSwidGZ3X2hvcml6b25fdHdlZXRfZW1iZWRfOTU1NSI6eyJidWNrZXQiOiJodGUiLCJ2ZXJzaW9uIjpudWxsfSwidGZ3X3NrZWxldG9uX2xvYWRpbmdfMTMzOTgiOnsiYnVja2V0IjoiY3RhIiwidmVyc2lvbiI6bnVsbH0sInRmd19zcGFjZV9jYXJkIjp7ImJ1Y2tldCI6Im9mZiIsInZlcnNpb24iOm51bGx9fQ%3D%3D&amp;frame=false&amp;hideCard=false&amp;hideThread=false&amp;id=1505414128181121024&amp;lang=en&amp;origin=https%3A%2F%2Foxu.az%2Fpolitics%2F584832&amp;sessionId=b932ca7914160985816b4b4c61ac83c615a88cdc&amp;siteScreenName=oxuaz&amp;theme=light&amp;widgetsVersion=2582c61%3A1645036219416&amp;width=550px\" frameborder=\"0\" scrolling=\"no\" allowfullscreen=\"allowfullscreen\" data-tweet-id=\"1505414128181121024\" data-mce-fragment=\"1\"><\/iframe><\/div>\n<\/div>\n<p>&nbsp;<\/p>\n","protected":false},"excerpt":{"rendered":"<p>\u201cNovruz yaz\u0131n, dir\u00e7\u0259li\u015fin, rifah\u0131n, h\u0259yat\u0131n v\u0259 s\u00fclh\u00fcn r\u0259mzidir!\u201d Bu s\u00f6zl\u0259ri Ukraynan\u0131n Az\u0259rbaycandak\u0131 s\u0259firi Vladislav Kanevski \u00f6z \u201cTwitter\u201d hesab\u0131nda yaz\u0131b. S\u0259fir bayram m\u00fcnasib\u0259til\u0259 Az\u0259rbaycan xalq\u0131n\u0131 t\u0259brik edib. \u201cUkraynaya bahar \u0259v\u0259zin\u0259 m\u00fcharib\u0259 g\u0259ls\u0259 d\u0259, bu z\u00fclm\u0259t\u0259 qalib g\u0259l\u0259c\u0259yik, \u0259ziz az\u0259rbaycanl\u0131lar! Sizin kimi \u0259sl dostlarla s\u0259mimi v\u0259 \u015f\u0259n g\u00f6r\u00fc\u015fl\u0259rin v\u0259 ail\u0259 rahatl\u0131\u011f\u0131n\u0131n xo\u015fb\u0259xtliyini yen\u0259 hiss ed\u0259c\u0259yik! Novruz Bayram\u0131n\u0131z M\u00fcbar\u0259k!\u201d, &#8211; dey\u0259 s\u0259fir qeyd edib. &nbsp;<\/p>\n","protected":false},"author":2,"featured_media":454093,"comment_status":"closed","ping_status":"closed","sticky":false,"template":"","format":"standard","meta":{"om_disable_all_campaigns":false,"_monsterinsights_skip_tracking":false,"_monsterinsights_sitenote_active":false,"_monsterinsights_sitenote_note":"","_monsterinsights_sitenote_category":0},"categories":[4],"tags":[],"aioseo_notices":[],"gutentor_comment":0,"rttpg_featured_image_url":{"full":["https:\/\/arantv.az\/wp-content\/uploads\/2022\/03\/1551292155_5c76afd524348.jpg",620,413,false],"landscape":["https:\/\/arantv.az\/wp-content\/uploads\/2022\/03\/1551292155_5c76afd524348.jpg",620,413,false],"portraits":["https:\/\/arantv.az\/wp-content\/uploads\/2022\/03\/1551292155_5c76afd524348.jpg",620,413,false],"thumbnail":["https:\/\/arantv.az\/wp-content\/uploads\/2022\/03\/1551292155_5c76afd524348-500x280.jpg",500,280,true],"medium":["https:\/\/arantv.az\/wp-content\/uploads\/2022\/03\/1551292155_5c76afd524348-548x365.jpg",548,365,true],"large":["https:\/\/arantv.az\/wp-content\/uploads\/2022\/03\/1551292155_5c76afd524348.jpg",620,413,false],"1536x1536":["https:\/\/arantv.az\/wp-content\/uploads\/2022\/03\/1551292155_5c76afd524348.jpg",620,413,false],"2048x2048":["https:\/\/arantv.az\/wp-content\/uploads\/2022\/03\/1551292155_5c76afd524348.jpg",620,413,false],"post-thumbnail":["https:\/\/arantv.az\/wp-content\/uploads\/2022\/03\/1551292155_5c76afd524348-240x172.jpg",240,172,true],"advps-thumb-one":["https:\/\/arantv.az\/wp-content\/uploads\/2022\/03\/1551292155_5c76afd524348.jpg",620,413,false]},"rttpg_author":{"display_name":"V\u00fcsal Rafiqo\u011flu","author_link":"https:\/\/arantv.az\/?author=2"},"rttpg_comment":0,"rttpg_category":"<a href=\"https:\/\/arantv.az\/?cat=4\" rel=\"category\">Siyas\u0259t<\/a>","rttpg_excerpt":"\u201cNovruz yaz\u0131n, dir\u00e7\u0259li\u015fin, rifah\u0131n, h\u0259yat\u0131n v\u0259 s\u00fclh\u00fcn r\u0259mzidir!\u201d Bu s\u00f6zl\u0259ri Ukraynan\u0131n Az\u0259rbaycandak\u0131 s\u0259firi Vladislav Kanevski \u00f6z \u201cTwitter\u201d hesab\u0131nda yaz\u0131b. S\u0259fir bayram m\u00fcnasib\u0259til\u0259 Az\u0259rbaycan xalq\u0131n\u0131 t\u0259brik edib. \u201cUkraynaya bahar \u0259v\u0259zin\u0259 m\u00fcharib\u0259 g\u0259ls\u0259 d\u0259, bu z\u00fclm\u0259t\u0259 qalib g\u0259l\u0259c\u0259yik, \u0259ziz az\u0259rbaycanl\u0131lar! Sizin kimi \u0259sl dostlarla s\u0259mimi v\u0259 \u015f\u0259n g\u00f6r\u00fc\u015fl\u0259rin v\u0259 ail\u0259 rahatl\u0131\u011f\u0131n\u0131n xo\u015fb\u0259xtliyini yen\u0259 hiss ed\u0259c\u0259yik! Novruz Bayram\u0131n\u0131z&hellip;","_links":{"self":[{"href":"https:\/\/arantv.az\/index.php?rest_route=\/wp\/v2\/posts\/454092"}],"collection":[{"href":"https:\/\/arantv.az\/index.php?rest_route=\/wp\/v2\/posts"}],"about":[{"href":"https:\/\/arantv.az\/index.php?rest_route=\/wp\/v2\/types\/post"}],"author":[{"embeddable":true,"href":"https:\/\/arantv.az\/index.php?rest_route=\/wp\/v2\/users\/2"}],"replies":[{"embeddable":true,"href":"https:\/\/arantv.az\/index.php?rest_route=%2Fwp%2Fv2%2Fcomments&post=454092"}],"version-history":[{"count":0,"href":"https:\/\/arantv.az\/index.php?rest_route=\/wp\/v2\/posts\/454092\/revisions"}],"wp:featuredmedia":[{"embeddable":true,"href":"https:\/\/arantv.az\/index.php?rest_route=\/wp\/v2\/media\/454093"}],"wp:attachment":[{"href":"https:\/\/arantv.az\/index.php?rest_route=%2Fwp%2Fv2%2Fmedia&parent=454092"}],"wp:term":[{"taxonomy":"category","embeddable":true,"href":"https:\/\/arantv.az\/index.php?rest_route=%2Fwp%2Fv2%2Fcategories&post=454092"},{"taxonomy":"post_tag","embeddable":true,"href":"https:\/\/arantv.az\/index.php?rest_route=%2Fwp%2Fv2%2Ftags&post=454092"}],"curies":[{"name":"wp","href":"https:\/\/api.w.org\/{rel}","templated":true}]}}