{"id":454096,"date":"2022-03-20T10:28:23","date_gmt":"2022-03-20T07:28:23","guid":{"rendered":"http:\/\/arantv.az\/?p=454096"},"modified":"2022-04-10T07:35:12","modified_gmt":"2022-04-10T04:35:12","slug":"mehriban-%c9%99liyevadan-az%c9%99rbaycan-xalqina-t%c9%99brik-mesaji-foto","status":"publish","type":"post","link":"https:\/\/arantv.az\/?p=454096","title":{"rendered":"Mehriban \u018fliyevadan Az\u0259rbaycan xalq\u0131na t\u0259brik mesaj\u0131 \u2013 FOTO"},"content":{"rendered":"<p>Az\u0259rbaycan\u0131n Birinci vitse-prezidenti Mehriban \u018fliyeva Az\u0259rbaycan xalq\u0131n\u0131 Novruz bayram\u0131 m\u00fcnasib\u0259til\u0259 t\u0259brik edib.<\/p>\n<p>Bununla ba\u011fl\u0131 Mehriban \u018fliyeva \u00f6z \u201cInstagram\u201d hesab\u0131nda payla\u015f\u0131m edib.<\/p>\n<div class=\"AdviadNativeVideo\"><\/div>\n<p>Birinci vitse-prezident payla\u015f\u0131m\u0131nda bildirib:<\/p>\n<p>\u201c\u018fziz h\u0259mv\u0259t\u0259nl\u0259r!<\/p>\n<p>Novruz bayram\u0131 m\u00fcnasib\u0259til\u0259 sizi s\u0259mimi-q\u0259lbd\u0259n t\u0259brik edir, h\u0259r biriniz\u0259 m\u00f6hk\u0259m cansa\u011fl\u0131\u011f\u0131, uzun \u00f6m\u00fcr v\u0259 xo\u015fb\u0259xtlik arzulay\u0131ram!<\/p>\n<p>T\u0259brikl\u0259riniz\u0259, s\u0259mimi v\u0259 xo\u015f dil\u0259kl\u0259riniz\u0259 g\u00f6r\u0259 \u00e7ox sa\u011f olun! Sizin diqq\u0259tiniz, qay\u011f\u0131 v\u0259 d\u0259st\u0259yiniz m\u0259nim \u00fc\u00e7\u00fcn \u00e7ox d\u0259y\u0259rlidir!<\/p>\n<p>Allah V\u0259t\u0259n u\u011frunda h\u0259lak olmu\u015f b\u00fct\u00fcn \u015f\u0259hidl\u0259rimiz\u0259 r\u0259hm\u0259t el\u0259sin, onlar\u0131n do\u011fmalar\u0131na v\u0259 yax\u0131nlar\u0131na s\u0259bir versin!<\/p>\n<p>Qoy t\u0259bi\u0259tin oyanmas\u0131n\u0131n v\u0259 yenil\u0259nm\u0259sinin r\u0259mzi olan Novruz h\u0259r ev\u0259 xo\u015f ovqat g\u0259tirsin, h\u0259r oca\u011fa bol sevinc, ruzi-b\u0259r\u0259k\u0259t v\u0259 firavanl\u0131q b\u0259x\u015f etsin! Uca Tanr\u0131 m\u0259rh\u0259m\u0259tini xalq\u0131m\u0131zdan he\u00e7 zaman \u0259sirg\u0259m\u0259sin!\u201d<\/p>\n<div><iframe id=\"instagram-embed-0\" class=\"instagram-media instagram-media-rendered\" src=\"https:\/\/www.instagram.com\/p\/CbUJKjvqssX\/embed\/captioned\/?cr=1&amp;v=14&amp;wp=540&amp;rd=https%3A%2F%2Foxu.az&amp;rp=%2Fpolitics%2F584830#%7B%22ci%22%3A0%2C%22os%22%3A5452%2C%22ls%22%3A4344.899999999441%2C%22le%22%3A4355.799999999814%7D\" height=\"1177\" frameborder=\"0\" scrolling=\"no\" allowfullscreen=\"allowfullscreen\" data-instgrm-payload-id=\"instagram-media-payload-0\" data-mce-fragment=\"1\"><\/iframe><\/div>\n<p>&nbsp;<\/p>\n","protected":false},"excerpt":{"rendered":"<p>Az\u0259rbaycan\u0131n Birinci vitse-prezidenti Mehriban \u018fliyeva Az\u0259rbaycan xalq\u0131n\u0131 Novruz bayram\u0131 m\u00fcnasib\u0259til\u0259 t\u0259brik edib. Bununla ba\u011fl\u0131 Mehriban \u018fliyeva \u00f6z \u201cInstagram\u201d hesab\u0131nda payla\u015f\u0131m edib. Birinci vitse-prezident payla\u015f\u0131m\u0131nda bildirib: \u201c\u018fziz h\u0259mv\u0259t\u0259nl\u0259r! Novruz bayram\u0131 m\u00fcnasib\u0259til\u0259 sizi s\u0259mimi-q\u0259lbd\u0259n t\u0259brik edir, h\u0259r biriniz\u0259 m\u00f6hk\u0259m cansa\u011fl\u0131\u011f\u0131, uzun \u00f6m\u00fcr v\u0259 xo\u015fb\u0259xtlik arzulay\u0131ram! T\u0259brikl\u0259riniz\u0259, s\u0259mimi v\u0259 xo\u015f dil\u0259kl\u0259riniz\u0259 g\u00f6r\u0259 \u00e7ox sa\u011f olun! Sizin diqq\u0259tiniz, qay\u011f\u0131 v\u0259 d\u0259st\u0259yiniz m\u0259nim \u00fc\u00e7\u00fcn \u00e7ox d\u0259y\u0259rlidir! Allah V\u0259t\u0259n u\u011frunda h\u0259lak olmu\u015f b\u00fct\u00fcn \u015f\u0259hidl\u0259rimiz\u0259 r\u0259hm\u0259t el\u0259sin, onlar\u0131n do\u011fmalar\u0131na v\u0259 yax\u0131nlar\u0131na s\u0259bir versin! Qoy t\u0259bi\u0259tin oyanmas\u0131n\u0131n v\u0259 yenil\u0259nm\u0259sinin r\u0259mzi olan Novruz h\u0259r ev\u0259 xo\u015f ovqat g\u0259tirsin, h\u0259r&hellip;<\/p>\n","protected":false},"author":2,"featured_media":461048,"comment_status":"closed","ping_status":"closed","sticky":false,"template":"","format":"standard","meta":{"om_disable_all_campaigns":false,"_monsterinsights_skip_tracking":false,"_monsterinsights_sitenote_active":false,"_monsterinsights_sitenote_note":"","_monsterinsights_sitenote_category":0},"categories":[11],"tags":[],"aioseo_notices":[],"gutentor_comment":0,"rttpg_featured_image_url":{"full":["https:\/\/arantv.az\/wp-content\/uploads\/2022\/03\/4-1.jpg",1000,664,false],"landscape":["https:\/\/arantv.az\/wp-content\/uploads\/2022\/03\/4-1.jpg",1000,664,false],"portraits":["https:\/\/arantv.az\/wp-content\/uploads\/2022\/03\/4-1.jpg",1000,664,false],"thumbnail":["https:\/\/arantv.az\/wp-content\/uploads\/2022\/03\/4-1-500x280.jpg",500,280,true],"medium":["https:\/\/arantv.az\/wp-content\/uploads\/2022\/03\/4-1-550x365.jpg",550,365,true],"large":["https:\/\/arantv.az\/wp-content\/uploads\/2022\/03\/4-1-840x558.jpg",640,425,true],"1536x1536":["https:\/\/arantv.az\/wp-content\/uploads\/2022\/03\/4-1.jpg",1000,664,false],"2048x2048":["https:\/\/arantv.az\/wp-content\/uploads\/2022\/03\/4-1.jpg",1000,664,false],"post-thumbnail":["https:\/\/arantv.az\/wp-content\/uploads\/2022\/03\/4-1-240x172.jpg",240,172,true],"advps-thumb-one":["https:\/\/arantv.az\/wp-content\/uploads\/2022\/03\/4-1-1000x620.jpg",1000,620,true]},"rttpg_author":{"display_name":"V\u00fcsal Rafiqo\u011flu","author_link":"https:\/\/arantv.az\/?author=2"},"rttpg_comment":0,"rttpg_category":"<a href=\"https:\/\/arantv.az\/?cat=11\" rel=\"category\">Manset<\/a>","rttpg_excerpt":"Az\u0259rbaycan\u0131n Birinci vitse-prezidenti Mehriban \u018fliyeva Az\u0259rbaycan xalq\u0131n\u0131 Novruz bayram\u0131 m\u00fcnasib\u0259til\u0259 t\u0259brik edib. Bununla ba\u011fl\u0131 Mehriban \u018fliyeva \u00f6z \u201cInstagram\u201d hesab\u0131nda payla\u015f\u0131m edib. Birinci vitse-prezident payla\u015f\u0131m\u0131nda bildirib: \u201c\u018fziz h\u0259mv\u0259t\u0259nl\u0259r! Novruz bayram\u0131 m\u00fcnasib\u0259til\u0259 sizi s\u0259mimi-q\u0259lbd\u0259n t\u0259brik edir, h\u0259r biriniz\u0259 m\u00f6hk\u0259m cansa\u011fl\u0131\u011f\u0131, uzun \u00f6m\u00fcr v\u0259 xo\u015fb\u0259xtlik arzulay\u0131ram! T\u0259brikl\u0259riniz\u0259, s\u0259mimi v\u0259 xo\u015f dil\u0259kl\u0259riniz\u0259 g\u00f6r\u0259 \u00e7ox sa\u011f olun! Sizin diqq\u0259tiniz, qay\u011f\u0131&hellip;","_links":{"self":[{"href":"https:\/\/arantv.az\/index.php?rest_route=\/wp\/v2\/posts\/454096"}],"collection":[{"href":"https:\/\/arantv.az\/index.php?rest_route=\/wp\/v2\/posts"}],"about":[{"href":"https:\/\/arantv.az\/index.php?rest_route=\/wp\/v2\/types\/post"}],"author":[{"embeddable":true,"href":"https:\/\/arantv.az\/index.php?rest_route=\/wp\/v2\/users\/2"}],"replies":[{"embeddable":true,"href":"https:\/\/arantv.az\/index.php?rest_route=%2Fwp%2Fv2%2Fcomments&post=454096"}],"version-history":[{"count":0,"href":"https:\/\/arantv.az\/index.php?rest_route=\/wp\/v2\/posts\/454096\/revisions"}],"wp:featuredmedia":[{"embeddable":true,"href":"https:\/\/arantv.az\/index.php?rest_route=\/wp\/v2\/media\/461048"}],"wp:attachment":[{"href":"https:\/\/arantv.az\/index.php?rest_route=%2Fwp%2Fv2%2Fmedia&parent=454096"}],"wp:term":[{"taxonomy":"category","embeddable":true,"href":"https:\/\/arantv.az\/index.php?rest_route=%2Fwp%2Fv2%2Fcategories&post=454096"},{"taxonomy":"post_tag","embeddable":true,"href":"https:\/\/arantv.az\/index.php?rest_route=%2Fwp%2Fv2%2Ftags&post=454096"}],"curies":[{"name":"wp","href":"https:\/\/api.w.org\/{rel}","templated":true}]}}